{"id":256922,"date":"2025-07-18T17:51:10","date_gmt":"2025-07-18T17:51:10","guid":{"rendered":"https:\/\/www.europesays.com\/fr\/256922\/"},"modified":"2025-07-18T17:51:10","modified_gmt":"2025-07-18T17:51:10","slug":"pierre-hurmic-double-le-nombre-de-policiers-armes-pour-lutter-contre-linsecurite-a-bordeaux","status":"publish","type":"post","link":"https:\/\/www.europesays.com\/fr\/256922\/","title":{"rendered":"Pierre Hurmic double le nombre de policiers arm\u00e9s pour lutter contre l\u2019ins\u00e9curit\u00e9 \u00e0 Bordeaux"},"content":{"rendered":"<p>            Par<br \/>\n        <strong><br \/>\n            <a href=\"https:\/\/actu.fr\/auteur\/julian-doubax\" title=\"Consulter tous les articles de Julian Doubax\" rel=\"nofollow noopener\" target=\"_blank\">Julian Doubax<\/a><br \/>\n        <\/strong><\/p>\n<p>        Publi\u00e9 le<\/p>\n<p>            18 juil. 2025 \u00e0 18h46        <\/p>\n<p>\u00ab\u2009Il faut utiliser les outils que l\u2019on pense efficaces pour essayer de r\u00e9pondre \u00e0 un certain nombre de probl\u00e8mes\u2009\u00bb, pr\u00f4ne <strong>Pierre Hurmic<\/strong>, maire de Bordeaux, au sujet de <a href=\"https:\/\/actu.fr\/nouvelle-aquitaine\/bordeaux_33063\/armes-date-de-lancement-on-vous-dit-tout-sur-la-future-brigade-armee-de-la-police-municipale-a-bordeaux_62585212.html\" rel=\"nofollow noopener\" target=\"_blank\">l\u2019armement de la police municipale<\/a>. Le jeudi 17 juillet 2025, l\u2019\u00e9lu a rencontr\u00e9 les premiers agents de la brigade d\u2019appui et de s\u00e9curisation (BAS). Annonc\u00e9e par l\u2019\u00e9dile en<a href=\"https:\/\/actu.fr\/nouvelle-aquitaine\/bordeaux_33063\/police-municipale-a-bordeaux-pierre-hurmic-cree-une-brigade-speciale-dotee-d-armes-letales_61851970.html\" rel=\"nofollow noopener\" target=\"_blank\"> novembre dernier <\/a>et r\u00e9clam\u00e9e par <a href=\"https:\/\/actu.fr\/nouvelle-aquitaine\/bordeaux_33063\/securite-a-bordeaux-les-groupes-d-opposition-s-allient-pour-faire-pression-sur-pierre-hurmic_61751143.html\" rel=\"nofollow noopener\" target=\"_blank\">l\u2019opposition<\/a>, cette unit\u00e9 a bien pris forme. Depuis le 21\u00a0juin<strong>, quinze agents<\/strong> sont d\u00e9j\u00e0 sur le terrain et ils vont \u00eatre rejoints par douze autres policiers \u00e0 la fin de la semaine. Un projet qui prouve la d\u00e9termination du maire bordelais pour<strong> s\u00e9curiser le quotidien des habitants<\/strong>.<\/p>\n<p>57 agents arm\u00e9s d\u2019ici l\u2019automne<\/p>\n<p class=\" wall-content\">Le maire \u00e9cologiste a choisi d\u2019armer une partie de la police municipale pour r\u00e9pondre \u00e0 une <a href=\"https:\/\/actu.fr\/nouvelle-aquitaine\/bordeaux_33063\/les-bordelais-se-sentent-en-insecurite-la-delinquance-explose-t-elle-vraiment-a-bordeaux_62573695.html\" rel=\"nofollow noopener\" target=\"_blank\">forme d\u2019ins\u00e9curit\u00e9<\/a> dans la ville. \u00ab\u2009C\u2019est l\u2019\u00e9preuve du <strong>pouvoir<\/strong>, de la <strong>r\u00e9alit\u00e9<\/strong> et du <strong>terrain<\/strong>. Il faut marcher sur deux jambes\u2009: la pr\u00e9vention et la r\u00e9pression\u2009\u00bb, explique-t-il aux c\u00f4t\u00e9s des policiers de cette nouvelle brigade.<\/p>\n<p class=\" wall-content\">D\u00e9sormais, ce sont 27 agents qui vont sillonner les rues de Bordeaux avec des <strong>armes l\u00e9tales.<\/strong> D\u2019ici l\u2019automne, ils seront 57 au total dans cette unit\u00e9. Une brigade qui a connu un beau succ\u00e8s, selon lui, car \u00ab\u2009106 candidatures\u2009\u00bb ont \u00e9t\u00e9 enregistr\u00e9es. Une hausse g\u00e9n\u00e9rale des effectifs de la police municipale est aussi \u00e0 pr\u00e9voir. Actuellement, ils sont <strong>187<\/strong> \u00e0 Bordeaux et Pierre Hurmic en veut <strong>210<\/strong> d\u2019ici la fin de son mandat. L\u2019\u00e9lu le mart\u00e8le\u2009: \u00ab\u2009Plus de bleus dans les rues.\u2009\u00bb<\/p>\n<p>Une meilleure attractivit\u00e9<\/p>\n<p class=\" wall-content\">Outre l\u2019aspect s\u00e9curit\u00e9, l\u2019armement d\u2019une partie de la police municipale est un atout pour r\u00e9ussir \u00e0 <strong>recruter<\/strong> de nouvelles t\u00eates dans les effectifs. \u00ab\u2009C\u2019est un constat national. Nous avons vu que les villes qui recrutent le plus sont celles qui ont opt\u00e9 pour <strong>l\u2019armement<\/strong>. C\u2019\u00e9tait donc une condition \u00e0 remplir pour obtenir plus de policiers\u2009\u00bb, r\u00e9sume Pierre Hurmic.<\/p>\n<p>    <img   decoding=\"async\" loading=\"lazy\" src=\"https:\/\/www.europesays.com\/fr\/wp-content\/uploads\/2025\/07\/photo-1-5-960x640.jpeg\" alt=\"Pierre Hurmic lors de sa rencontre avec les agents de la BAS, le 17 juillet 2025. \" width=\"960\" height=\"640\"\/><br \/>\n    Pierre Hurmic lors de sa rencontre avec les agents de la BAS, le 17 juillet 2025. (\u00a9Julian Doubax)<\/p>\n<p class=\" wall-content\">D\u00e9sormais, ils sont donc \u00e9quip\u00e9s d\u2019un pistolet semi-automatique Glock 19, 9mm, attach\u00e9 \u00e0 la ceinture. Pour int\u00e9grer la brigade, ils ont suivi une formation de sept jours et demi, qui sera compl\u00e9t\u00e9 par deux formations chaque ann\u00e9e.<\/p>\n<p class=\" wall-content\">\u00c9videmment, cette arme ne sera pas utilis\u00e9e \u00e0 tort et \u00e0 travers. \u00ab\u2009Le pistolet est utilis\u00e9 pour se prot\u00e9ger en cas de <strong>l\u00e9gitime d\u00e9fense<\/strong>\u2009\u00bb, rappelle Samuel Dechoux, directeur de la police municipale de Bordeaux. Un nouvel outil de taille pour la ville o\u00f9 <a href=\"https:\/\/actu.fr\/nouvelle-aquitaine\/bordeaux_33063\/onze-maires-de-bordeaux-metropole-reclament-a-bruno-retailleau-de-prendre-une-mesure-forte-contre-l-insecurite_62854181.html\" rel=\"nofollow noopener\" target=\"_blank\">l\u2019ins\u00e9curit\u00e9<\/a> est parfois point\u00e9e du doigt.<\/p>\n<p class=\" wall-content\">Suivez toute l\u2019actualit\u00e9 de vos villes et m\u00e9dias favoris en vous inscrivant \u00e0 <a href=\"https:\/\/moncompte.actu.fr\" title=\"D\u00e9couvez Mon Actu\" rel=\"nofollow noopener\" data-trk=\"{&quot;cta&quot;:{&quot;action&quot;:&quot;https:\\\/\\\/moncompte.actu.fr&quot;,&quot;category&quot;:&quot;mon compte&quot;,&quot;from&quot;:&quot;article footer&quot;,&quot;name&quot;:&quot;Mon actu&quot;,&quot;type&quot;:&quot;cta&quot;}}\" target=\"_blank\">Mon Actu<\/a>.<\/p>\n","protected":false},"excerpt":{"rendered":"Par Julian Doubax Publi\u00e9 le 18 juil. 2025 \u00e0 18h46 \u00ab\u2009Il faut utiliser les outils que l\u2019on pense&hellip;\n","protected":false},"author":2,"featured_media":256923,"comment_status":"","ping_status":"","sticky":false,"template":"","format":"standard","meta":{"footnotes":""},"categories":[2817],"tags":[1111,11,1997,1777,674,1011,27,2825,12,2219,4860,1072,25,104],"class_list":{"0":"post-256922","1":"post","2":"type-post","3":"status-publish","4":"format-standard","5":"has-post-thumbnail","7":"category-bordeaux","8":"tag-actu","9":"tag-actualites","10":"tag-bordeaux","11":"tag-eu","12":"tag-europe","13":"tag-fr","14":"tag-france","15":"tag-insecurite","16":"tag-news","17":"tag-nouvelle-aquitaine","18":"tag-pierre-hurmic","19":"tag-police","20":"tag-republique-francaise","21":"tag-societe"},"share_on_mastodon":{"url":"https:\/\/pubeurope.com\/@fr\/114875510601284703","error":""},"_links":{"self":[{"href":"https:\/\/www.europesays.com\/fr\/wp-json\/wp\/v2\/posts\/256922","targetHints":{"allow":["GET"]}}],"collection":[{"href":"https:\/\/www.europesays.com\/fr\/wp-json\/wp\/v2\/posts"}],"about":[{"href":"https:\/\/www.europesays.com\/fr\/wp-json\/wp\/v2\/types\/post"}],"author":[{"embeddable":true,"href":"https:\/\/www.europesays.com\/fr\/wp-json\/wp\/v2\/users\/2"}],"replies":[{"embeddable":true,"href":"https:\/\/www.europesays.com\/fr\/wp-json\/wp\/v2\/comments?post=256922"}],"version-history":[{"count":0,"href":"https:\/\/www.europesays.com\/fr\/wp-json\/wp\/v2\/posts\/256922\/revisions"}],"wp:featuredmedia":[{"embeddable":true,"href":"https:\/\/www.europesays.com\/fr\/wp-json\/wp\/v2\/media\/256923"}],"wp:attachment":[{"href":"https:\/\/www.europesays.com\/fr\/wp-json\/wp\/v2\/media?parent=256922"}],"wp:term":[{"taxonomy":"category","embeddable":true,"href":"https:\/\/www.europesays.com\/fr\/wp-json\/wp\/v2\/categories?post=256922"},{"taxonomy":"post_tag","embeddable":true,"href":"https:\/\/www.europesays.com\/fr\/wp-json\/wp\/v2\/tags?post=256922"}],"curies":[{"name":"wp","href":"https:\/\/api.w.org\/{rel}","templated":true}]}}