{"id":256939,"date":"2025-07-18T18:02:09","date_gmt":"2025-07-18T18:02:09","guid":{"rendered":"https:\/\/www.europesays.com\/fr\/256939\/"},"modified":"2025-07-18T18:02:09","modified_gmt":"2025-07-18T18:02:09","slug":"un-an-apres-les-jeux-que-sont-devenus-les-athletes-normands","status":"publish","type":"post","link":"https:\/\/www.europesays.com\/fr\/256939\/","title":{"rendered":"Un an apr\u00e8s les Jeux, que sont devenus les athl\u00e8tes normands\u00a0?"},"content":{"rendered":"<p>            Par<br \/>\n        <strong><br \/>\n            <a href=\"https:\/\/actu.fr\/auteur\/alexandre-gourlaouen\" title=\"Consulter tous les articles de Alexandre Gourlaouen\" target=\"_blank\" rel=\"noopener\">Alexandre Gourlaouen<\/a><br \/>\n        <\/strong><\/p>\n<p>        Publi\u00e9 le<\/p>\n<p>            18 juil. 2025 \u00e0 18h00<br \/>\n        ; mis \u00e0 jour le 18 juil. 2025 \u00e0 18h10    <\/p>\n<p>C\u2019\u00e9tait il y a d\u00e9j\u00e0 un an. Les Jeux Olympiques de Paris ont eu <b>l\u2019effet d\u2019une parenth\u00e8se enchant\u00e9e<\/b> lors de l\u2019\u00e9t\u00e9 2024. Un an plus tard, quelles sont <b>les \u00e9ch\u00e9ances des athl\u00e8tes normands\u2009?<\/b> Tour d\u2019horizon.<\/p>\n<p>Flavie Renouard, athl\u00e8te de la team Nike<\/p>\n<p class=\" wall-content\">Apr\u00e8s avoir pris part <b>\u00e0 ses premiers Jeux Olympiques<\/b>, Flavie Renouard est retourn\u00e9e aux comp\u00e9titions plus classiques. Meeting de Paris, Championnats d\u2019Europe\u2026 la Caennaise de 24\u00a0ans est toujours aussi occup\u00e9e. D\u00e9sormais, elle fait partie des athl\u00e8tes <b>li\u00e9s \u00e0 la marque am\u00e9ricaine Nike.<\/b><\/p>\n<p class=\" wall-content\">Mais une grosse frayeur l\u2019a saisi quand lors du meeting d\u2019Oslo le 12\u00a0juin 2025 quand <b>elle chute \u00e0 deux reprises<\/b> sur le 3\u2009000m steeple. <b>Victime d\u2019une commotion c\u00e9r\u00e9brale<\/b>, elle \u00e9tait tout de m\u00eame sur la piste du stade Charlety une semaine plus tard <b>pour le meeting de Paris.<\/b><\/p>\n<p>Julien Epaillard champion du monde, Lacroix-Desmazes maintenu en Nation League<\/p>\n<p class=\" wall-content\">M\u00e9daill\u00e9 de bronze par \u00e9quipe \u00e0 Paris, Julien Epaillard est toujours <b>un membre important de l\u2019\u00c9quipe de France.<\/b> Il est m\u00eame devenu <b>champion du monde de saut d\u2019obstacles<\/b> pour la premi\u00e8re fois en avril\u00a02025 \u00e0 B\u00e2le (Suisse). Mais la saison n\u2019est pas termin\u00e9e puisqu\u2019il est en ce moment \u00e0 La Corogne (Espagne) <b>pour les Championnats d\u2019Europe<\/b> o\u00f9 il vise une nouvelle m\u00e9daille.<\/p>\n<p class=\" wall-content\">Benjamin Lacroix-Desmazes lui, est revenu \u00e0 Caen du 27 au 29\u00a0juin 2025 <b>pour la Silver Nation League de volley assis<\/b> qui a eu lieu \u00e0 l\u2019ancien Palais des Sports. Le capitaine de l\u2019\u00c9quipe de France <b>a tenu son rang<\/b> et les Bleus ont d\u00e9croch\u00e9 leur maintien en s\u2019imposant notamment face \u00e0 l\u2019Italie et les Pays-Bas.<\/p>\n<p>Johann Lepenant et Marine Johann\u00e8s de retour en forme<\/p>\n<p class=\" wall-content\">Les deux m\u00e9daill\u00e9s d\u2019argent lors des Jeux de Paris 2024 (football et basket) ont v\u00e9cu <b>une ann\u00e9e pleine de succ\u00e8s.<\/b> Johann Lepenant a livr\u00e9 une saison plus que satisfaisante. Convaincu, le FC Nantes a ainsi lev\u00e9 l\u2019option d\u2019achat qui rattachait le joueur \u00e0 l\u2019Olympique Lyonnais <b>pour s\u2019offrir ses services jusqu\u2019en 2029.<\/b><\/p>\n<p class=\" wall-content\">De son c\u00f4t\u00e9, Marine Johann\u00e8s aussi a connu pas mal de succ\u00e8s. Avec Mersin tout d\u2019abord, o\u00f9 la native de Lisieux<b> a d\u00e9croch\u00e9 le titre en Coupe de Turquie<\/b> en mai dernier. Dans la foul\u00e9e, l\u2019ancienne joueuse de l\u2019USO Mondeville a \u00e9t\u00e9 <b>rappel\u00e9e par le New-York Liberty en WNBA<\/b> (USA) et r\u00e9alise un tr\u00e8s bon d\u00e9but de saison outre-atlantique. Elle retrouvera l\u2019Europe \u00e0 l\u2019issue de la saison am\u00e9ricaine \u00e0 Galatasaray (Turquie). Dans la m\u00eame discipline, Nicolas Batum <b>poursuit sa longue et belle carri\u00e8re en NBA<\/b> (USA). Lui aussi m\u00e9daill\u00e9 d\u2019argent \u00e0 Paris, il a sign\u00e9 <b>un nouveau contrat de deux ans avec les Los Angeles Clippers.<\/b><\/p>\n<p class=\" wall-content\">Tous ces athl\u00e8tes <b>ont port\u00e9 haut les couleurs de la Normandie<\/b> lors des derniers Jeux Olympiques, et continuent de le faire depuis. Certains pourraient d\u2019ailleurs <b>prendre part \u00e0 la prochaine olympiade \u00e0 Los Angeles en 2028.<\/b><\/p>\n<p class=\" wall-content\">Suivez toute l\u2019actualit\u00e9 de vos villes et m\u00e9dias favoris en vous inscrivant \u00e0 <a href=\"https:\/\/moncompte.actu.fr\" title=\"D\u00e9couvez Mon Actu\" rel=\"nofollow noopener\" data-trk=\"{&quot;cta&quot;:{&quot;action&quot;:&quot;https:\\\/\\\/moncompte.actu.fr&quot;,&quot;category&quot;:&quot;mon compte&quot;,&quot;from&quot;:&quot;article footer&quot;,&quot;name&quot;:&quot;Mon actu&quot;,&quot;type&quot;:&quot;cta&quot;}}\" target=\"_blank\">Mon Actu<\/a>.<\/p>\n","protected":false},"excerpt":{"rendered":"Par Alexandre Gourlaouen Publi\u00e9 le 18 juil. 2025 \u00e0 18h00 ; mis \u00e0 jour le 18 juil. 2025&hellip;\n","protected":false},"author":2,"featured_media":256940,"comment_status":"","ping_status":"","sticky":false,"template":"","format":"standard","meta":{"footnotes":""},"categories":[1888],"tags":[1111,1928,11,1927,1777,674,1011,27,12,1926,626,1925,25,1745,60,266,16511],"class_list":{"0":"post-256939","1":"post","2":"type-post","3":"status-publish","4":"format-standard","5":"has-post-thumbnail","7":"category-paris","8":"tag-actu","9":"tag-actu-paris","10":"tag-actualites","11":"tag-actualites-paris","12":"tag-eu","13":"tag-europe","14":"tag-fr","15":"tag-france","16":"tag-news","17":"tag-news-paris","18":"tag-paris","19":"tag-paris-news","20":"tag-republique-francaise","21":"tag-sport-caen","22":"tag-sports","23":"tag-stade-malherbe-de-caen","24":"tag-uso-mondeville"},"share_on_mastodon":{"url":"https:\/\/pubeurope.com\/@fr\/114875553820158276","error":""},"_links":{"self":[{"href":"https:\/\/www.europesays.com\/fr\/wp-json\/wp\/v2\/posts\/256939","targetHints":{"allow":["GET"]}}],"collection":[{"href":"https:\/\/www.europesays.com\/fr\/wp-json\/wp\/v2\/posts"}],"about":[{"href":"https:\/\/www.europesays.com\/fr\/wp-json\/wp\/v2\/types\/post"}],"author":[{"embeddable":true,"href":"https:\/\/www.europesays.com\/fr\/wp-json\/wp\/v2\/users\/2"}],"replies":[{"embeddable":true,"href":"https:\/\/www.europesays.com\/fr\/wp-json\/wp\/v2\/comments?post=256939"}],"version-history":[{"count":0,"href":"https:\/\/www.europesays.com\/fr\/wp-json\/wp\/v2\/posts\/256939\/revisions"}],"wp:featuredmedia":[{"embeddable":true,"href":"https:\/\/www.europesays.com\/fr\/wp-json\/wp\/v2\/media\/256940"}],"wp:attachment":[{"href":"https:\/\/www.europesays.com\/fr\/wp-json\/wp\/v2\/media?parent=256939"}],"wp:term":[{"taxonomy":"category","embeddable":true,"href":"https:\/\/www.europesays.com\/fr\/wp-json\/wp\/v2\/categories?post=256939"},{"taxonomy":"post_tag","embeddable":true,"href":"https:\/\/www.europesays.com\/fr\/wp-json\/wp\/v2\/tags?post=256939"}],"curies":[{"name":"wp","href":"https:\/\/api.w.org\/{rel}","templated":true}]}}