{"id":256945,"date":"2025-07-18T18:05:11","date_gmt":"2025-07-18T18:05:11","guid":{"rendered":"https:\/\/www.europesays.com\/fr\/256945\/"},"modified":"2025-07-18T18:05:11","modified_gmt":"2025-07-18T18:05:11","slug":"ca-cree-de-langoisse-a-paris-lanimateur-dune-ecole-soupconne-davoir-filme-des-enfants-a-leur-insu","status":"publish","type":"post","link":"https:\/\/www.europesays.com\/fr\/256945\/","title":{"rendered":"\u00ab\u00a0\u00c7a cr\u00e9e de l\u2019angoisse\u00a0\u00bb\u00a0: \u00e0 Paris, l\u2019animateur d\u2019une \u00e9cole soup\u00e7onn\u00e9 d\u2019avoir film\u00e9 des enfants \u00e0 leur insu"},"content":{"rendered":"<p class=\"paragraph text_align_left lp-f-body-02\">\u00ab On est choqu\u00e9s, tous simplement. \u00bb Depuis lundi, les parents d\u2019\u00e9l\u00e8ves de l\u2019\u00e9cole primaire Reuilly B encaissent tant bien que mal la nouvelle. Dans un article qui a fait l\u2019effet d\u2019une v\u00e9ritable bombe, <a href=\"https:\/\/www.mediapart.fr\/journal\/france\/140725\/il-filmait-femmes-et-enfants-leur-insu-paris-les-ordinateurs-d-un-animateur-recemment-decede-remis-la-just\" target=\"_self\" rel=\"nofollow noopener\">Mediapart r\u00e9v\u00e9lait le 14 juillet<\/a> dernier que des dizaines et des dizaines d\u2019images \u00e0 caract\u00e8re p\u00e9dopornographiques avaient \u00e9t\u00e9 d\u00e9couvertes sur l\u2019ordinateur d\u2019un animateur p\u00e9riscolaire de cet \u00e9tablissement du XIIe arrondissement de Paris, d\u00e9c\u00e9d\u00e9 quelques semaines plus t\u00f4t d\u2019une maladie.<\/p>\n<p class=\"paragraph text_align_left lp-f-body-02\">Le m\u00e9dia raconte que c\u2019est en voulant rendre hommage \u00e0 cet animateur \u2015 chanteur de reggae par ailleurs \u2015 que ses amis ont d\u00e9couvert l\u2019horreur. En cherchant des morceaux sur son ordinateur, ces derniers sont tomb\u00e9s sur des masses <a href=\"https:\/\/www.leparisien.fr\/faits-divers\/il-prenait-des-images-sous-les-jupes-de-ses-collaboratrices-un-avocat-parisien-condamne-pour-voyeurisme-27-10-2023-E2Y47TAK55B2HOEOVG6E4WOWCQ.php\" target=\"_self\" rel=\"nofollow noopener\">d\u2019images capt\u00e9es \u00e0 l\u2019insu de femmes et d\u2019enfants<\/a>.<\/p>\n","protected":false},"excerpt":{"rendered":"\u00ab On est choqu\u00e9s, tous simplement. \u00bb Depuis lundi, les parents d\u2019\u00e9l\u00e8ves de l\u2019\u00e9cole primaire Reuilly B encaissent&hellip;\n","protected":false},"author":2,"featured_media":256946,"comment_status":"","ping_status":"","sticky":false,"template":"","format":"standard","meta":{"footnotes":""},"categories":[1888],"tags":[11,1777,674,118,1011,27,1944,12,626,25],"class_list":{"0":"post-256945","1":"post","2":"type-post","3":"status-publish","4":"format-standard","5":"has-post-thumbnail","7":"category-paris","8":"tag-actualites","9":"tag-eu","10":"tag-europe","11":"tag-faits-divers","12":"tag-fr","13":"tag-france","14":"tag-ma-ville","15":"tag-news","16":"tag-paris","17":"tag-republique-francaise"},"share_on_mastodon":{"url":"https:\/\/pubeurope.com\/@fr\/114875565734594551","error":""},"_links":{"self":[{"href":"https:\/\/www.europesays.com\/fr\/wp-json\/wp\/v2\/posts\/256945","targetHints":{"allow":["GET"]}}],"collection":[{"href":"https:\/\/www.europesays.com\/fr\/wp-json\/wp\/v2\/posts"}],"about":[{"href":"https:\/\/www.europesays.com\/fr\/wp-json\/wp\/v2\/types\/post"}],"author":[{"embeddable":true,"href":"https:\/\/www.europesays.com\/fr\/wp-json\/wp\/v2\/users\/2"}],"replies":[{"embeddable":true,"href":"https:\/\/www.europesays.com\/fr\/wp-json\/wp\/v2\/comments?post=256945"}],"version-history":[{"count":0,"href":"https:\/\/www.europesays.com\/fr\/wp-json\/wp\/v2\/posts\/256945\/revisions"}],"wp:featuredmedia":[{"embeddable":true,"href":"https:\/\/www.europesays.com\/fr\/wp-json\/wp\/v2\/media\/256946"}],"wp:attachment":[{"href":"https:\/\/www.europesays.com\/fr\/wp-json\/wp\/v2\/media?parent=256945"}],"wp:term":[{"taxonomy":"category","embeddable":true,"href":"https:\/\/www.europesays.com\/fr\/wp-json\/wp\/v2\/categories?post=256945"},{"taxonomy":"post_tag","embeddable":true,"href":"https:\/\/www.europesays.com\/fr\/wp-json\/wp\/v2\/tags?post=256945"}],"curies":[{"name":"wp","href":"https:\/\/api.w.org\/{rel}","templated":true}]}}