{"id":256947,"date":"2025-07-18T18:06:10","date_gmt":"2025-07-18T18:06:10","guid":{"rendered":"https:\/\/www.europesays.com\/fr\/256947\/"},"modified":"2025-07-18T18:06:10","modified_gmt":"2025-07-18T18:06:10","slug":"lue-adopte-un-18e-paquet-de-sanctions-contre-la-russie-et-cible-son-petrole-liberation","status":"publish","type":"post","link":"https:\/\/www.europesays.com\/fr\/256947\/","title":{"rendered":"l\u2019UE adopte un 18e paquet de sanctions contre la Russie et cible son p\u00e9trole \u2013 Lib\u00e9ration"},"content":{"rendered":"<p class=\"sc-ksZaOG ehjQrN text-element\">L\u2019objectif est d\u2019asphyxier la capacit\u00e9 financi\u00e8re du Kremlin, qui a <a href=\"https:\/\/www.liberation.fr\/international\/europe\/en-ukraine-la-russie-matraque-depuis-le-ciel-mais-ne-perce-pas-au-sol-20250709_SIMFUK4FUZCWTF7ZJI23PT7W64\/\" target=\"_blank\" rel=\"noreferrer nofollow noopener\" title=\"https:\/\/www.liberation.fr\/international\/europe\/en-ukraine-la-russie-matraque-depuis-le-ciel-mais-ne-perce-pas-au-sol-20250709_SIMFUK4FUZCWTF7ZJI23PT7W64\/\">intensifi\u00e9 ses bombardements sur l\u2019Ukraine<\/a>. L\u2019UE a adopt\u00e9 ce vendredi 18 juillet un 18e paquet de sanctions visant la Russie en guerre. L\u2019accord pr\u00e9voit un abaissement du prix du p\u00e9trole russe autoris\u00e9 \u00e0 l\u2019exportation. Il est d\u00e9sormais fix\u00e9 \u00e0 un peu plus de 45 dollars le baril, soit 15 % de moins que le prix moyen du baril russe sur le march\u00e9. Le seuil \u00e9tait jusqu\u2019\u00e0 pr\u00e9sent fix\u00e9 \u00e0 60 dollars le baril, un prix jug\u00e9 trop \u00e9lev\u00e9, compte tenu du niveau actuel des prix du p\u00e9trole sur le march\u00e9.<\/p>\n<p class=\"sc-ksZaOG ehjQrN text-element\">Selon l\u2019estonienne Kajas Kallas, le seuil de 60 dollars avait pourtant permis de r\u00e9duire de 30 % <a href=\"https:\/\/www.liberation.fr\/economie\/transports\/impossible-de-savoir-ce-quil-se-passe-a-linterieur-au-large-des-cotes-francaises-un-tanker-transportant-du-petrole-russe-est-fige-depuis-deux-mois-20250702_U67HTDOLT5ETLM3OCPNI3NFKXA\/\" target=\"_blank\" rel=\"noreferrer nofollow noopener\" title=\"https:\/\/www.liberation.fr\/economie\/transports\/impossible-de-savoir-ce-quil-se-passe-a-linterieur-au-large-des-cotes-francaises-un-tanker-transportant-du-petrole-russe-est-fige-depuis-deux-mois-20250702_U67HTDOLT5ETLM3OCPNI3NFKXA\/\">les revenus p\u00e9troliers russes<\/a>, essentiels au financement du conflit.<\/p>\n<p class=\"sc-ksZaOG ehjQrN text-element\">Si les prix devaient continuer \u00e0 baisser sur le march\u00e9, le nouveau m\u00e9canisme suivrait le mouvement avec toujours 15 % d\u2019\u00e9cart, <a href=\"https:\/\/www.liberation.fr\/international\/europe\/face-a-linefficacite-du-plafonnement-du-petrole-russe-les-occidentaux-cherchent-la-parade-20231117_6W7RZLFYIBFMRPH37V4K32BBY4\/\" target=\"_blank\" rel=\"noreferrer nofollow noopener\" title=\"https:\/\/www.liberation.fr\/international\/europe\/face-a-linefficacite-du-plafonnement-du-petrole-russe-les-occidentaux-cherchent-la-parade-20231117_6W7RZLFYIBFMRPH37V4K32BBY4\/\">jug\u00e9 plus souple et efficace que le pr\u00e9c\u00e9dent<\/a>. En outre, les Europ\u00e9ens esp\u00e8rent toujours rallier les Etats-Unis, peu enclins jusqu\u2019\u00e0 pr\u00e9sent \u00e0 fixer un nouveau seuil apr\u00e8s l\u2019accord conclu au G7 sur un prix de 60 dollars.<\/p>\n<p class=\"sc-ksZaOG ehjQrN text-element\">En fixant un prix maximum, les Occidentaux esp\u00e8rent limiter la manne financi\u00e8re dont b\u00e9n\u00e9ficie la Russie pour poursuivre sa guerre contre l\u2019Ukraine. L\u2019UE \u00abmaintiendra la pression jusqu\u2019\u00e0 ce que la Russie arr\u00eate sa guerre\u00bb, a assur\u00e9 la chef de la diplomatie europ\u00e9enne.<\/p>\n<p class=\"sc-ksZaOG ehjQrN text-element\">\u00abL\u2019Union europ\u00e9enne vient d\u2019adopter l\u2019un des paquets de sanctions les plus s\u00e9v\u00e8res contre la Russie \u00e0 ce jour\u00bb, a salu\u00e9 la cheffe de la diplomatie europ\u00e9enne Kaja Kallas. Des mesures \u00absans pr\u00e9c\u00e9dent\u00bb <a href=\"https:\/\/www.liberation.fr\/international\/europe\/apres-trois-ans-de-guerre-en-ukraine-lue-reste-toujours-dependante-du-gaz-russe-20250521_744BTGD2RZFF3NSC6Y7VRNAVUA\/\" target=\"_blank\" rel=\"noreferrer nofollow noopener\" title=\"https:\/\/www.liberation.fr\/international\/europe\/apres-trois-ans-de-guerre-en-ukraine-lue-reste-toujours-dependante-du-gaz-russe-20250521_744BTGD2RZFF3NSC6Y7VRNAVUA\/\">contre Moscou et ses soutiens<\/a>, a pour sa part salu\u00e9 la France. \u00abAvec les Etats-Unis, nous contraindrons Vladimir Poutine \u00e0 un cessez-le-feu\u00bb en Ukraine, a \u00e9crit sur X le ministre fran\u00e7ais des Affaires \u00e9trang\u00e8res Jean-No\u00ebl Barrot.<\/p>\n<p class=\"sc-ksZaOG ehjQrN text-element\">La Slovaquie, qui bloquait jusqu\u2019\u00e0 pr\u00e9sent cet accord, a finalement accept\u00e9 de lever son veto apr\u00e8s avoir re\u00e7u des garanties. Bratislava faisait en effet pression sur la Commission europ\u00e9enne afin qu\u2019elle lui garantisse son approvisionnement en gaz, au moment o\u00f9 l\u2019UE cherche justement \u00e0 interrompre totalement ses importations de gaz russe d\u2019ici \u00e0 2027.<\/p>\n","protected":false},"excerpt":{"rendered":"L\u2019objectif est d\u2019asphyxier la capacit\u00e9 financi\u00e8re du Kremlin, qui a intensifi\u00e9 ses bombardements sur l\u2019Ukraine. L\u2019UE a adopt\u00e9&hellip;\n","protected":false},"author":2,"featured_media":256948,"comment_status":"","ping_status":"","sticky":false,"template":"","format":"standard","meta":{"footnotes":""},"categories":[1591],"tags":[11,1887,12,1885,1886,132,220,297,364],"class_list":{"0":"post-256947","1":"post","2":"type-post","3":"status-publish","4":"format-standard","5":"has-post-thumbnail","7":"category-russie","8":"tag-actualites","9":"tag-federation-de-russie","10":"tag-news","11":"tag-russia","12":"tag-russian-federation","13":"tag-russie","14":"tag-ukraine","15":"tag-ukraine-la-crise","16":"tag-union-europeenne"},"share_on_mastodon":{"url":"https:\/\/pubeurope.com\/@fr\/114875569474523337","error":""},"_links":{"self":[{"href":"https:\/\/www.europesays.com\/fr\/wp-json\/wp\/v2\/posts\/256947","targetHints":{"allow":["GET"]}}],"collection":[{"href":"https:\/\/www.europesays.com\/fr\/wp-json\/wp\/v2\/posts"}],"about":[{"href":"https:\/\/www.europesays.com\/fr\/wp-json\/wp\/v2\/types\/post"}],"author":[{"embeddable":true,"href":"https:\/\/www.europesays.com\/fr\/wp-json\/wp\/v2\/users\/2"}],"replies":[{"embeddable":true,"href":"https:\/\/www.europesays.com\/fr\/wp-json\/wp\/v2\/comments?post=256947"}],"version-history":[{"count":0,"href":"https:\/\/www.europesays.com\/fr\/wp-json\/wp\/v2\/posts\/256947\/revisions"}],"wp:featuredmedia":[{"embeddable":true,"href":"https:\/\/www.europesays.com\/fr\/wp-json\/wp\/v2\/media\/256948"}],"wp:attachment":[{"href":"https:\/\/www.europesays.com\/fr\/wp-json\/wp\/v2\/media?parent=256947"}],"wp:term":[{"taxonomy":"category","embeddable":true,"href":"https:\/\/www.europesays.com\/fr\/wp-json\/wp\/v2\/categories?post=256947"},{"taxonomy":"post_tag","embeddable":true,"href":"https:\/\/www.europesays.com\/fr\/wp-json\/wp\/v2\/tags?post=256947"}],"curies":[{"name":"wp","href":"https:\/\/api.w.org\/{rel}","templated":true}]}}