{"id":256955,"date":"2025-07-18T18:10:18","date_gmt":"2025-07-18T18:10:18","guid":{"rendered":"https:\/\/www.europesays.com\/fr\/256955\/"},"modified":"2025-07-18T18:10:18","modified_gmt":"2025-07-18T18:10:18","slug":"lallemagne-expulse-pres-de-81-afghans","status":"publish","type":"post","link":"https:\/\/www.europesays.com\/fr\/256955\/","title":{"rendered":"L\u2019Allemagne expulse pr\u00e8s de 81 Afghans"},"content":{"rendered":"<p>Berlin change de ton concernant l\u2019immigration. Les Afghans expuls\u00e9s ont \u00e9t\u00e9 condamn\u00e9s par la justice allemande.<\/p>\n<p class=\"text\">Le gouvernement allemand a proc\u00e9d\u00e9 vendredi \u00e0 l\u2019expulsion de 81 Afghans condamn\u00e9s par la justice, nouveau signal du durcissement de la politique migratoire op\u00e9r\u00e9 par le chancelier Friedrich Merz. Le vol a d\u00e9coll\u00e9 en direction de l\u2019Afghanistan avec \u00e0 son bord des hommes \u00absoumis \u00e0 une d\u00e9cision d\u2019expulsion et qui ont d\u00e9j\u00e0 \u00e9t\u00e9 condamn\u00e9s par la justice p\u00e9nale\u00bb, a annonc\u00e9 le minist\u00e8re de l\u2019Int\u00e9rieur.<\/p>\n<p class=\"text\">Il s\u2019agit de la seconde op\u00e9ration de ce type depuis l\u2019\u00e9t\u00e9 dernier, la premi\u00e8re depuis l\u2019entr\u00e9e en fonction de la coalition entre conservateurs et sociaux-d\u00e9mocrates dirig\u00e9e par Friedrich Merz. Les expulsions vers l\u2019Afghanistan sont controvers\u00e9es en raison du retour au pouvoir des talibans en ao\u00fbt 2021, autorit\u00e9 que le gouvernement allemand ne reconna\u00eet pas et avec laquelle il n\u2019entretient pas de relations diplomatiques. Comme d\u2019autres dirigeants europ\u00e9ens, Friedrich Merz souhaite restreindre l\u2019accueil des demandeurs d\u2019asile dans un contexte de progression de l\u2019extr\u00eame droite \u00e0 travers le continent.<\/p>\n<p><strong>Coup de main de la part du Quatar<\/strong><\/p>\n<p class=\"text\">Cette op\u00e9ration d\u2019expulsion intervient alors que le gouvernement allemand accueille vendredi, dans le sud du pays, les ministres de l\u2019Int\u00e9rieur de cinq pays de l\u2019UE d\u00e9sireux de durcir la politique d\u2019immigration, ainsi que le commissaire europ\u00e9en charg\u00e9 des affaires int\u00e9rieures. Les renvois de d\u00e9linquants afghans vers leurs pays \u00abdoivent pouvoir se poursuivre \u00e0 l\u2019avenir. Les auteurs d\u2019infractions graves n\u2019ont pas le droit de s\u00e9journer dans notre pays\u00bb, a affirm\u00e9 vendredi le minist\u00e8re allemand de l\u2019Int\u00e9rieur Alexander Dobrindt.<\/p>\n<p class=\"text\">Le pr\u00e9c\u00e9dent gouvernement dirig\u00e9 par le social-d\u00e9mocrate Olaf Scholz avait expuls\u00e9, le 30 ao\u00fbt 2024, un groupe de 28 Afghans condamn\u00e9s pour crimes, une premi\u00e8re depuis le retour au pouvoir des talibans. L\u2019op\u00e9ration men\u00e9e vendredi a pu se d\u00e9rouler gr\u00e2ce \u00e0 l\u2019entremise du Qatar, a pr\u00e9cis\u00e9 le minist\u00e8re de l\u2019Int\u00e9rieur. Mais Berlin avait indiqu\u00e9 r\u00e9cemment envisager de n\u00e9gocier directement avec les autorit\u00e9s talibanes pour faciliter l\u2019expulsion de d\u00e9linquants afghans.<\/p>\n","protected":false},"excerpt":{"rendered":"Berlin change de ton concernant l\u2019immigration. Les Afghans expuls\u00e9s ont \u00e9t\u00e9 condamn\u00e9s par la justice allemande. Le gouvernement&hellip;\n","protected":false},"author":2,"featured_media":256956,"comment_status":"","ping_status":"","sticky":false,"template":"","format":"standard","meta":{"footnotes":""},"categories":[1587],"tags":[11,672,1804,1805,1803,1777,674,1801,12,1802],"class_list":{"0":"post-256955","1":"post","2":"type-post","3":"status-publish","4":"format-standard","5":"has-post-thumbnail","7":"category-allemagne","8":"tag-actualites","9":"tag-allemagne","10":"tag-bundesrepublik-deutschland","11":"tag-de","12":"tag-deutschland","13":"tag-eu","14":"tag-europe","15":"tag-germany","16":"tag-news","17":"tag-republique-federale-dallemagne"},"share_on_mastodon":{"url":"https:\/\/pubeurope.com\/@fr\/114875585187189681","error":""},"_links":{"self":[{"href":"https:\/\/www.europesays.com\/fr\/wp-json\/wp\/v2\/posts\/256955","targetHints":{"allow":["GET"]}}],"collection":[{"href":"https:\/\/www.europesays.com\/fr\/wp-json\/wp\/v2\/posts"}],"about":[{"href":"https:\/\/www.europesays.com\/fr\/wp-json\/wp\/v2\/types\/post"}],"author":[{"embeddable":true,"href":"https:\/\/www.europesays.com\/fr\/wp-json\/wp\/v2\/users\/2"}],"replies":[{"embeddable":true,"href":"https:\/\/www.europesays.com\/fr\/wp-json\/wp\/v2\/comments?post=256955"}],"version-history":[{"count":0,"href":"https:\/\/www.europesays.com\/fr\/wp-json\/wp\/v2\/posts\/256955\/revisions"}],"wp:featuredmedia":[{"embeddable":true,"href":"https:\/\/www.europesays.com\/fr\/wp-json\/wp\/v2\/media\/256956"}],"wp:attachment":[{"href":"https:\/\/www.europesays.com\/fr\/wp-json\/wp\/v2\/media?parent=256955"}],"wp:term":[{"taxonomy":"category","embeddable":true,"href":"https:\/\/www.europesays.com\/fr\/wp-json\/wp\/v2\/categories?post=256955"},{"taxonomy":"post_tag","embeddable":true,"href":"https:\/\/www.europesays.com\/fr\/wp-json\/wp\/v2\/tags?post=256955"}],"curies":[{"name":"wp","href":"https:\/\/api.w.org\/{rel}","templated":true}]}}