{"id":256959,"date":"2025-07-18T18:12:15","date_gmt":"2025-07-18T18:12:15","guid":{"rendered":"https:\/\/www.europesays.com\/fr\/256959\/"},"modified":"2025-07-18T18:12:15","modified_gmt":"2025-07-18T18:12:15","slug":"lue-obtient-des-engagements-du-fabricant-americain-de-verre-corning","status":"publish","type":"post","link":"https:\/\/www.europesays.com\/fr\/256959\/","title":{"rendered":"l&rsquo;UE obtient des engagements du fabricant am\u00e9ricain de verre Corning"},"content":{"rendered":"<p class=\"fig-paragraph\">L&rsquo;Union europ\u00e9enne a annonc\u00e9 vendredi avoir accept\u00e9 les engagements du groupe am\u00e9ricain\u00a0<a href=\"http:\/\/www.lefigaro.fr\/flash-eco\/technologies-enquete-de-bruxelles-ciblant-l-americain-corning-pour-un-possible-abus-de-position-dominante-20241106\" data-fig-type=\"NewsFlash\" data-gtm-custom-categorie=\"navigation\" data-gtm-custom-action=\"crossclick\" data-gtm-custom-label=\"Contextuel\" data-gtm-event=\"customEventSPE\" data-fig-domain=\"LEFIGARO\" target=\"_blank\" rel=\"noopener\">Corning<\/a>, sp\u00e9cialis\u00e9 dans la fabrication de verre de protection des t\u00e9l\u00e9phones portables et les tablettes, qui risquait une \u00e9ventuelle amende pour pratiques anticoncurrentielles. La Commission europ\u00e9enne avait ouvert une enqu\u00eate en novembre dernier craignant que l&rsquo;entreprise ait abus\u00e9 de sa position dominante et fauss\u00e9 la concurrence en concluant des accords de fourniture exclusive avec des fabricants de t\u00e9l\u00e9phones et des entreprises de transformation du verre.<\/p>\n<p class=\"fig-paragraph\">\u00abCorning s&rsquo;est engag\u00e9 \u00e0 cesser tout comportement susceptible d&#8217;emp\u00eacher ses rivaux d&rsquo;exercer une concurrence effective sur le march\u00e9 du verre de couverture utilis\u00e9 dans les smartphones et autres appareils portables\u00bb, a d\u00e9clar\u00e9 Teresa Ribera, vice-pr\u00e9sidente ex\u00e9cutive de la Commission europ\u00e9enne, en charge de la concurrence, cit\u00e9e dans un communiqu\u00e9. \u00abCela ouvre ce march\u00e9 et permet de garantir que les consommateurs b\u00e9n\u00e9ficient de prix bas et d&rsquo;un verre de protection de haute qualit\u00e9\u00bb, a-t-elle poursuivi.<\/p>\n<p>                                    <a class=\"fig-a11y-skip a11y-hidden\" href=\"#fig-a11y-skip-main-inarticle\"><br \/>\n        Passer la publicit\u00e9<br \/>\n    <\/a><\/p>\n<p class=\"fig-paragraph\">Les engagements, qui sont d\u00e9sormais juridiquement contraignants, comprennent la promesse de renoncer \u00e0 toutes les clauses d&rsquo;exclusivit\u00e9 avec les fabricants de t\u00e9l\u00e9phones et les entreprises de traitement du verre brut. Corning, qui compte pour clients notamment Apple, n&rsquo;exigera pas non plus des fabricants de t\u00e9l\u00e9phones qu&rsquo;ils lui ach\u00e8tent une quantit\u00e9 sp\u00e9cifique de son verre, qui est principalement vendu sous la marque \u00abGorilla Glass\u00bb, et \u00abne conditionnera aucun avantage de prix\u00bb \u00e0 des exigences d&rsquo;approvisionnement dans les 30 pays de l&rsquo;Espace \u00e9conomique europ\u00e9en.<\/p>\n<p class=\"fig-paragraph\">La Commission a assur\u00e9 que ces engagements, qui resteront en vigueur pendant neuf ans, \u00abr\u00e9pondent \u00e0 ses pr\u00e9occupations en mati\u00e8re de concurrence\u00bb. Dans le cas o\u00f9 Corning ne les respectait pas, il risquerait une amende pouvant atteindre 10% de son chiffre d&rsquo;affaires annuel.<\/p>\n","protected":false},"excerpt":{"rendered":"L&rsquo;Union europ\u00e9enne a annonc\u00e9 vendredi avoir accept\u00e9 les engagements du groupe am\u00e9ricain\u00a0Corning, sp\u00e9cialis\u00e9 dans la fabrication de verre&hellip;\n","protected":false},"author":2,"featured_media":256960,"comment_status":"","ping_status":"","sticky":false,"template":"","format":"standard","meta":{"footnotes":""},"categories":[1586],"tags":[11,257,1777,674,1779,1011,27,12,25,1778,364],"class_list":{"0":"post-256959","1":"post","2":"type-post","3":"status-publish","4":"format-standard","5":"has-post-thumbnail","7":"category-europe","8":"tag-actualites","9":"tag-entreprise","10":"tag-eu","11":"tag-europe","12":"tag-european-union","13":"tag-fr","14":"tag-france","15":"tag-news","16":"tag-republique-francaise","17":"tag-ue","18":"tag-union-europeenne"},"share_on_mastodon":{"url":"https:\/\/pubeurope.com\/@fr\/114875593124932970","error":""},"_links":{"self":[{"href":"https:\/\/www.europesays.com\/fr\/wp-json\/wp\/v2\/posts\/256959","targetHints":{"allow":["GET"]}}],"collection":[{"href":"https:\/\/www.europesays.com\/fr\/wp-json\/wp\/v2\/posts"}],"about":[{"href":"https:\/\/www.europesays.com\/fr\/wp-json\/wp\/v2\/types\/post"}],"author":[{"embeddable":true,"href":"https:\/\/www.europesays.com\/fr\/wp-json\/wp\/v2\/users\/2"}],"replies":[{"embeddable":true,"href":"https:\/\/www.europesays.com\/fr\/wp-json\/wp\/v2\/comments?post=256959"}],"version-history":[{"count":0,"href":"https:\/\/www.europesays.com\/fr\/wp-json\/wp\/v2\/posts\/256959\/revisions"}],"wp:featuredmedia":[{"embeddable":true,"href":"https:\/\/www.europesays.com\/fr\/wp-json\/wp\/v2\/media\/256960"}],"wp:attachment":[{"href":"https:\/\/www.europesays.com\/fr\/wp-json\/wp\/v2\/media?parent=256959"}],"wp:term":[{"taxonomy":"category","embeddable":true,"href":"https:\/\/www.europesays.com\/fr\/wp-json\/wp\/v2\/categories?post=256959"},{"taxonomy":"post_tag","embeddable":true,"href":"https:\/\/www.europesays.com\/fr\/wp-json\/wp\/v2\/tags?post=256959"}],"curies":[{"name":"wp","href":"https:\/\/api.w.org\/{rel}","templated":true}]}}