{"id":256973,"date":"2025-07-18T18:20:34","date_gmt":"2025-07-18T18:20:34","guid":{"rendered":"https:\/\/www.europesays.com\/fr\/256973\/"},"modified":"2025-07-18T18:20:34","modified_gmt":"2025-07-18T18:20:34","slug":"ce-quil-faut-retenir-des-24-dernieres-heures","status":"publish","type":"post","link":"https:\/\/www.europesays.com\/fr\/256973\/","title":{"rendered":"Ce qu&rsquo;il faut retenir des 24 derni\u00e8res heures"},"content":{"rendered":"<p>La saison de La Boulang\u00e8re Wonderligue, autrefois nomm\u00e9e Ligue F\u00e9minine de Basket (LFB), a pris fin. Focus sur les transferts de l&rsquo;\u00e9t\u00e9 et les effectifs de la saison 2025-2026.<\/p>\n<p><strong>Angers<\/strong><\/p>\n<p><strong>Sous contrat<\/strong>\u00a0:\u00a0<a href=\"https:\/\/www.instagram.com\/p\/DHdoVKnoeFP\/?hl=fr&amp;img_index=1&amp;ref=basketeurope.com\" rel=\"noreferrer nofollow noopener\" target=\"_blank\">Aur\u00e9lie Bonnan<\/a>\u00a0(coach, prolongation, 2026),\u00a0<a href=\"https:\/\/www.instagram.com\/p\/DJjzkytB-z_\/?img_index=1&amp;ref=basketeurope.com\" rel=\"noreferrer nofollow noopener\" target=\"_blank\">Marine Dursus<\/a>\u00a0(prolongation, 2026),\u00a0<a href=\"https:\/\/www.instagram.com\/p\/DJjzkytB-z_\/?img_index=1&amp;ref=basketeurope.com\" rel=\"noreferrer nofollow noopener\" target=\"_blank\">Laura Mendez<\/a>\u00a0(prolongation, 2026),\u00a0<a href=\"https:\/\/www.instagram.com\/p\/DJjzkytB-z_\/?img_index=1&amp;ref=basketeurope.com\" rel=\"noreferrer nofollow noopener\" target=\"_blank\">Oumou Diarisso<\/a>\u00a0(2026),\u00a0<a href=\"https:\/\/www.instagram.com\/p\/DJjzkytB-z_\/?img_index=1&amp;ref=basketeurope.com\" rel=\"noreferrer nofollow noopener\" target=\"_blank\">Anna Ngo Ndjock<\/a>\u00a0(2026)<br \/><strong>Arriv\u00e9es<\/strong>\u00a0:\u00a0<a href=\"https:\/\/www.instagram.com\/p\/DJmYSy2o0E4\/?ref=basketeurope.com\" rel=\"noreferrer nofollow noopener\" target=\"_blank\">Batabe Zampare<\/a>\u00a0(AZS Lublin\/Pologne, 2026),\u00a0<a href=\"https:\/\/www.instagram.com\/p\/DJrmX4nIw5K\/?hl=fr&amp;ref=basketeurope.com\" rel=\"noreferrer nofollow noopener\" target=\"_blank\">Marine Debaut<\/a>\u00a0(Chartres, 2026),\u00a0<a href=\"https:\/\/www.facebook.com\/photo?fbid=1288905813241218&amp;set=pb.100063654338240.-2207520000&amp;locale=fr_FR\" rel=\"noreferrer nofollow noopener\" target=\"_blank\">Eve Mahoutou<\/a>\u00a0(Chartres, 2026),\u00a0<a href=\"https:\/\/www.facebook.com\/photo\/?fbid=1290014903130309&amp;set=a.519320403533100&amp;locale=fr_FR\" rel=\"noreferrer nofollow noopener\" target=\"_blank\">Rosanne Le Seyec<\/a>\u00a0(Chartres, 2026)<br \/><strong>D\u00e9parts<\/strong>\u00a0:\u00a0<a href=\"https:\/\/www.instagram.com\/p\/DJcaEr0o0Q0\/?hl=fr&amp;img_index=4&amp;ref=basketeurope.com\" rel=\"noreferrer nofollow noopener\" target=\"_blank\">Emmanuelle Tahane<\/a>\u00a0(Villeneuve d&rsquo;Ascq ?),\u00a0<a href=\"https:\/\/www.instagram.com\/p\/DJe2H8CoOh2\/?hl=fr&amp;img_index=3&amp;ref=basketeurope.com\" rel=\"noreferrer nofollow noopener\" target=\"_blank\">Axelle Merceron<\/a>\u00a0(La Roche),\u00a0<a href=\"https:\/\/www.instagram.com\/p\/DJUS9zAIH2l\/?hl=fr&amp;img_index=4&amp;ref=basketeurope.com\" rel=\"noreferrer nofollow noopener\" target=\"_blank\">Ameryst Alston<\/a>\u00a0(Villeneuve d&rsquo;Ascq),\u00a0<a href=\"https:\/\/www.instagram.com\/p\/DJW-jO0IAVb\/?hl=fr&amp;img_index=4&amp;ref=basketeurope.com\" rel=\"noreferrer nofollow noopener\" target=\"_blank\">Joy Adams<\/a>,\u00a0<a href=\"https:\/\/www.instagram.com\/p\/DJZhf95If-T\/?hl=fr&amp;img_index=4&amp;ref=basketeurope.com\" rel=\"noreferrer nofollow noopener\" target=\"_blank\">Masseny Kaba<\/a><\/p>\n<p><strong>L&rsquo;effectif provisoire\u00a0<\/strong>: Laura Mendez, Marine Dursus, Anna Ngo Ndjock, Eve Mahoutou, Oumou Diarisso, Batabe Zampare<\/p>\n<p><a class=\"kg-bookmark-container\" href=\"https:\/\/www.basketeurope.com\/la-boulangere-wonderligue-le-tableau-des-transferts-de-la-saison-2025-2026\/\" rel=\"nofollow noopener\" target=\"_blank\"><\/p>\n<p>La Boulang\u00e8re Wonderligue : le tableau des transferts de la saison 2025-2026<\/p>\n<p>La saison de La Boulang\u00e8re Wonderligue, autrefois nomm\u00e9e Ligue F\u00e9minine de Basket (LFB), a pris fin. Focus sur les transferts de l\u2019\u00e9t\u00e9 et les effectifs de la saison 2025-2026.<\/p>\n<p><img decoding=\"async\" src=\"https:\/\/www.europesays.com\/fr\/wp-content\/uploads\/2025\/07\/Pauline-Astier-Lacan---FIBA.webp.webp\" alt=\"\" onerror=\"this.style.display = 'none'\"\/><\/a><\/p>\n<p>La Chorale de Roanne remporte le titre de champion de France Espoirs Pro B et rejoint le Troph\u00e9e du Futur 2025. Samuel Mariscal est \u00e9lu MVP du Final 4 Espoirs Pro B avec 19,5 points, 7 rebonds et 24 d\u2019\u00e9valuation de moyenne.<\/p>\n<p>Dans une finale sous contr\u00f4le, la Chorale est venue \u00e0 bout de l\u2019\u00e9quipe d\u2019Antibes sur le score de\u00a069-88. Emmen\u00e9s par un duo explosif\u00a0Mariscal &#8211; Guedegbe, les Roannais ont su faire la diff\u00e9rence d\u00e8s le d\u00e9but du match. Roanne d\u00e9croche ainsi le titre de champion de France Espoirs Pro B et obtient dans la foul\u00e9e son ticket pour le\u00a0Troph\u00e9e du Futur, qui se tiendra \u00e0 Bourg-en-Bresse les 30, 31 mai et 1er juin.<\/p>\n<p><a class=\"kg-bookmark-container\" href=\"https:\/\/www.basketeurope.com\/roanne-est-le-vainqueur-du-championnat-de-france-espoirs-pro-b\/\" rel=\"nofollow noopener\" target=\"_blank\"><\/p>\n<p>Roanne est le vainqueur du championnat de France Espoirs Pro B<\/p>\n<p>La Chorale de Roanne remporte le titre de champion de France Espoirs Pro B et rejoint le Troph\u00e9e du Futur 2025. Samuel Mariscal est \u00e9lu MVP du Final 4 Espoirs Pro B avec 19,5 points, 7 rebonds et 24 d\u2019\u00e9valuation de moyenne.<\/p>\n<p><img decoding=\"async\" src=\"https:\/\/www.europesays.com\/fr\/wp-content\/uploads\/2025\/07\/Roanne.png\" alt=\"\" onerror=\"this.style.display = 'none'\"\/><\/a><\/p>\n<p>Selon plusieurs documents internes que \u00ab Basket Europe \u00bb a pu consulter, la F\u00e9d\u00e9ration fran\u00e7aise de basket-ball (FFBB) pourrait organiser le tournoi de qualification \u00e0 la Coupe du monde f\u00e9minine en 2026. De plus, elle va \u00ab prochainement \u00bb annoncer la cr\u00e9ation d&rsquo;un Team France Basketball f\u00e9minin.<\/p>\n<p>Apr\u00e8s un \u00e9t\u00e9 2024 faste, ponctu\u00e9 par trois m\u00e9dailles olympiques, la F\u00e9d\u00e9ration fran\u00e7aise de basket-ball (FFBB) continue de travailler en coulisses.<\/p>\n<p>Selon un document interne que\u00a0Basket Europe\u00a0a pu consulter, le pr\u00e9sident f\u00e9d\u00e9ral, Jean-Pierre Hunckler, a propos\u00e9 lors du bureau f\u00e9d\u00e9ral du 4 avril dernier qu&rsquo;une\u00a0\u00ab lettre d&rsquo;intention soit envoy\u00e9e pour l&rsquo;organisation du tournoi de qualification \u00e0 la Coupe du monde f\u00e9minine en 2026 \u00bb, comp\u00e9tition organis\u00e9e en Allemagne du 4 au 13 septembre.\u00a0\u00ab La FIBA souhaite que la France devienne un acteur important de l&rsquo;organisation d&rsquo;\u00e9v\u00e8nements internationaux pour les ann\u00e9es \u00e0 venir \u00bb, y est-il encore \u00e9crit.<\/p>\n<p><a class=\"kg-bookmark-container\" href=\"https:\/\/www.basketeurope.com\/mondial-2026-team-france-feminin-la-ffbb-sactive\/\" rel=\"nofollow noopener\" target=\"_blank\"><\/p>\n<p>Mondial 2026, Team France f\u00e9minin&#8230; La FFBB s\u2019active<\/p>\n<p>Selon plusieurs documents internes que \u00ab Basket Europe \u00bb a pu consulter, la F\u00e9d\u00e9ration fran\u00e7aise de basket-ball (FFBB) pourrait organiser le tournoi de qualification \u00e0 la Coupe du monde f\u00e9minine en 2026. De plus, elle va \u00ab prochainement \u00bb annoncer la cr\u00e9ation d\u2019un Team France Basketball f\u00e9minin.<\/p>\n<p><img decoding=\"async\" src=\"https:\/\/www.europesays.com\/fr\/wp-content\/uploads\/2025\/07\/88533a68-8160-4db8-808f-6520c8487604-scaled-1f031940-5baa-67a4-b527-757bd11694e6.webp.webp\" alt=\"\" onerror=\"this.style.display = 'none'\"\/><\/a><\/p>\n<p>Le MVP de l&rsquo;Euroleague 2025, l&rsquo;Am\u00e9ricain Kendrick Nunn (1,91 m, 29 ans) a indiqu\u00e9 \u00e0 Eurohoops avoir re\u00e7u des offres de la Gr\u00e8ce et de la Turquie pour int\u00e9grer leur \u00e9quipe nationale et disputer l&rsquo;EuroBasket.<\/p>\n<p>Il y a eu l&rsquo;\u00e9pisode lamentable de Jo\u00ebl Embiid, qui a tout d&rsquo;abord fait les d\u00e9marches pour obtenir la nationalit\u00e9 fran\u00e7aise, avant de faire volte-face et de jouer pour les Etats-Unis aux Jeux Olympiques de Paris. Il y a des dizaines de cas de joueurs, tr\u00e8s souvent am\u00e9ricains, qui se vendent \u00e0 un pays sans parfois y avoir jamais mis les pieds. L&rsquo;arri\u00e8re du Panathinaikos Kendrick Nunn fait partie de ceux qui ont l&#8217;embarras du choix.<\/p>\n<p><a class=\"kg-bookmark-container\" href=\"https:\/\/www.basketeurope.com\/kendrick-nunn-hesite-entre-la-grece-et-la-turquie-pour-joueur-leurobasket\/\" rel=\"nofollow noopener\" target=\"_blank\"><\/p>\n<p>Kendrick Nunn h\u00e9site entre la Gr\u00e8ce et la Turquie pour joueur l\u2019Eurobasket<\/p>\n<p>Le MVP de l\u2019Euroleague 2025, l\u2019Am\u00e9ricain Kendrick Nunn (1,91 m, 29 ans) a indiqu\u00e9 \u00e0 Eurohoops avoir re\u00e7u des offres de la Gr\u00e8ce et de la Turquie pour int\u00e9grer leur \u00e9quipe nationale et disputer l\u2019EuroBasket.<\/p>\n<p><img decoding=\"async\" src=\"https:\/\/www.europesays.com\/fr\/wp-content\/uploads\/2025\/07\/Kendrick-Nunn-1-2.webp.webp\" alt=\"\" onerror=\"this.style.display = 'none'\"\/><\/a><\/p>\n<p>Le SCABB a commenc\u00e9 son mercato : absent en phases finales de Pro B, le club s&rsquo;est, selon nos informations, mis d&rsquo;accord avec Carlos P\u00e9pin et Ludovic Dufeal pour renforcer son \u00e9quipe fanion, la saison prochaine.<\/p>\n<p><a class=\"kg-bookmark-container\" href=\"https:\/\/www.basketeurope.com\/carlos-pepin-et-ludovic-dufeal-les-deux-premieres-recrues-du-scabb\/\" rel=\"nofollow noopener\" target=\"_blank\"><\/p>\n<p>Carlos P\u00e9pin et Ludovic Dufeal, les deux premi\u00e8res recrues du SCABB ?<\/p>\n<p>Le SCABB a commenc\u00e9 son mercato : absent en phases finales de Pro B, le club s\u2019est, selon nos informations, mis d\u2019accord avec Carlos P\u00e9pin et Ludovic Dufeal pour renforcer son \u00e9quipe fanion, la saison prochaine.<\/p>\n<p><img decoding=\"async\" src=\"https:\/\/www.europesays.com\/fr\/wp-content\/uploads\/2025\/07\/IMG_5247-1.jpg\" alt=\"\" onerror=\"this.style.display = 'none'\"\/><\/a><\/p>\n<p>La Ligue Nationale de Basket a proc\u00e9d\u00e9 samedi soir \u00e0 la remise des r\u00e9compenses aux meilleurs joueurs et entra\u00eeneur du championnat Espoirs Pro B.<\/p>\n<p>C&rsquo;est le Camerounais d&rsquo;Orl\u00e9ans Jean-Anthony Wassom (1,99 m, n\u00e9 le 31\/03\/2004) qui a \u00e9t\u00e9 \u00e9lu MVP. C&rsquo;est lui qui a obtenu la meilleure \u00e9valuation du championnat (24,1) gr\u00e2ce \u00e0 ses 18,0 points (62,2% de r\u00e9ussite), 9,6 rebonds et 3,3 passes. Il est entr\u00e9 15 fois en Pro B mais pour moins de trois minutes en moyenne.<\/p>\n<p><a class=\"kg-bookmark-container\" href=\"https:\/\/www.basketeurope.com\/jean-anthony-wassom-orleans-mvp-espoirs-pro-b\/\" rel=\"nofollow noopener\" target=\"_blank\"><\/p>\n<p>Jean-Anthony Wassom (Orl\u00e9ans) MVP Espoirs Pro B<\/p>\n<p>La Ligue Nationale de Basket a proc\u00e9d\u00e9 samedi soir \u00e0 la remise des r\u00e9compenses aux meilleurs joueurs et entra\u00eeneur du championnat Espoirs Pro B.<\/p>\n<p><img decoding=\"async\" src=\"https:\/\/www.europesays.com\/fr\/wp-content\/uploads\/2025\/07\/Wassom.png\" alt=\"\" onerror=\"this.style.display = 'none'\"\/><\/a><\/p>\n<p>C&rsquo;est le r\u00e9sultat le plus \u00e9tonnant de la soir\u00e9e de samedi. L&rsquo;Elan Chalon a torpill\u00e9 l&rsquo;AS Monaco (90-65) dans un Colis\u00e9e en feu ce qui a ravi le coach Elric Delord.<\/p>\n<p>Les Mon\u00e9gasques avaient d\u00e9j\u00e0 eu un d\u00e9rapage incontr\u00f4l\u00e9 sur leur terrain face \u00e0 Bourg (73-100), mais prendre 25 points \u00e0 Chalon est tout de m\u00eame une sacr\u00e9e b\u00e9vue. Evidemment, on peut mettre en exergue le fait qu&rsquo;\u00e0 la fin de la semaine, ils vont se retrouver face \u00e0 l&rsquo;\u00e9ch\u00e9ance num\u00e9ro 1 de la saison : le Final Four de l&rsquo;Euroleague.<\/p>\n<p><a class=\"kg-bookmark-container\" href=\"https:\/\/www.basketeurope.com\/elric-delord-coach-chalon-on-a-le-sentiment-detre-6-ou-7-sur-le-terrain-tellement-le-public-nous-pousse\/\" rel=\"nofollow noopener\" target=\"_blank\"><\/p>\n<p>Elric Delord (coach Chalon) : \u201cOn a le sentiment d\u2019\u00eatre 6 ou 7 sur le terrain tellement le public nous pousse\u201d<\/p>\n<p>C\u2019est le r\u00e9sultat le plus \u00e9tonnant de la soir\u00e9e de samedi. L\u2019Elan Chalon a torpill\u00e9 l\u2019AS Monaco (90-65) dans un Colis\u00e9e en feu ce qui a ravi le coach Elric Delord.<\/p>\n<p><img decoding=\"async\" src=\"https:\/\/www.europesays.com\/fr\/wp-content\/uploads\/2025\/07\/Chalon.jpg\" alt=\"\" onerror=\"this.style.display = 'none'\"\/><\/a><\/p>\n<p>Vainqueur une deuxi\u00e8me fois de Montbrison (79-73), les Pionni\u00e8res de Toulouse ont gagn\u00e9 le droit de jouer en La Boulang\u00e8re Wonderligue la saison prochaine.<\/p>\n<p>Les Toulousaines s&rsquo;\u00e9taient impos\u00e9es de justesse la semaine derni\u00e8re dans leur salle (61-57) et le match a \u00e9t\u00e9 une nouvelle fois serr\u00e9 m\u00eame si elles ont fait la course en t\u00eate (37-41, 20e, 53-58, 30e) jusqu&rsquo;\u00e0 ce que les joueuses de Corinne Benintendi reviennent \u00e0 \u00e9galit\u00e9 \u00e0 67.<\/p>\n<p><a class=\"kg-bookmark-container\" href=\"https:\/\/www.basketeurope.com\/finale-lf2-toulouse-fait-son-retour-dans-lelite\/\" rel=\"nofollow noopener\" target=\"_blank\"><\/p>\n<p>Finale LF2 : Toulouse fait son retour dans l\u2019\u00e9lite<\/p>\n<p>Vainqueur une deuxi\u00e8me fois de Montbrison (79-73), les Pionni\u00e8res de Toulouse ont gagn\u00e9 le droit de jouer en La Boulang\u00e8re Wonderligue la saison prochaine.<\/p>\n<p><img decoding=\"async\" src=\"https:\/\/www.europesays.com\/fr\/wp-content\/uploads\/2025\/07\/Toulouse-1.jpg\" alt=\"\" onerror=\"this.style.display = 'none'\"\/><\/a><\/p>\n<p>La saison r\u00e9guli\u00e8re de Betclic Elite s\u2019est termin\u00e9e et le Paris Basketball a r\u00e9cup\u00e9r\u00e9 in-extr\u00e9mis la premi\u00e8re place.<\/p>\n<p>4 \u00e9quipes class\u00e9es de 7 \u00e0 10 sont qualifi\u00e9s pour les Play-in. Les deux qualifi\u00e9s entreront dans le tableau des Playoffs de Betclic Elite rejoignant les 6 autres qualifi\u00e9s pour disputer le titre de Champion de France.<\/p>\n<p>LE TABLEAU DES PLAY-IN ET DES PLAYOFFS DE BETCLIC ELITE<img decoding=\"async\" src=\"http:\/\/cdn.prgloo.com\/media\/b9e69ed5367b4e019043d980d1b8270e?width=572&amp;height=716\" class=\"kg-image\" alt=\"202505 LNB PLAYOFFS-PLAYIN BETCLIC-ELITE BRACKET\" loading=\"lazy\" width=\"572\" height=\"716\"\/>LE CALENDRIER DES PLAY-IN<a class=\"kg-bookmark-container\" href=\"https:\/\/www.basketeurope.com\/le-tableau-et-le-calendrier-des-playoffs-et-des-play-in-de-betclic-elite\/\" rel=\"nofollow noopener\" target=\"_blank\"><\/p>\n<p>Le tableau et le calendrier des playoffs et des play-in de Betclic Elite<\/p>\n<p>La saison r\u00e9guli\u00e8re de Betclic Elite s\u2019est termin\u00e9e et le Paris Basketball a r\u00e9cup\u00e9r\u00e9 in-extr\u00e9mis la premi\u00e8re place.<\/p>\n<p><img decoding=\"async\" src=\"https:\/\/www.europesays.com\/fr\/wp-content\/uploads\/2025\/07\/betclic-x-lnb-elite-basket-2021-ballons.webp.webp\" alt=\"\" onerror=\"this.style.display = 'none'\"\/><\/a><\/p>\n<p>Le Connecticut Sun ouvre ce dimanche la saison r\u00e9guli\u00e8re de WNBA en recevant les Washington Mystics avec deux internationales fran\u00e7aises, Bria Hartley et La\u00efa Lacan -qui va rejoindre l&rsquo;\u00e9quipe dans les prochains jours- dans le roster et Rachid M\u00e9ziane au poste de head coach.<\/p>\n<p>James Wade, mari de l&rsquo;ancienne internationale Edwige Lawson, am\u00e9ricain naturalis\u00e9, a \u00e9t\u00e9 jusqu&rsquo;\u00e0 pr\u00e9sent le seul head coach fran\u00e7ais en WNBA, au Chicago Sky entre 2019 et 2024 avec un titre \u00e0 la cl\u00e9 en 2017.<\/p>\n<p>Ancien assistant-coach en \u00e9quipe de France, Rachid M\u00e9ziane s&rsquo;est constitu\u00e9 ces derni\u00e8res ann\u00e9es un solide CV en club (finaliste de l&rsquo;Euroleague en 2024 avec Villeneuve d&rsquo;Ascq) et avec l&rsquo;\u00e9quipe de Belgique (champion d&rsquo;Europe en 2023). Comme il le raconte au\u00a0<a href=\"https:\/\/www.leparisien.fr\/sports\/basket\/si-jai-ouvert-une-porte-rachid-meziane-le-premier-coach-francais-numero-1-de-basket-aux-etats-unis-17-05-2025-E5M6B3S2WVBDJG5QI74FL3DFAY.php?ref=basketeurope.com\" rel=\"noreferrer nofollow noopener\" target=\"_blank\">Parisien<\/a>, c&rsquo;est cela qui lui a permis de devenir un pionnier.<\/p>\n<blockquote><p>\u00ab\u00a0Il faut savoir que je n\u2019ai d\u00e9march\u00e9 personne, je n\u2019ai pas candidat\u00e9 m\u00eame si j\u2019ai eu des contacts avec diff\u00e9rentes franchises.<\/p><\/blockquote>\n<p><a class=\"kg-bookmark-container\" href=\"https:\/\/www.basketeurope.com\/rachid-meziane-au-connecticut-sun-si-jai-ouvert-une-porte-jespere-quelle-restera-ouverte\/\" rel=\"nofollow noopener\" target=\"_blank\"><\/p>\n<p>Rachid M\u00e9ziane au Connecticut Sun : \u201cSi j\u2019ai ouvert une porte, j\u2019esp\u00e8re qu\u2019elle restera ouverte\u201d<\/p>\n<p>Le Connecticut Sun ouvre ce dimanche la saison r\u00e9guli\u00e8re de WNBA en recevant les Washington Mystics avec deux internationales fran\u00e7aises, Bria Hartley et La\u00efa Lacan -qui va rejoindre l\u2019\u00e9quipe dans les prochains jours- dans le roster et Rachid M\u00e9ziane au poste de head coach.<\/p>\n<p><img decoding=\"async\" src=\"https:\/\/www.europesays.com\/fr\/wp-content\/uploads\/2025\/07\/Rachid-Meziane.jpg\" alt=\"\" onerror=\"this.style.display = 'none'\"\/><\/a><\/p>\n<p>La Virtus Bologne sort d&rsquo;une saison tr\u00e8s d\u00e9cevante sur le plan sportif mais son propri\u00e9taire, Massimo Zanetti, pense avoir convaincu l&rsquo;Euroleague de lui assurer une place pour les trois prochaines ann\u00e9es.<\/p>\n<p>Le profil de l&rsquo;Euroleague pour la saison 2025-26 est flou. Y aura t-il 18 ou 20 \u00e9quipes ? Et lesquelles ? Bien que la Virtus ait \u00e9chou\u00e9 \u00e0 la 17e place avec 9 victoires en 34 matches, Massimo Zanetti est convaincu que son club fait partie des meubles.<\/p>\n<blockquote><p>\u00ab Je pense que nous serons \u00e9galement en Euroleague la saison prochaine. La Virtus sera l\u00e0 \u00bb,\u00a0<\/p><\/blockquote>\n<p><a class=\"kg-bookmark-container\" href=\"https:\/\/www.basketeurope.com\/la-virtus-bologne-croit-en-son-etoile-pour-perenniser-sa-place-en-euroleague\/\" rel=\"nofollow noopener\" target=\"_blank\"><\/p>\n<p>La Virtus Bologne croit en son \u00e9toile pour p\u00e9renniser sa place en Euroleague<\/p>\n<p>La Virtus Bologne sort d\u2019une saison tr\u00e8s d\u00e9cevante sur le plan sportif mais son propri\u00e9taire, Massimo Zanetti, pense avoir convaincu l\u2019Euroleague de lui assurer une place pour les trois prochaines ann\u00e9es.<\/p>\n<p><img decoding=\"async\" src=\"https:\/\/www.europesays.com\/fr\/wp-content\/uploads\/2025\/07\/Zanetti.jpg\" alt=\"\" onerror=\"this.style.display = 'none'\"\/><\/a><\/p>\n<p>Shooteur adul\u00e9 et r\u00e9put\u00e9 du SLUC Nancy depuis 2020, Antony Labanca a d\u00e9cid\u00e9 de cl\u00f4turer le chapitre lorrain de sa carri\u00e8re. \u00c0 30 ans, il s&rsquo;appr\u00eate \u00e0 d\u00e9couvrir les joutes europ\u00e9ennes, avec la JL Bourg.\u00a0<\/p>\n<p>La JL Bourg continue d&rsquo;avancer ses pions. Apr\u00e8s la signature de<a href=\"https:\/\/www.basketeurope.com\/narcisse-ngoy-a-bourg-jusquen-2029-et-prete-a-poitiers-la-saison-prochaine\/\" rel=\"noreferrer nofollow noopener\" target=\"_blank\">\u00a0Narcisse Ngoy\u00a0<\/a>puis son pr\u00eat \u00e0 Poitiers ainsi l&rsquo;arriv\u00e9e de Jonathan Nebout du SLUC Nancy comme assistant coach, la formation bressane devrait s&rsquo;attacher les services de l&rsquo;arri\u00e8re \/ meneur nanc\u00e9ien Anthony Labanca (30 ans, 1,92 m), selon nos informations.\u00a0 Contact\u00e9e, la JL Bourg n&rsquo;a pas r\u00e9pondu \u00e0 nos sollicitations.<\/p>\n<p><a class=\"kg-bookmark-container\" href=\"https:\/\/www.basketeurope.com\/antony-labanca-a-la-decouverte-de-leurope-avec-la-jl-bourg\/\" rel=\"nofollow noopener\" target=\"_blank\"><\/p>\n<p>Antony Labanca \u00e0 la d\u00e9couverte de l\u2019Europe avec la JL Bourg<\/p>\n<p>Shooteur adul\u00e9 et r\u00e9put\u00e9 du SLUC Nancy depuis 2020, Antony Labanca a d\u00e9cid\u00e9 de cl\u00f4turer le chapitre lorrain de sa carri\u00e8re. \u00c0 30 ans, il s\u2019appr\u00eate \u00e0 d\u00e9couvrir les joutes europ\u00e9ennes, avec la JL Bourg.<\/p>\n<p><img decoding=\"async\" src=\"https:\/\/www.europesays.com\/fr\/wp-content\/uploads\/2025\/07\/54364580921_a207a7a5b4_k--1-.jpg\" alt=\"\" onerror=\"this.style.display = 'none'\"\/><\/a><\/p>\n<p>La JL Bourg-en-Bresse est sacr\u00e9e Championne de France Espoirs ELITE 2024-25, titre qu\u2019elle avait d\u00e9j\u00e0 s\u00e9curis\u00e9 le 19 avril dernier, \u00e0 4 journ\u00e9es de la fin. C&rsquo;est \u00e0 domicile \u00e0 Ekinox que les Bressans organiseront le Troph\u00e9e du Futur les 30, 31 mai et 1er juin prochain.<\/p>\n<p><a class=\"kg-bookmark-container\" href=\"https:\/\/www.basketeurope.com\/espoirs-elite-place-au-trophee-du-futur\/\" rel=\"nofollow noopener\" target=\"_blank\"><\/p>\n<p>Espoirs Elite, place au Troph\u00e9e du Futur<\/p>\n<p>La JL Bourg-en-Bresse est sacr\u00e9e Championne de France Espoirs ELITE 2024-25, titre qu\u2019elle avait d\u00e9j\u00e0 s\u00e9curis\u00e9 le 19 avril dernier, \u00e0 4 journ\u00e9es de la fin. C\u2019est \u00e0 domicile \u00e0 Ekinox que les Bressans organiseront le Troph\u00e9e du Futur les 30, 31 mai et 1er juin prochain.<\/p>\n<p><img decoding=\"async\" src=\"https:\/\/www.europesays.com\/fr\/wp-content\/uploads\/2025\/07\/Espoirs-2.png\" alt=\"\" onerror=\"this.style.display = 'none'\"\/><\/a><br \/>\n    <script async src=\"\/\/www.instagram.com\/embed.js\"><\/script><\/p>\n","protected":false},"excerpt":{"rendered":"La saison de La Boulang\u00e8re Wonderligue, autrefois nomm\u00e9e Ligue F\u00e9minine de Basket (LFB), a pris fin. Focus sur&hellip;\n","protected":false},"author":2,"featured_media":256974,"comment_status":"","ping_status":"","sticky":false,"template":"","format":"standard","meta":{"footnotes":""},"categories":[1414],"tags":[1465,1464,1011,27,60],"class_list":{"0":"post-256973","1":"post","2":"type-post","3":"status-publish","4":"format-standard","5":"has-post-thumbnail","7":"category-basket","8":"tag-basket","9":"tag-basketball","10":"tag-fr","11":"tag-france","12":"tag-sports"},"share_on_mastodon":{"url":"https:\/\/pubeurope.com\/@fr\/114875625297902064","error":""},"_links":{"self":[{"href":"https:\/\/www.europesays.com\/fr\/wp-json\/wp\/v2\/posts\/256973","targetHints":{"allow":["GET"]}}],"collection":[{"href":"https:\/\/www.europesays.com\/fr\/wp-json\/wp\/v2\/posts"}],"about":[{"href":"https:\/\/www.europesays.com\/fr\/wp-json\/wp\/v2\/types\/post"}],"author":[{"embeddable":true,"href":"https:\/\/www.europesays.com\/fr\/wp-json\/wp\/v2\/users\/2"}],"replies":[{"embeddable":true,"href":"https:\/\/www.europesays.com\/fr\/wp-json\/wp\/v2\/comments?post=256973"}],"version-history":[{"count":0,"href":"https:\/\/www.europesays.com\/fr\/wp-json\/wp\/v2\/posts\/256973\/revisions"}],"wp:featuredmedia":[{"embeddable":true,"href":"https:\/\/www.europesays.com\/fr\/wp-json\/wp\/v2\/media\/256974"}],"wp:attachment":[{"href":"https:\/\/www.europesays.com\/fr\/wp-json\/wp\/v2\/media?parent=256973"}],"wp:term":[{"taxonomy":"category","embeddable":true,"href":"https:\/\/www.europesays.com\/fr\/wp-json\/wp\/v2\/categories?post=256973"},{"taxonomy":"post_tag","embeddable":true,"href":"https:\/\/www.europesays.com\/fr\/wp-json\/wp\/v2\/tags?post=256973"}],"curies":[{"name":"wp","href":"https:\/\/api.w.org\/{rel}","templated":true}]}}