{"id":256975,"date":"2025-07-18T18:21:13","date_gmt":"2025-07-18T18:21:13","guid":{"rendered":"https:\/\/www.europesays.com\/fr\/256975\/"},"modified":"2025-07-18T18:21:13","modified_gmt":"2025-07-18T18:21:13","slug":"les-aventures-rocambolesques-dalex-marquez-pour-se-qualifier","status":"publish","type":"post","link":"https:\/\/www.europesays.com\/fr\/256975\/","title":{"rendered":"Les aventures rocambolesques d&rsquo;\u00c1lex M\u00e1rquez pour se qualifier"},"content":{"rendered":"<p>Il s&rsquo;en est fallu de peu pour qu&rsquo;<a href=\"https:\/\/fr.motorsport.com\/driver\/alex-marquez\/96324\/\" target=\"_blank\" rel=\"noopener\">\u00c1lex M\u00e1rquez<\/a> voie se terminer sa s\u00e9rie de qualifications directes pour la Q2. Lui et son fr\u00e8re Marc sont les deux seuls pilotes \u00e0 ne jamais avoir manqu\u00e9 le top 10 qualificatif le vendredi depuis le d\u00e9but de la saison\u2026 Alors, lorsque la Ducati #73 s&rsquo;est retrouv\u00e9e dans les graviers \u00e0 sept minutes de la fin de la s\u00e9ance, cet apr\u00e8s-midi \u00e0 Brno, tandis qu&rsquo;elle n&rsquo;occupait que la 11e position au classement, tout laissait penser que l&rsquo;Espagnol allait devoir passer par la Q1 demain.<\/p>\n<p>C&rsquo;\u00e9tait sans compter sur ses qualit\u00e9s de sprinteur et son opportunisme\u00a0!\u00a0\u00c1lex M\u00e1rquez s&rsquo;est retrouv\u00e9 dans une situation plut\u00f4t rocambolesque, dont il s&rsquo;est sorti avec brio.\u00a0\u00ab\u00a0Quand je suis tomb\u00e9, le premier scooter que j&rsquo;ai vu \u00e9tait celui de Pecco [Bagnaia], avec son p\u00e8re. Je m&rsquo;entends bien avec lui, hein, mais je me suis dit que \u00e7a ne serait peut-\u00eatre pas une situation tr\u00e8s facile pour lui\u00a0!,\u00a0\u00bb commence-t-il \u00e0 raconter, dans un r\u00e9cit qui tourne vite au sketch.<\/p>\n<p>Car une fois qu&rsquo;il a trouv\u00e9 un autre scooter pour quitter le lieu de son accident, le pilote Gresini a d\u00fb faire face \u00e0 une autre complication\u2026 \u00ab\u00a0J&rsquo;\u00e9tais avec un commissaire, or \u00e7a fait cinq ans qu&rsquo;on n&rsquo;\u00e9tait pas venus ici et ils ont chang\u00e9 certaines routes de service. Et quand je suis arriv\u00e9 \u00e0 l&rsquo;ext\u00e9rieur du virage 3, il n&rsquo;a pas pu passer. La voie de d\u00e9gagement a \u00e9t\u00e9 agrandie et on ne peut plus passer en scooter.\u00a0\u00bb<\/p>\n<p>\u00ab\u00a0Du coup, j&rsquo;ai travers\u00e9 en courant, puis j&rsquo;ai vu un scooter et je me suis dit &lsquo;allez&rsquo;\u2026 Le gars l&rsquo;a pr\u00e9par\u00e9 pour moi, mais je crois qu&rsquo;il se disait qu&rsquo;il allait monter avec moi, alors quand il a fait ce geste [celui de monter sur le scooter], j&rsquo;ai acc\u00e9l\u00e9r\u00e9 et ciao\u00a0!\u00a0C&rsquo;\u00e9tait marrant\u00a0!\u00a0\u00bb<\/p>\n<p>Lire aussi :<\/p>\n<p>\u00c1lex M\u00e1rquez \u00e9tait donc seul au guidon pour finir le trajet qui devait le ramener vers son stand et il n&rsquo;a pas vraiment fait dans la dentelle. \u00ab\u00a0Dans le paddock, je suis all\u00e9 vite, il y avait des gamins et j&rsquo;\u00e9tais l\u00e0, bip bip bip, \u00e0 essayer de les \u00e9viter\u00a0!\u00a0J&rsquo;esp\u00e8re ne pas r\u00e9\u00e9diter cette situation\u00a0!\u00a0\u00bb, avoue le pilote, pantois.<\/p>\n<p>\u00ab\u00a0J&rsquo;ai pris beaucoup de risques avec la MotoGP aujourd&rsquo;hui, mais je dirais que j&rsquo;en ai pris encore plus avec le scooter\u00a0!\u00a0C&rsquo;est une situation qui est marrante quand tout se termine bien mais \u00e7a n&rsquo;est pas une situation qu&rsquo;un pilote veut vivre.\u00a0\u00bb<\/p>\n<p>Et \u00e7a s&rsquo;est effectivement bien termin\u00e9 car \u00c1lex M\u00e1rquez a fini par faire irruption dans son stand et imm\u00e9diatement sauter sur sa seconde moto, que son \u00e9quipe avait parfaitement pr\u00e9par\u00e9e. Il restait alors trois minutes et cela lui a suffi pour boucler un dernier tour et am\u00e9liorer son temps, arrachant ainsi une place dans le top 10 salvateur.<\/p>\n<p>\u00a0<\/p>\n<p>\u00ab\u00a0J&rsquo;ai vu sur les images TV que quand je suis tomb\u00e9, ils ont indiqu\u00e9 tr\u00e8s vite que les fr\u00e8res M\u00e1rquez \u00e9taient les seuls \u00e0 \u00eatre toujours all\u00e9s en Q2. C&rsquo;\u00e9tait trop t\u00f4t, allez vous faire voir\u00a0!\u00a0\u00bb, fait-il remarquer dans un \u00e9clat de rire au site officiel du MotoGP.<\/p>\n<p>\u00ab\u00a0Franchement, j&rsquo;ai pris beaucoup de risques avec le scooter mais je dois remercier l&rsquo;\u00e9quipe parce que la moto \u00e9tait pr\u00eate quand je suis arriv\u00e9, et surtout ils ont \u00e9t\u00e9 tr\u00e8s malins et ils ont laiss\u00e9 le pneu medium \u00e0 l&rsquo;arri\u00e8re. C&rsquo;est gr\u00e2ce \u00e0 \u00e7a que j&rsquo;ai r\u00e9ussi \u00e0 gagner trois dixi\u00e8mes sur mon chrono pr\u00e9c\u00e9dent et que j&rsquo;ai pu aller en Q2. J&rsquo;en suis content. \u00c7a n&rsquo;\u00e9tait pas la meilleure situation pour faire un time attack, mais on a \u00e9t\u00e9 bons.\u00a0\u00bb<\/p>\n<p>   <img decoding=\"async\" draggable=\"false\" src=\"https:\/\/www.europesays.com\/fr\/wp-content\/uploads\/2025\/07\/1752862873_494_alex-marquez-gresini-racing.jpg\" alt=\"Alex Marquez, Gresini Racing\" width=\"1200\" height=\"800\" loading=\"lazy\"\/> <\/p>\n<p class=\"title\">\u00c1lex M\u00e1rquez n&rsquo;a donc encore jamais manqu\u00e9 la Q2 cette saison.<\/p>\n<p class=\"photographer\">Photo de : Gold and Goose Photography \/ LAT Images \/ via Getty Images<\/p>\n<p>\u00ab\u00a0C&rsquo;est une chose \u00e0 laquelle je fais toujours tr\u00e8s attention\u00a0\u00bb, pr\u00e9cise le cadet des fr\u00e8res M\u00e1rquez, qui a \u00e9t\u00e9 \u00e0 bonne \u00e9cole. \u00ab\u00a0Quand j&rsquo;\u00e9tais en Moto2, je voyais que dans le box de Marc, il est arriv\u00e9 souvent que son \u00e9quipe soit pr\u00eate avec ses deux motos. Alors, souvent, j&rsquo;ai dit \u00e0 mon \u00e9quipe de pr\u00e9parer l&rsquo;autre moto, car je sais que \u00e7a peut arriver et il est important d&rsquo;\u00eatre pr\u00eat. Quand on se bat pour quelque chose d&rsquo;important, tous les d\u00e9tails comptent.\u00a0\u00bb<\/p>\n<p>Pour autant, le pilote Gresini doutait grandement de r\u00e9ussir \u00e0 sauver sa place, mais il a fini par \u00eatre soulag\u00e9 gr\u00e2ce \u00e0 l&rsquo;excellent tour qu&rsquo;il a boucl\u00e9. \u00ab\u00a0Quand je suis tomb\u00e9, il restait sept minutes, et quand je suis revenu en piste, les conditions avaient beaucoup chang\u00e9. Je ne savais pas o\u00f9 c&rsquo;\u00e9tait plus mouill\u00e9 ou plus sec, donc je me suis dit que j&rsquo;allais essayer de prendre des risques et si je tombais \u00e0 nouveau, tant pis. C&rsquo;\u00e9tait un tour, je me suis donn\u00e9 \u00e0 100%, j&rsquo;ai essay\u00e9 de ne pas faire d&rsquo;erreur et de finir.\u00a0\u00bb<\/p>\n<p>Comment parvient-on \u00e0 rester calme dans une telle situation\u00a0?\u00a0\u00ab\u00a0On ne l&rsquo;est pas. On n&rsquo;a pas le temps de se dire &lsquo;OK, je dois me calmer&rsquo;. On est lanc\u00e9 et on se dit qu&rsquo;il faut y aller. Quand j&rsquo;ai pass\u00e9 le drapeau \u00e0 damier, je pensais que \u00e7a n&rsquo;allait pas suffire, je croyais que les autres allaient am\u00e9liorer beaucoup plus que \u00e7a, mais ensuite j&rsquo;ai vu P9 sur l&rsquo;\u00e9cran g\u00e9ant et j&rsquo;\u00e9tais super content.\u00a0\u00bb<\/p>\n<p>Dans cet article<\/p>\n<p>Soyez le premier inform\u00e9 et souscrivez aux alertes mails pour recevoir les infos en temps r\u00e9el<\/p>\n<p>    S&rsquo;abonner aux alertes de news<\/p>\n","protected":false},"excerpt":{"rendered":"Il s&rsquo;en est fallu de peu pour qu&rsquo;\u00c1lex M\u00e1rquez voie se terminer sa s\u00e9rie de qualifications directes pour&hellip;\n","protected":false},"author":2,"featured_media":256976,"comment_status":"","ping_status":"","sticky":false,"template":"","format":"standard","meta":{"footnotes":""},"categories":[1413],"tags":[37813,1011,27,37812,3452,1457,1456,1458,60,7896],"class_list":{"0":"post-256975","1":"post","2":"type-post","3":"status-publish","4":"format-standard","5":"has-post-thumbnail","7":"category-moto","8":"tag-brno-circuit","9":"tag-fr","10":"tag-france","11":"tag-gp-de-ru00e9publique-tchu00e8que","12":"tag-gresini-racing","13":"tag-moto","14":"tag-motocycle","15":"tag-motogp","16":"tag-sports","17":"tag-u00c1lex-mu00e1rquez"},"share_on_mastodon":{"url":"https:\/\/pubeurope.com\/@fr\/114875628513686384","error":""},"_links":{"self":[{"href":"https:\/\/www.europesays.com\/fr\/wp-json\/wp\/v2\/posts\/256975","targetHints":{"allow":["GET"]}}],"collection":[{"href":"https:\/\/www.europesays.com\/fr\/wp-json\/wp\/v2\/posts"}],"about":[{"href":"https:\/\/www.europesays.com\/fr\/wp-json\/wp\/v2\/types\/post"}],"author":[{"embeddable":true,"href":"https:\/\/www.europesays.com\/fr\/wp-json\/wp\/v2\/users\/2"}],"replies":[{"embeddable":true,"href":"https:\/\/www.europesays.com\/fr\/wp-json\/wp\/v2\/comments?post=256975"}],"version-history":[{"count":0,"href":"https:\/\/www.europesays.com\/fr\/wp-json\/wp\/v2\/posts\/256975\/revisions"}],"wp:featuredmedia":[{"embeddable":true,"href":"https:\/\/www.europesays.com\/fr\/wp-json\/wp\/v2\/media\/256976"}],"wp:attachment":[{"href":"https:\/\/www.europesays.com\/fr\/wp-json\/wp\/v2\/media?parent=256975"}],"wp:term":[{"taxonomy":"category","embeddable":true,"href":"https:\/\/www.europesays.com\/fr\/wp-json\/wp\/v2\/categories?post=256975"},{"taxonomy":"post_tag","embeddable":true,"href":"https:\/\/www.europesays.com\/fr\/wp-json\/wp\/v2\/tags?post=256975"}],"curies":[{"name":"wp","href":"https:\/\/api.w.org\/{rel}","templated":true}]}}