{"id":256979,"date":"2025-07-18T18:23:10","date_gmt":"2025-07-18T18:23:10","guid":{"rendered":"https:\/\/www.europesays.com\/fr\/256979\/"},"modified":"2025-07-18T18:23:10","modified_gmt":"2025-07-18T18:23:10","slug":"tdf-tour-de-france-florian-lipowitz-les-50-derniers-metres-une-eternite","status":"publish","type":"post","link":"https:\/\/www.europesays.com\/fr\/256979\/","title":{"rendered":"TDF. Tour de France &#8211; Florian Lipowitz : \u00abLes 50 derniers m\u00e8tres&#8230; une \u00e9ternit\u00e9\u00bb"},"content":{"rendered":"<p>Quelle performance de <strong>Florian Lipowitz<\/strong> (Red Bull &#8211; BORA &#8211; hansgrohe) ! Le coureur allemand, qui ne cesse de surprendre depuis le d\u00e9but de ce <strong><a href=\"https:\/\/www.cyclismactu.net\/..\/news-tdf-tour-de-france-tadej-pogacar-prend-chrono-de-13e-etape-evenepoel-perd-gros-89052.html?utm_campaign=post-auto&amp;utm_medium=twitter&amp;utm_source=mashup-cyclismactu\" rel=\"nofollow noopener\" target=\"_blank\">Tour de France<\/a><\/strong>, a une nouvelle fois \u00e9pat\u00e9 tout le monde ce vendredi lors de la 13e \u00e9tape. En effet, il a parfaitement g\u00e9r\u00e9 le contre-la-montre en mont\u00e9e se terminant \u00e0 Peyragudes, achevant la course au pied du podium, juste derri\u00e8re son co\u00e9quipier <strong>Primoz Roglic<\/strong>. Dans la lutte pour le podium et le maillot blanc, il continue de combler l&rsquo;\u00e9cart avec le Belge <strong>Remco Evenepoel<\/strong> (Soudal\u00a0Quick-Step), bien plus en difficult\u00e9 aujourd&rsquo;hui et seulement 12e. Au classement g\u00e9n\u00e9ral, il revient \u00e0 seulement six secondes du Belge, avant une nouvelle \u00e9tape d\u00e9cisive ce samedi pour la course au podium.<\/p>\n<p>\u00a0<\/p>\n<p>\u00ab\u00a0Evenepoel ? C&rsquo;est un sacr\u00e9 battant\u00a0\u00bb<\/p>\n<p>\u00c0 l&rsquo;arriv\u00e9e, il est revenu sur sa performance : \u00ab\u00a0Franchement, j\u2019\u00e9tais compl\u00e8tement \u00e0 bloc. Les deux derniers kilom\u00e8tres ont \u00e9t\u00e9 super durs&#8230; j\u2019avais tellement d\u2019acide lactique dans les jambes. Les 50 derniers m\u00e8tres m\u2019ont paru une \u00e9ternit\u00e9, mais je suis vraiment content de ma journ\u00e9e, j\u2019ai pu tout donner jusqu\u2019\u00e0 la ligne d\u2019arriv\u00e9e. Je pense que j\u2019ai fait du bon boulot. Ce n\u2019\u00e9taient pas mes meilleures jambes, mais apr\u00e8s la journ\u00e9e d\u2019hier, je ne peux pas \u00eatre plus heureux que \u00e7a. Je n\u2019ai jamais pens\u00e9 \u00e0 l&rsquo;\u00e9tape de demain pour \u00eatre honn\u00eate. J\u2019ai juste roul\u00e9 \u00e0 fond jusqu\u2019au bout\u00a0\u00bb.<\/p>\n<p>Il poursuit en \u00e9voquant notamment son principal rival pour le podium, le Belge Remco Evenepoel : \u00ab\u00a0Remco est une superstar, mais maintenant, je pense qu\u2019on doit se concentrer sur Primoz et moi. Primoz est aussi tout proche, et il a montr\u00e9 une bonne forme aujourd&rsquo;hui. Il reste encore pas mal d\u2019\u00e9tapes tr\u00e8s dures. Il faudra voir jour apr\u00e8s jour, mais je pense que c\u2019est bien d\u2019avoir deux coureurs plac\u00e9s au g\u00e9n\u00e9ral. \u00c7a nous donne plus d\u2019options pour les jours \u00e0 venir. Remco est tr\u00e8s fort, il \u00e9tait aussi dans un bon \u00e9tat d\u2019esprit d&rsquo;aujourd&rsquo;hui, c\u2019est un sacr\u00e9 battant\u00a0\u00bb, conclut-il.<\/p>\n<p>Tour de France &#8211; Classement de la 13\u00e8 \u00e9tape Tour de France &#8211; Classement g\u00e9n\u00e9ral provisoire apr\u00e8s la 13\u00e8 \u00e9tape<\/p>\n","protected":false},"excerpt":{"rendered":"Quelle performance de Florian Lipowitz (Red Bull &#8211; BORA &#8211; hansgrohe) ! Le coureur allemand, qui ne cesse&hellip;\n","protected":false},"author":2,"featured_media":256980,"comment_status":"","ping_status":"","sticky":false,"template":"","format":"standard","meta":{"footnotes":""},"categories":[1411],"tags":[1154,207,211,1011,27,209,60,210,212,208,213],"class_list":{"0":"post-256979","1":"post","2":"type-post","3":"status-publish","4":"format-standard","5":"has-post-thumbnail","7":"category-cyclisme","8":"tag-cycling","9":"tag-cyclisme","10":"tag-ffc","11":"tag-fr","12":"tag-france","13":"tag-route","14":"tag-sports","15":"tag-tour-de-france","16":"tag-uci","17":"tag-velo","18":"tag-world-tour"},"share_on_mastodon":{"url":"https:\/\/pubeurope.com\/@fr\/114875636401071880","error":""},"_links":{"self":[{"href":"https:\/\/www.europesays.com\/fr\/wp-json\/wp\/v2\/posts\/256979","targetHints":{"allow":["GET"]}}],"collection":[{"href":"https:\/\/www.europesays.com\/fr\/wp-json\/wp\/v2\/posts"}],"about":[{"href":"https:\/\/www.europesays.com\/fr\/wp-json\/wp\/v2\/types\/post"}],"author":[{"embeddable":true,"href":"https:\/\/www.europesays.com\/fr\/wp-json\/wp\/v2\/users\/2"}],"replies":[{"embeddable":true,"href":"https:\/\/www.europesays.com\/fr\/wp-json\/wp\/v2\/comments?post=256979"}],"version-history":[{"count":0,"href":"https:\/\/www.europesays.com\/fr\/wp-json\/wp\/v2\/posts\/256979\/revisions"}],"wp:featuredmedia":[{"embeddable":true,"href":"https:\/\/www.europesays.com\/fr\/wp-json\/wp\/v2\/media\/256980"}],"wp:attachment":[{"href":"https:\/\/www.europesays.com\/fr\/wp-json\/wp\/v2\/media?parent=256979"}],"wp:term":[{"taxonomy":"category","embeddable":true,"href":"https:\/\/www.europesays.com\/fr\/wp-json\/wp\/v2\/categories?post=256979"},{"taxonomy":"post_tag","embeddable":true,"href":"https:\/\/www.europesays.com\/fr\/wp-json\/wp\/v2\/tags?post=256979"}],"curies":[{"name":"wp","href":"https:\/\/api.w.org\/{rel}","templated":true}]}}