{"id":256981,"date":"2025-07-18T18:24:11","date_gmt":"2025-07-18T18:24:11","guid":{"rendered":"https:\/\/www.europesays.com\/fr\/256981\/"},"modified":"2025-07-18T18:24:11","modified_gmt":"2025-07-18T18:24:11","slug":"tottenham-pret-a-doubler-le-psg-sur-le-marche","status":"publish","type":"post","link":"https:\/\/www.europesays.com\/fr\/256981\/","title":{"rendered":"Tottenham pr\u00eat \u00e0 doubler le PSG sur le march\u00e9 &#8230;"},"content":{"rendered":"<p><img width=\"780\" height=\"470\" src=\"https:\/\/www.europesays.com\/fr\/wp-content\/uploads\/2025\/07\/EVGQQHHXCBGAFKYNHICLMTFAGQ-780x470.jpg\" class=\"attachment-jannah-image-post size-jannah-image-post wp-post-image\" alt=\"Luis Campos\" is_main_img=\"1\" decoding=\"async\" fetchpriority=\"high\"\/><br \/>\n Image : Le Parisien \/<br \/>\nArnaud Journois<\/p>\n<p>A l\u2019occasion du mercato estival 2025, le<br \/>\n<strong>PSG<\/strong> souhaite renforcer sa d\u00e9fense. Cependant, le<br \/>\npiste prioritaire peine \u00e0 se concr\u00e9tiser. En effet, les pourparlers<br \/>\navec Bournemouth pour <strong>Illia Zabarnyi<\/strong> durent dans<br \/>\nle temps.<\/p>\n<p>Le <strong>PSG<\/strong> a termin\u00e9 sa saison 2024 \/ 2025 et<br \/>\nretrouvera la comp\u00e9tition le 13 ao\u00fbt prochain (21h sur Canal<br \/>\n+) avec la <strong>Supercoupe d\u2019Europe<\/strong> face \u00e0<br \/>\n<strong>Tottenham<\/strong>. Cependant, Parisiens et Londoniens<br \/>\npourraient croiser le fer avant cette date. En effet, sur le march\u00e9<br \/>\ndes transferts, le dossier le plus chaud pour le<br \/>\n<strong><strong><a href=\"https:\/\/canal-supporters.com\/\" target=\"_blank\" rel=\"noopener\">Paris<br \/>\nSaint-Germain<\/a><\/strong><\/strong> reste celui d\u2019<strong>Illia<br \/>\nZabarnyi<\/strong> afin de renforcer son arri\u00e8re garde. Cependant,<br \/>\nles dirigeants des Cherries font durer les n\u00e9gociations<br \/>\ndans le temps en restant inflexibles sur le montant qu\u2019ils<br \/>\nattendent : 70M\u20ac. Un montant que le <strong>PSG<\/strong> n\u2019est pour<br \/>\nle moment pas pr\u00eat \u00e0 payer, faisant des tournants autour de 60<br \/>\nmillions d\u2019euros, toutes refus\u00e9es par <strong>Bournemouth<\/strong><br \/>\njusque-l\u00e0. Les n\u00e9gociations \u00e2pres entre les deux clubs sont vues<br \/>\npar les dirigeants de <strong>Tottenham<\/strong> comme une<br \/>\nouverture. En effet, selon les informations de <strong><a href=\"https:\/\/gianlucadimarzio.com\/calciomercato-tottenham-zabarnyi-18-luglio-2025-news\/\" target=\"_blank\" rel=\"noopener\"><br \/>\nGianluca Di Marzio<\/a><\/strong>, les Spurs seraient pr\u00eats \u00e0 payer<br \/>\nles 70M\u20ac, dans le cas o\u00f9 <strong>Illia Zabarnyi<\/strong><br \/>\ns\u2019ouvrirait \u00e0 l\u2019id\u00e9e de rejoindre le club londonien. Car oui, si le<br \/>\n<strong>PSG<\/strong> fait de l\u2019international ukrainien sa priorit\u00e9<br \/>\npour renforcer sa d\u00e9fense, ce dernier fait du club champion<br \/>\nd\u2019Europe sa priorit\u00e9 pour poursuivre sa carri\u00e8re. Reste \u00e0 savoir si<br \/>\ndirigeants parisiens et Cherries tomberont d\u2019accord, et si<br \/>\nle joueur de 22 ans restera patient tout au long du mercato.<\/p>\n<\/p>\n<p>YouTube : <a href=\"https:\/\/www.youtube.com\/watch?v=ElzaIbPiVW0&amp;t=657s\" target=\"_blank\" rel=\"noopener\">Canal<br \/>\nSupporters Paris<\/a><\/p>\n","protected":false},"excerpt":{"rendered":"Image : Le Parisien \/ Arnaud Journois A l\u2019occasion du mercato estival 2025, le PSG souhaite renforcer sa&hellip;\n","protected":false},"author":2,"featured_media":256982,"comment_status":"","ping_status":"","sticky":false,"template":"","format":"standard","meta":{"footnotes":""},"categories":[1410],"tags":[81,63,1011,27,39683,39684,1434,10553,1435,91,92,93,60,18015,96,29675,39685],"class_list":{"0":"post-256981","1":"post","2":"type-post","3":"status-publish","4":"format-standard","5":"has-post-thumbnail","7":"category-football","8":"tag-canal-supporters","9":"tag-football","10":"tag-fr","11":"tag-france","12":"tag-illia-zabarnyi","13":"tag-illia-zabarnyi-psg","14":"tag-mercato","15":"tag-mercato-2025","16":"tag-mercato-psg","17":"tag-paris-saint-germain","18":"tag-paris-sg","19":"tag-psg","20":"tag-sports","21":"tag-tottenham","22":"tag-une","23":"tag-zabarnyi","24":"tag-zabarnyi-psg"},"share_on_mastodon":{"url":"https:\/\/pubeurope.com\/@fr\/114875640571111025","error":""},"_links":{"self":[{"href":"https:\/\/www.europesays.com\/fr\/wp-json\/wp\/v2\/posts\/256981","targetHints":{"allow":["GET"]}}],"collection":[{"href":"https:\/\/www.europesays.com\/fr\/wp-json\/wp\/v2\/posts"}],"about":[{"href":"https:\/\/www.europesays.com\/fr\/wp-json\/wp\/v2\/types\/post"}],"author":[{"embeddable":true,"href":"https:\/\/www.europesays.com\/fr\/wp-json\/wp\/v2\/users\/2"}],"replies":[{"embeddable":true,"href":"https:\/\/www.europesays.com\/fr\/wp-json\/wp\/v2\/comments?post=256981"}],"version-history":[{"count":0,"href":"https:\/\/www.europesays.com\/fr\/wp-json\/wp\/v2\/posts\/256981\/revisions"}],"wp:featuredmedia":[{"embeddable":true,"href":"https:\/\/www.europesays.com\/fr\/wp-json\/wp\/v2\/media\/256982"}],"wp:attachment":[{"href":"https:\/\/www.europesays.com\/fr\/wp-json\/wp\/v2\/media?parent=256981"}],"wp:term":[{"taxonomy":"category","embeddable":true,"href":"https:\/\/www.europesays.com\/fr\/wp-json\/wp\/v2\/categories?post=256981"},{"taxonomy":"post_tag","embeddable":true,"href":"https:\/\/www.europesays.com\/fr\/wp-json\/wp\/v2\/tags?post=256981"}],"curies":[{"name":"wp","href":"https:\/\/api.w.org\/{rel}","templated":true}]}}