{"id":256983,"date":"2025-07-18T18:25:12","date_gmt":"2025-07-18T18:25:12","guid":{"rendered":"https:\/\/www.europesays.com\/fr\/256983\/"},"modified":"2025-07-18T18:25:12","modified_gmt":"2025-07-18T18:25:12","slug":"billet-giulia-sarkozy-a-deja-tout-dune-it-girl-a-14-ans-et-voici-pourquoi-ca-me-gene","status":"publish","type":"post","link":"https:\/\/www.europesays.com\/fr\/256983\/","title":{"rendered":"BILLET. Giulia Sarkozy a d\u00e9j\u00e0 tout d&rsquo;une it girl \u00e0 14 ans et voici pourquoi \u00e7a me g\u00eane"},"content":{"rendered":"<p>Du haut de ses 14\u202fans, <strong data-start=\"28\" data-end=\"46\">Giulia Sarkozy<\/strong> cumule d\u00e9j\u00e0 les codes de la parfaite<br \/>\n<strong data-start=\"69\" data-end=\"80\">it girl<\/strong>. Passionn\u00e9e<br \/>\npar la musique, pr\u00e9sente sur Instagram et plus r\u00e9cemment sur<br \/>\nTikTok, la fille de <a href=\"https:\/\/www.closermag.fr\/politique\/carla-bruni-et-nicolas-sarkozy-en-vacances-en-italie-leur-comportement-fait-scandale-3564516\" target=\"_blank\" rel=\"noopener\"><br \/>\nNicolas Sarkozy et Carla Bruni<\/a> affiche une prestance et une<br \/>\naisance proches des standards influents de la nouvelle g\u00e9n\u00e9ration.<br \/>\nV\u00e9ritable \u00ab\u00a0influenceuse\u00a0\u00bb en herbe, elle puise chez sa m\u00e8re un go\u00fbt<br \/>\ncertain pour la lumi\u00e8re, mais son jeune \u00e2ge soul\u00e8ve des questions<br \/>\nl\u00e9gitimes&#8230;<\/p>\n<p>\nD&rsquo;ordinaire, Carla Bruni reste tr\u00e8s discr\u00e8te sur la vie de sa<br \/>\nfille, mais depuis quelques temps, je me demande pourquoi son image<br \/>\nn&rsquo;est pas plus contr\u00f4l\u00e9e ?! Dans une interview accord\u00e9e \u00e0<br \/>\nPoint de vue, Carla Bruni<br \/>\nrappellait qu&rsquo;elle avait surtout mise sa fille en garde contre les<br \/>\ncommentaires haineux sur les r\u00e9seaux sociaux. Une fa\u00e7on de<br \/>\n\u00ab\u00a0prot\u00e9ger son \u00e2me\u00a0\u00bb. Mais c&rsquo;est tout ? Alors que le <a href=\"https:\/\/www.closermag.fr\/people\/giulia-sarkozy-fait-encore-le-buzz-sur-instagram-et-on-a-de-quoi-sinquieter-pour-ladolescente-3564404\" target=\"_blank\" rel=\"noopener\"><br \/>\ncompte Tiktok<\/a> de Giulia Sarkozy a \u00e9t\u00e9 suspendu, elle a tout<br \/>\nfait pour que sa fille puisse le r\u00e9cup\u00e9rer. \u00ab\u00a0<strong>On leur<br \/>\n\u00e9crit, on leur \u00e9crit\u2026 mais on a l\u2019impression que ce ne sont que des<br \/>\nmachines.<\/strong>\u00a0\u00bb avait-elle expliqu\u00e9. Pourtant, c&rsquo;est<br \/>\nelle-m\u00eame qui d\u00e9non\u00e7ait les nombreux comptes pirates profitant de<br \/>\nla notori\u00e9t\u00e9 de sa fille \u00ab\u00a0alors qu\u2019elle est mineure\u00a0\u00bb. Giula Sarkozy<br \/>\naussi poussait un coup de gueule apr\u00e8s avoir \u00e9t\u00e9 victime<br \/>\nd&rsquo;usurpation d&rsquo;identit\u00e9. R\u00e9guli\u00e8rement, elle affiche les faux<br \/>\ncomptes qui se font passer pour elle avec la mention \u00ab\u00a0PAS<br \/>\nMOI\u00a0\u00bb.<\/p>\n<p>Giulia Sarkoy it girl \u00e0 14 ans : elle sera o\u00f9 dans 10 ans<br \/>\n?<\/p>\n<blockquote class=\"instagram-media\" style=\"background: #ffffff;border: 0;margin: 1px;width: 100%;padding: 0;max-width: 500px;\" data-instgrm-permalink=\"https:\/\/www.instagram.com\/p\/DKoStKyNisz\/?img_index=1\" data-instgrm-version=\"14\"\/>\n<p>Sur Instagram, les publications de l&rsquo;adolescente montrent<br \/>\nsurtout une jeune femme <strong>\u00e9l\u00e9gante, dynamique<\/strong>,<br \/>\nsouvent en train de monter \u00e0 cheval. Un portrait ma\u00eetris\u00e9, au ton<br \/>\nfamilial et artistique. Mais sur TikTok, le ton change\u202f: vid\u00e9os de<br \/>\ndanse ou playbacks, live o\u00f9 elle d\u00e9fend son p\u00e8re, interaction<br \/>\ndirecte avec le public\u2026 <a href=\"https:\/\/www.closermag.fr\/people\/giulia-sarkozy-vit-une-periode-compliquee-13-ans-et-deja-une-maturite-desarconnante-3557956\" target=\"_blank\" rel=\"noopener\"><br \/>\nGiulia Sarkozy<\/a> ne se refuse rien et expose autant d\u2019\u00e9l\u00e9ments<br \/>\nqui sont <strong>en d\u00e9calage avec son \u00e2ge<\/strong>. Une chose est<br \/>\ns\u00fbre, elle pr\u00e9sente les codes cl\u00e9s\u202f: beaut\u00e9, comportement mode,<br \/>\naisance devant la cam\u00e9ra&#8230;<\/p>\n<p>Mais c&rsquo;est bien \u00e7a le probl\u00e8me. A 14 ans, elle foule d\u00e9j\u00e0<br \/>\nl\u2019univers des influenceuses junior avec des abonn\u00e9s actifs et des<br \/>\nvid\u00e9os virales. Pour autant, cette exposition tend \u00e0 sa<br \/>\n<strong>sexualisation<\/strong> : habits inspir\u00e9s des looks adultes,<br \/>\nmises en sc\u00e8ne esth\u00e9tiques, r\u00e9actions de masse\u2026 Giulia Sarkoy a<br \/>\ntout ce qu&rsquo;une it\u2011girl assume, mais que je juge inappropri\u00e9 sur une<br \/>\nmineure. D&rsquo;ailleurs, dans les commentaires, les internautes sont du<br \/>\nm\u00eame avis que moi. <strong>\u00ab\u00a0Choqu\u00e9e ! All\u00f4 les parents<br \/>\n??!<\/strong>\u00ab\u00a0, \u00ab\u00a0\u00c7a valait le coup que sa m\u00e8re la cache<br \/>\nquand elle \u00e9tait jeune&#8230;\u00a0\u00bb ou encore \u00ab\u00a0De pire en pire.<br \/>\nElle va finir comment ??!\u00a0\u00bb peut-on par exemple lire.<\/p>\n<p>Giulia Sarkoy it girl \u00e0 14 ans : sa<br \/>\nm\u00e8re Carla Bruni en exemple<\/p>\n<blockquote class=\"tiktok-embed\" cite=\"https:\/\/www.tiktok.com\/@giusarkozy\/video\/7521494943022501142\" data-video-id=\"7521494943022501142\" style=\"max-width: 605px;min-width: 325px;\"><p>\n<a target=\"_blank\" href=\"https:\/\/www.tiktok.com\/@giusarkozy\/video\/7521494943022501142\" rel=\"noopener\"><img decoding=\"async\" src=\"https:\/\/www.tiktok.com\/img\/logo.png\" alt=\"TikTok Logo\"\/><\/a>\n<\/p><\/blockquote>\n<p>Il faut dire que Giulia Sarkozy a aussi un bel exemple \u00e0 la<br \/>\nmaison. Et pour cause : \u00e0<br \/>\n57\u202fans, l&rsquo;<a href=\"https:\/\/www.closermag.fr\/politique\/je-me-suis-fait-bien-engueuler-ces-remarques-acerbes-subies-par-carla-bruni-quand-elle-est-devenue-premiere-dame-3541762\" target=\"_blank\" rel=\"noopener\">ex<br \/>\nPremi\u00e8re dame<\/a> demeure un symbole de <a href=\"https:\/\/www.closermag.fr\/people\/cannes-2025-carla-bruni-ne-cache-presque-rien-dans-sa-robe-au-decollete-tres-audacieux-photos-3546537\" target=\"_blank\" rel=\"noopener\"><br \/>\ns\u00e9duction assum\u00e9e<\/a>. Ancienne top\u2011model des ann\u00e9es 90, chanteuse<br \/>\naux albums intemporels, muse des podiums et \u00e9g\u00e9rie de Bulgari, elle<br \/>\ngarde un statut glamour sans compromis.<br \/>\nSon style, elle n\u2019h\u00e9site pas le partager avec sa fille :<br \/>\n\u00ab\u00a0\u202f<strong>Je conserve tout pour ma fille\u2026 elle aime les<br \/>\nv\u00eatements et est tr\u00e8s f\u00e9minine.<\/strong>\u00ab\u00a0<\/p>\n<p>En bref, oui, Giulia Sarkozy a les codes d\u2019une it\u2011girl : elle<br \/>\nest belle, charismatique, connect\u00e9e et m\u00e9diatis\u00e9e. Mais \u00e0 14\u202fans,<br \/>\ncela est trop pr\u00e9matur\u00e9. Carla Bruni, en tant que m\u00e8re, c\u00e9l\u00e8bre le<br \/>\ntalent de sa fille, tout en menant un combat pour prot\u00e9ger son<br \/>\nenfance. Dans cette volont\u00e9 de la voir briller, la limite entre<br \/>\nexposition raisonn\u00e9e et exposition excessive reste mince&#8230;<\/p>\n<p><script async src=\"\/\/www.instagram.com\/embed.js\"><\/script><script async src=\"\/\/www.tiktok.com\/embed.js\"><\/script><\/p>\n","protected":false},"excerpt":{"rendered":"Du haut de ses 14\u202fans, Giulia Sarkozy cumule d\u00e9j\u00e0 les codes de la parfaite it girl. Passionn\u00e9e par&hellip;\n","protected":false},"author":2,"featured_media":256984,"comment_status":"","ping_status":"","sticky":false,"template":"","format":"standard","meta":{"footnotes":""},"categories":[1359],"tags":[548,58,59,1011,27,14545,973],"class_list":{"0":"post-256983","1":"post","2":"type-post","3":"status-publish","4":"format-standard","5":"has-post-thumbnail","7":"category-people","8":"tag-article-simple","9":"tag-divertissement","10":"tag-entertainment","11":"tag-fr","12":"tag-france","13":"tag-giulia-sarkozy","14":"tag-people"},"share_on_mastodon":{"url":"https:\/\/pubeurope.com\/@fr\/114875644194938626","error":""},"_links":{"self":[{"href":"https:\/\/www.europesays.com\/fr\/wp-json\/wp\/v2\/posts\/256983","targetHints":{"allow":["GET"]}}],"collection":[{"href":"https:\/\/www.europesays.com\/fr\/wp-json\/wp\/v2\/posts"}],"about":[{"href":"https:\/\/www.europesays.com\/fr\/wp-json\/wp\/v2\/types\/post"}],"author":[{"embeddable":true,"href":"https:\/\/www.europesays.com\/fr\/wp-json\/wp\/v2\/users\/2"}],"replies":[{"embeddable":true,"href":"https:\/\/www.europesays.com\/fr\/wp-json\/wp\/v2\/comments?post=256983"}],"version-history":[{"count":0,"href":"https:\/\/www.europesays.com\/fr\/wp-json\/wp\/v2\/posts\/256983\/revisions"}],"wp:featuredmedia":[{"embeddable":true,"href":"https:\/\/www.europesays.com\/fr\/wp-json\/wp\/v2\/media\/256984"}],"wp:attachment":[{"href":"https:\/\/www.europesays.com\/fr\/wp-json\/wp\/v2\/media?parent=256983"}],"wp:term":[{"taxonomy":"category","embeddable":true,"href":"https:\/\/www.europesays.com\/fr\/wp-json\/wp\/v2\/categories?post=256983"},{"taxonomy":"post_tag","embeddable":true,"href":"https:\/\/www.europesays.com\/fr\/wp-json\/wp\/v2\/tags?post=256983"}],"curies":[{"name":"wp","href":"https:\/\/api.w.org\/{rel}","templated":true}]}}