{"id":256987,"date":"2025-07-18T18:28:13","date_gmt":"2025-07-18T18:28:13","guid":{"rendered":"https:\/\/www.europesays.com\/fr\/256987\/"},"modified":"2025-07-18T18:28:13","modified_gmt":"2025-07-18T18:28:13","slug":"avant-premiere-demain-nous-appartient-du-22-juillet-2025-episode-1992-tf1","status":"publish","type":"post","link":"https:\/\/www.europesays.com\/fr\/256987\/","title":{"rendered":"Avant-premi\u00e8re &#8211; Demain nous appartient du 22 juillet 2025 &#8211; Episode 1992 &#8211; TF1+"},"content":{"rendered":"<ol>\n<li><a href=\"https:\/\/news.google.com\/rss\/articles\/CBMi0gFBVV95cUxOOTdFM25xSko4RG9fbi1rT3RUZDdKOXFidTJpaHI1bWVNN0xoYVpBOE9VTXpXVGlLRjBnb2t0WEthOGhycWhPT0FlRERQTFhXdW9TRlYyb2xGRUJhM24tR3psd2lWOXVfZUVIaUNoN2kzRXV4TDRFbG15QWFHVS1FX3BRVjJjUllDWDc2OXFHQV83U0YtdGJUU3pJSUprUE9DeG9JRDJicE5ISU9BajNCR1ZDUndWNzBCMngwS0pvQTJPaEhLa2VNTlpCQzFDY1BKc3c?oc=5\" target=\"_blank\" rel=\"noopener\">Avant-premi\u00e8re &#8211; Demain nous appartient du 22 juillet 2025 &#8211; Episode 1992<\/a>&nbsp;&nbsp;TF1+<\/li>\n<li><a href=\"https:\/\/news.google.com\/rss\/articles\/CBMi4AJBVV95cUxObGF5YThXb3AzZ0tFR1V6c2NMdTRQRGxZMFZ4RmFYRzllTGJyN2ZSOWd4dC15OE82T015WENsRzMzRnI3VXJEV2NyUzdMb1VLWE16cXpaTXZSalNFRjZ6U0NXYkNYeGVtOXY2Y1ROaF9pMG82WkVBVUNnOW9qcXk0d1hLT2psUWNHMmFtMWpYSzFIdFFVa0FDY3pTMUlsY0RmMUt1UFhiY3l2VkdBc2g3RklhRkZSQ3htYVh0R1RHT1Z2a2xpMGpSMG1nYW1GNXUwVXEzVDhiRElEUzhkU043bkVONUYxaHdqNU01RHpnQ293RkNINWhmUWNhajlKTzRIQnJzblhsaGs0NEFLSFpBeUxVbGJ5b3FvSXYyNnVtNUhEcHNHZURBdGxCNk9BWElUWGpPNUQ4MWpXRUFfN0JZdFhqdGM2Zl9rWFlIRFZCYjhZekpoQTdVMlRfTGt4X2RP?oc=5\" target=\"_blank\" rel=\"noopener\">Demain nous appartient en avance : Judith victime d&rsquo;une tentative de meurtre en prison ? Manny est bien le fils de Pierre, Les Delcourt menac\u00e9s ! Le r\u00e9sum\u00e9 de l&rsquo;\u00e9pisode 1991 du lundi 21 juillet 2025<\/a>&nbsp;&nbsp;programme-tv.net<\/li>\n<li><a href=\"https:\/\/news.google.com\/rss\/articles\/CBMi9gFBVV95cUxNSERtQWdiVW5NdTlHNWlwVy1RWmlqY1RpMTlUWkVDVF9rOFhNMldxMWR4SHlCQmIxLUdXMXI4NnMwak5veVhKcFpzYUlwU2VIMDJ4UGlQZnVUUFE0d2x3blNRZ0RmOUxrZlh2bVFiWGtidjNZNTZNVVd0Tnh6bTN6RlhhbkFhd1dsYTh2bHA3OWRRLUNoRExNbHRnNmZRX0Mzak5QWWtqQXFFNHg0RkE5MldmSWtqRlNmcVhDRFpodXYyVU1tUXdaOFRjZUpJVzRFQUVvMEpaUHlUdnE0bm5iTjdVSjRUNnRTbzdla1JtUDlVYmFWWXc?oc=5\" target=\"_blank\" rel=\"noopener\">Demain nous appartient : \u00ab\u00a0N\u2019essaye m\u00eame pas de me suivre\u2026\u00a0\u00bb Le r\u00e9sum\u00e9 du 18 juillet (SPOILERS)<\/a>&nbsp;&nbsp;T\u00e9l\u00e9 7 Jours<\/li>\n<li><a href=\"https:\/\/news.google.com\/rss\/articles\/CBMiiwJBVV95cUxQX1RjendxSzQ0WnA4STNsYUs2bkVhNmRzclVLT1JHWkdUMEY1M05HdDdva1JWTVpEbGlJMG5xOU45aHBwT2NVV1BrbnVpLUtwZmxXZnlNazRMMFVwMFlmOHA5NFFrWDRvWXd6R09xc1pNY044YlptN056b1k3RHB4VDRyZDFxN19hQUFqdTZZRVkxZzZUeFNNZzgwSHRYYVA3MURJM2dkVUV4U0czOHJUZnI5VmV2ZldxOTh1Q0lvc3ZONE1Qc0JxMUtSTUtzVGZtX1dnZVRxNExEMG9WMTBoNnQtTndKQW5ob3BKVTRiU1dXaHFFZm1ySmJXQzJXZFFWNlI4STJTWFBLTWs?oc=5\" target=\"_blank\" rel=\"noopener\">Judith menac\u00e9e \u00e0 l\u2019h\u00f4pital : une lettre anonyme veut la faire payer &#8211; Demain nous appartient 22 juillet 2025 (\u00e9pisode 1992 &#8211; r\u00e9sum\u00e9 complet DNA)<\/a>&nbsp;&nbsp;Nouveaut\u00e9s-T\u00e9l\u00e9.com<\/li>\n<li><a href=\"https:\/\/news.google.com\/rss\/articles\/CBMifkFVX3lxTE5jRS1wVDBxY1N0MFY3OXlhNlJNMVhEd2QwS3ltN2pXNTlib1B3bFhDdkNZYjZwNjRCaWhWS2xodFgzclltN2lpOUZ5amdibUM0cldmTUYtalplVFFtbEs4UUplelBYbnctMEVTMnp2REZQeUQ2UTJ2TVNDc3FaUQ?oc=5\" target=\"_blank\" rel=\"noopener\">Demain nous appartient : ce qui vous attend dans l&rsquo;\u00e9pisode 1990 du vendredi 18 juillet 2025 [SPOILERS]<\/a>&nbsp;&nbsp;AlloCin\u00e9<\/li>\n<\/ol>\n","protected":false},"excerpt":{"rendered":"Avant-premi\u00e8re &#8211; Demain nous appartient du 22 juillet 2025 &#8211; Episode 1992&nbsp;&nbsp;TF1+ Demain nous appartient en avance :&hellip;\n","protected":false},"author":2,"featured_media":256988,"comment_status":"","ping_status":"","sticky":false,"template":"","format":"standard","meta":{"footnotes":""},"categories":[1356],"tags":[3598,4090,58,59,1365,4089,1011,27,4092,252,1364,4091,4093],"class_list":{"0":"post-256987","1":"post","2":"type-post","3":"status-publish","4":"format-standard","5":"has-post-thumbnail","7":"category-television","8":"tag-demain-nous-appartient","9":"tag-demain-nous-appartient-episode","10":"tag-divertissement","11":"tag-entertainment","12":"tag-episode","13":"tag-episode-demain-nous-appartient","14":"tag-fr","15":"tag-france","16":"tag-streaming-demain-nous-appartient","17":"tag-television","18":"tag-tv","19":"tag-video-demain-nous-appartient","20":"tag-video-en-streaming-demain-nous-appartient"},"share_on_mastodon":{"url":"https:\/\/pubeurope.com\/@fr\/114875656043865476","error":""},"_links":{"self":[{"href":"https:\/\/www.europesays.com\/fr\/wp-json\/wp\/v2\/posts\/256987","targetHints":{"allow":["GET"]}}],"collection":[{"href":"https:\/\/www.europesays.com\/fr\/wp-json\/wp\/v2\/posts"}],"about":[{"href":"https:\/\/www.europesays.com\/fr\/wp-json\/wp\/v2\/types\/post"}],"author":[{"embeddable":true,"href":"https:\/\/www.europesays.com\/fr\/wp-json\/wp\/v2\/users\/2"}],"replies":[{"embeddable":true,"href":"https:\/\/www.europesays.com\/fr\/wp-json\/wp\/v2\/comments?post=256987"}],"version-history":[{"count":0,"href":"https:\/\/www.europesays.com\/fr\/wp-json\/wp\/v2\/posts\/256987\/revisions"}],"wp:featuredmedia":[{"embeddable":true,"href":"https:\/\/www.europesays.com\/fr\/wp-json\/wp\/v2\/media\/256988"}],"wp:attachment":[{"href":"https:\/\/www.europesays.com\/fr\/wp-json\/wp\/v2\/media?parent=256987"}],"wp:term":[{"taxonomy":"category","embeddable":true,"href":"https:\/\/www.europesays.com\/fr\/wp-json\/wp\/v2\/categories?post=256987"},{"taxonomy":"post_tag","embeddable":true,"href":"https:\/\/www.europesays.com\/fr\/wp-json\/wp\/v2\/tags?post=256987"}],"curies":[{"name":"wp","href":"https:\/\/api.w.org\/{rel}","templated":true}]}}