{"id":256990,"date":"2025-07-18T18:30:47","date_gmt":"2025-07-18T18:30:47","guid":{"rendered":"https:\/\/www.europesays.com\/fr\/256990\/"},"modified":"2025-07-18T18:30:47","modified_gmt":"2025-07-18T18:30:47","slug":"a-saint-ouen-le-cinema-est-il-toujours-charlie","status":"publish","type":"post","link":"https:\/\/www.europesays.com\/fr\/256990\/","title":{"rendered":"\u00ab\u00c0 Saint-Ouen, le cin\u00e9ma est-il toujours Charlie ?\u00bb"},"content":{"rendered":"<p><strong>TRIBUNE &#8211; <\/strong>\u00c0 Saint-Ouen, le cin\u00e9ma Commune Image a d\u00e9programm\u00e9 un documentaire consacr\u00e9 au proc\u00e8s des attentats du 7-Janvier en raison de son caract\u00e8re \u00abpolitique\u00bb. Marika Bret, pr\u00e9sident du Printemps r\u00e9publicain et ex-DRH de Charlie Hebdo d\u00e9nonce une forme de \u00abl\u00e2chet\u00e9\u00bb.<\/p>\n<p class=\"fig-paragraph\">Marika Bret est pr\u00e9sidente du Printemps R\u00e9publicain.<\/p>\n<p class=\"fig-paragraph\"><a href=\"http:\/\/www.lefigaro.fr\/histoire\/archives\/la-france-debout-le-11-janvier-2015-une-marche-republicaine-historique-contre-le-terrorisme-20250111\" data-fig-type=\"Article\" data-gtm-custom-categorie=\"navigation\" data-gtm-custom-action=\"crossclick\" data-gtm-custom-label=\"Contextuel\" data-gtm-event=\"customEventSPE\" data-fig-domain=\"LEFIGARO\" target=\"_blank\" rel=\"noopener\">Les manifestations du 11 janvier 2015<\/a>, o\u00f9 la France enti\u00e8re s\u2019\u00e9tait mobilis\u00e9e derri\u00e8re les slogans \u00abJe suis Charlie\u00bb, \u00abJe suis flic\u00bb et \u00abJe suis juif\u00bb apr\u00e8s trois attentats islamistes meurtriers, pourraient-elles avoir lieu aujourd\u2019hui\u00a0?<\/p>\n<p>                                    <a class=\"fig-a11y-skip a11y-hidden\" href=\"#fig-a11y-skip-main-inarticle\"><br \/>\n        Passer la publicit\u00e9<br \/>\n    <\/a><\/p>\n<p class=\"fig-paragraph\">Ne seraient-elles pas d\u00e9sormais jug\u00e9es trop \u00ab politiques\u00a0\u00bb\u00a0?<\/p>\n<p class=\"fig-paragraph\">Ce sont les questions que l\u2019on peut se poser avec inqui\u00e9tude apr\u00e8s la censure d\u2019une projection de Dieu peut se d\u00e9fendre tout seul dans une salle de cin\u00e9ma de Saint-Ouen. L\u2019annulation de derni\u00e8re minute du documentaire d\u2019Isabelle Cottenceau, consacr\u00e9 \u00e0 la plaidoirie de\u00a0<a href=\"http:\/\/www.lefigaro.fr\/vox\/societe\/richard-malka-le-sourire-de-la-liberte-20250110\" data-fig-type=\"Article\" data-gtm-custom-categorie=\"navigation\" data-gtm-custom-action=\"crossclick\" data-gtm-custom-label=\"Contextuel\" data-gtm-event=\"customEventSPE\" data-fig-domain=\"LEFIGARO\" target=\"_blank\" rel=\"noopener\">Richard Malka\u00a0<\/a>au proc\u00e8s des attentats de janvier 2015, a en effet \u00e9t\u00e9 motiv\u00e9e par le caract\u00e8re \u00abpolitique\u00bb et \u00abpartisan\u00bb de l\u2019\u00e9v\u00e9nement.<\/p>\n<p class=\"fig-paragraph\">D\u00e8s le 15 mai 2025, le Printemps R\u00e9publicain et ses partenaires, la Licra, le Comit\u00e9 La\u00efcit\u00e9 et R\u00e9publique et Vigilance Coll\u00e8ges Lyc\u00e9es, se sont mobilis\u00e9s pour promouvoir la projection du film documentaire Dieu peut se d\u00e9fendre tout seul d\u2019Isabelle Cottenceau dans la salle Commune Image, \u00e0 Saint-Ouen, qui \u00e9tait pr\u00e9vue le mercredi 9 juillet 2025.<\/p>\n<p class=\"fig-paragraph\">Plus de sept semaines plus tard et quatre jours avant la projection, la salle qui s\u2019affirme \u00abinclusive\u00bb\u00a0<a href=\"http:\/\/www.lefigaro.fr\/actualite-france\/charlie-hebdo-un-cinema-de-saint-ouen-annule-la-projection-d-un-documentaire-sur-le-proces-de-l-attentat-20250709\" data-fig-type=\"Article\" data-gtm-custom-categorie=\"navigation\" data-gtm-custom-action=\"crossclick\" data-gtm-custom-label=\"Contextuel\" data-gtm-event=\"customEventSPE\" data-fig-domain=\"LEFIGARO\" target=\"_blank\" rel=\"noopener\">a d\u00e9cid\u00e9 d\u2019annuler cette soir\u00e9e<\/a>\u00a0en invoquant sa charte d\u2019accueil interdisant \u00abla tenue de manifestation \u00e0 caract\u00e8re politique\u00bb, invoquant \u00abun cadre strictement non partisan\u00bb.<\/p>\n<p class=\"fig-paragraph\">Ce film documentaire revient sur la brillante plaidoirie de Richard Malka qui retrace l\u2019histoire de Charlie hebdo\u00a0: la publication et ensuite le proc\u00e8s des caricatures de Mahomet.<\/p>\n<p>                                    <a class=\"fig-a11y-skip a11y-hidden\" href=\"#fig-a11y-skip-main-inarticle_mtf\"><br \/>\n        Passer la publicit\u00e9<br \/>\n    <\/a><\/p>\n<p class=\"fig-paragraph\">On y voit des imams manipulateurs incendiaires \u2013 ayant fabriqu\u00e9 de toutes pi\u00e8ces de pr\u00e9tendues \u00abcaricatures\u00bb \u2013, des responsables politiques trouillards, des intellectuels complaisants et menteurs. Avant et apr\u00e8s le 7 janvier 2015.<\/p>\n<p class=\"fig-paragraph\">Certainement la plaidoirie la plus difficile et \u00e9prouvante de l\u2019avocat historique du journal pour raconter ses amis morts pour nos libert\u00e9s et, en cons\u00e9quence, d\u00e9fendre \u00ab le droit d\u2019emmerder Dieu\u00a0\u00bb. Une plaidoirie dans laquelle il rappelle aussi que la lutte contre l\u2019islam politique est intimement li\u00e9e au combat contre l\u2019antis\u00e9mitisme.<\/p>\n<blockquote class=\"fig-quote&#10;    \">\n<p class=\"fig-quote__text\">Cette annulation de derni\u00e8re minute participe \u00e0 la banalisation de la l\u00e2chet\u00e9. Une d\u00e9cision gla\u00e7ante parce qu\u2019elle abonde, consciemment ou pas, dans le sens des fossoyeurs de nos libert\u00e9s.<\/p>\n<p>            Marika Bret\n    <\/p><\/blockquote>\n<p class=\"fig-paragraph\">En censurant la projection-d\u00e9bat, la salle Commune Image a refus\u00e9 que ses mots cisel\u00e9s \u2013 ceux de la douleur, de la col\u00e8re et de la combativit\u00e9 \u2013 soient entendus par les habitantes et habitants de Saint-Ouen.<\/p>\n<p class=\"fig-paragraph\">La r\u00e9action de la direction doit nous alarmer compte tenu des th\u00e8mes de ce film documentaire\u00a0: la la\u00efcit\u00e9, la libert\u00e9 de conscience et la libert\u00e9 d\u2019expression. Des principes indissociables les uns des autres.<\/p>\n<p class=\"fig-paragraph\">Affirmons-le\u00a0: cette annulation de derni\u00e8re minute participe \u00e0 la banalisation de la l\u00e2chet\u00e9. Une d\u00e9cision gla\u00e7ante parce qu\u2019elle abonde, consciemment ou pas, dans le sens des fossoyeurs de nos libert\u00e9s.<\/p>\n<p>                                    <a class=\"fig-a11y-skip a11y-hidden\" href=\"#fig-a11y-skip-main-inarticle_btf\"><br \/>\n        Passer la publicit\u00e9<br \/>\n    <\/a><\/p>\n<p class=\"fig-paragraph\">En janvier 2025, ann\u00e9e de comm\u00e9moration des 10 ans des attentats islamistes des 7, 8 et 9 janvier 2015, un cin\u00e9ma lillois avait recal\u00e9 un projet de diffusion de ce m\u00eame film documentaire, port\u00e9 par l\u2019antenne locale du Printemps R\u00e9publicain, \u00e9voquant une difficult\u00e9 de s\u00e9curisation du lieu et estimant que le projet \u00e9tait \u00ab tendancieux\u00a0\u00bb. Tendancieux\u00a0?<\/p>\n<p class=\"fig-paragraph\">Oui, soyons clairs, il s\u2019agit bien d\u2019une programmation \u00abpolitique\u00bb et \u00abtendancieuse\u00bb, tout comme l\u2019a \u00e9t\u00e9 la marche du 11 janvier 2015, un rassemblement de millions de Fran\u00e7aises et Fran\u00e7ais, et pas seulement, qui ont exprim\u00e9 leur attachement profond \u00e0 notre socle r\u00e9publicain, nos valeurs et nos principes.<\/p>\n<p class=\"fig-paragraph\">En r\u00e9action \u00e0 ces deux situations iniques, le pr\u00e9sident de la r\u00e9gion Hauts-de-France, Xavier Bertrand, et \u00e0 pr\u00e9sent la pr\u00e9sidente de la r\u00e9gion \u00cele-de-France, Val\u00e9rie P\u00e9cresse, ont imm\u00e9diatement d\u00e9cid\u00e9 d\u2019ouvrir les portes de leur Conseil R\u00e9gional pour que le film soit projet\u00e9 et qu\u2019un d\u00e9bat puisse suivre. La projection du film documentaire aura donc finalement lieu le jeudi 4 septembre 2025, \u00e0 19 heures, au si\u00e8ge de la R\u00e9gion \u00cele-de-France, situ\u00e9\u2026\u00e0 Saint-Ouen.<\/p>\n<p class=\"fig-paragraph\">Aujourd\u2019hui et \u00e0 la suite de ces \u00e9pisodes lamentables, Il appartient fondamentalement, notamment aux \u00e9lus r\u00e9publicains et en leur qualit\u00e9, de se saisir de ce formidable outil p\u00e9dagogique et d\u2019organiser un temps d\u2019\u00e9change avec les spectateurs.<\/p>\n<p class=\"fig-paragraph\">Parce que renoncer, c\u2019est c\u00e9der du terrain aux id\u00e9ologies mortif\u00e8res, parce que notre jeunesse, et plus largement encore, doit comprendre pourquoi nos libert\u00e9s \u2013 ch\u00e8rement acquises \u2013 doivent \u00eatre prot\u00e9g\u00e9es, sans \u00aboui mais\u00bb, sans pause, sans frilosit\u00e9.<\/p>\n","protected":false},"excerpt":{"rendered":"TRIBUNE &#8211; \u00c0 Saint-Ouen, le cin\u00e9ma Commune Image a d\u00e9programm\u00e9 un documentaire consacr\u00e9 au proc\u00e8s des attentats du&hellip;\n","protected":false},"author":2,"featured_media":256991,"comment_status":"","ping_status":"","sticky":false,"template":"","format":"standard","meta":{"footnotes":""},"categories":[1354],"tags":[2415,58,59,1346,1011,27,1360],"class_list":{"0":"post-256990","1":"post","2":"type-post","3":"status-publish","4":"format-standard","5":"has-post-thumbnail","7":"category-films","8":"tag-charlie-hebdo","9":"tag-divertissement","10":"tag-entertainment","11":"tag-films","12":"tag-fr","13":"tag-france","14":"tag-movies"},"share_on_mastodon":{"url":"https:\/\/pubeurope.com\/@fr\/114875667794952789","error":""},"_links":{"self":[{"href":"https:\/\/www.europesays.com\/fr\/wp-json\/wp\/v2\/posts\/256990","targetHints":{"allow":["GET"]}}],"collection":[{"href":"https:\/\/www.europesays.com\/fr\/wp-json\/wp\/v2\/posts"}],"about":[{"href":"https:\/\/www.europesays.com\/fr\/wp-json\/wp\/v2\/types\/post"}],"author":[{"embeddable":true,"href":"https:\/\/www.europesays.com\/fr\/wp-json\/wp\/v2\/users\/2"}],"replies":[{"embeddable":true,"href":"https:\/\/www.europesays.com\/fr\/wp-json\/wp\/v2\/comments?post=256990"}],"version-history":[{"count":0,"href":"https:\/\/www.europesays.com\/fr\/wp-json\/wp\/v2\/posts\/256990\/revisions"}],"wp:featuredmedia":[{"embeddable":true,"href":"https:\/\/www.europesays.com\/fr\/wp-json\/wp\/v2\/media\/256991"}],"wp:attachment":[{"href":"https:\/\/www.europesays.com\/fr\/wp-json\/wp\/v2\/media?parent=256990"}],"wp:term":[{"taxonomy":"category","embeddable":true,"href":"https:\/\/www.europesays.com\/fr\/wp-json\/wp\/v2\/categories?post=256990"},{"taxonomy":"post_tag","embeddable":true,"href":"https:\/\/www.europesays.com\/fr\/wp-json\/wp\/v2\/tags?post=256990"}],"curies":[{"name":"wp","href":"https:\/\/api.w.org\/{rel}","templated":true}]}}