{"id":256994,"date":"2025-07-18T18:32:13","date_gmt":"2025-07-18T18:32:13","guid":{"rendered":"https:\/\/www.europesays.com\/fr\/256994\/"},"modified":"2025-07-18T18:32:13","modified_gmt":"2025-07-18T18:32:13","slug":"en-direct-football-les-verts-menent-logiquement-au-score-suivez-asse-servette-en-direct","status":"publish","type":"post","link":"https:\/\/www.europesays.com\/fr\/256994\/","title":{"rendered":"En direct Football. Les Verts m\u00e8nent logiquement au score : suivez ASSE-Servette en direct"},"content":{"rendered":"<p>&#13;<br \/>\n                                                    En direct&#13;<br \/>\n                        &#13;\n                                            <\/p>\n<p>Vainqueurs de leurs deux premiers matches de pr\u00e9paration face \u00e0 Carouges (3-1) puis Troyes (1-0), les joueurs d&rsquo;Eirik Horneland tiennent \u00e0 poursuivre sur le m\u00eame \u00e9lan face au Servette de Gen\u00e8ve ce vendredi (19 h 30), sur la pelouse d&rsquo;Aix-les-Bains. A la pause, les co\u00e9quipiers de Larsonneur ont concr\u00e9tis\u00e9 leur domination par Cardona.<\/p>\n<p>&#13;<br \/>\n              Le Progr\u00e8s  &#8211; &#13;<br \/>\n        &#13;<br \/>\n          Aujourd&rsquo;hui \u00e0 19:00&#13;<br \/>\n    &#13;<br \/>\n                  | mis \u00e0 jour aujourd&rsquo;hui \u00e0 20:30&#13;<br \/>\n              &#8211; Temps de lecture : &#13;<br \/>\n  &#13;<\/p>\n","protected":false},"excerpt":{"rendered":"&#13; En direct&#13; &#13; Vainqueurs de leurs deux premiers matches de pr\u00e9paration face \u00e0 Carouges (3-1) puis Troyes&hellip;\n","protected":false},"author":2,"featured_media":256995,"comment_status":"","ping_status":"","sticky":false,"template":"","format":"standard","meta":{"footnotes":""},"categories":[9],"tags":[4000,107,63,1011,27,4002,3367,4001,517,60],"class_list":{"0":"post-256994","1":"post","2":"type-post","3":"status-publish","4":"format-standard","5":"has-post-thumbnail","7":"category-sports","8":"tag-asse-as-saint-etienne-football","9":"tag-fil-info","10":"tag-football","11":"tag-fr","12":"tag-france","13":"tag-haute-loire","14":"tag-loire","15":"tag-saint-etienne","16":"tag-sport","17":"tag-sports"},"share_on_mastodon":{"url":"https:\/\/pubeurope.com\/@fr\/114875671735005743","error":""},"_links":{"self":[{"href":"https:\/\/www.europesays.com\/fr\/wp-json\/wp\/v2\/posts\/256994","targetHints":{"allow":["GET"]}}],"collection":[{"href":"https:\/\/www.europesays.com\/fr\/wp-json\/wp\/v2\/posts"}],"about":[{"href":"https:\/\/www.europesays.com\/fr\/wp-json\/wp\/v2\/types\/post"}],"author":[{"embeddable":true,"href":"https:\/\/www.europesays.com\/fr\/wp-json\/wp\/v2\/users\/2"}],"replies":[{"embeddable":true,"href":"https:\/\/www.europesays.com\/fr\/wp-json\/wp\/v2\/comments?post=256994"}],"version-history":[{"count":0,"href":"https:\/\/www.europesays.com\/fr\/wp-json\/wp\/v2\/posts\/256994\/revisions"}],"wp:featuredmedia":[{"embeddable":true,"href":"https:\/\/www.europesays.com\/fr\/wp-json\/wp\/v2\/media\/256995"}],"wp:attachment":[{"href":"https:\/\/www.europesays.com\/fr\/wp-json\/wp\/v2\/media?parent=256994"}],"wp:term":[{"taxonomy":"category","embeddable":true,"href":"https:\/\/www.europesays.com\/fr\/wp-json\/wp\/v2\/categories?post=256994"},{"taxonomy":"post_tag","embeddable":true,"href":"https:\/\/www.europesays.com\/fr\/wp-json\/wp\/v2\/tags?post=256994"}],"curies":[{"name":"wp","href":"https:\/\/api.w.org\/{rel}","templated":true}]}}