{"id":256998,"date":"2025-07-18T18:34:10","date_gmt":"2025-07-18T18:34:10","guid":{"rendered":"https:\/\/www.europesays.com\/fr\/256998\/"},"modified":"2025-07-18T18:34:10","modified_gmt":"2025-07-18T18:34:10","slug":"decouvrez-les-9-nouveaux-emojis-qui-feront-leur-apparition-des-2026","status":"publish","type":"post","link":"https:\/\/www.europesays.com\/fr\/256998\/","title":{"rendered":"D\u00e9couvrez les 9 nouveaux \u00e9mojis qui feront leur apparition d\u00e8s 2026"},"content":{"rendered":"<p>Trombone, coffre \u00e0 tr\u00e9sors, ballerine ou encore orque&#8230; la collection automne des \u00e9mojis a \u00e9t\u00e9 d\u00e9voil\u00e9e par Unicode mercredi \u00e0 l\u2019occasion de \u00abla journ\u00e9e internationale des \u00e9mojis\u00bb.<\/p>\n<p class=\"fig-paragraph\">Tous les ans, la famille des \u00e9mojis s\u2019agrandit. Utilis\u00e9s dans la vie de tous les jours pour transmettre nos \u00e9motions et sentiments par messages, les \u00e9mojis sont en r\u00e9alit\u00e9 scrut\u00e9s et s\u00e9lectionn\u00e9s avant d\u2019appara\u00eetre sur nos claviers. Neuf nouveaux designs seront ainsi ajout\u00e9s en 2026 sur iOS, Android ou encore\u00a0<a href=\"http:\/\/www.lefigaro.fr\/secteur\/high-tech\/le-panneau-de-configuration-va-t-il-disparaitre-de-windows-20240826\" data-fig-type=\"NewsFlash\" data-gtm-custom-categorie=\"navigation\" data-gtm-custom-action=\"crossclick\" data-gtm-custom-label=\"Contextuel\" data-gtm-event=\"customEventSPE\" data-fig-domain=\"LEFIGARO\" target=\"_blank\" rel=\"noopener\">Windows<\/a>. C\u2019est l\u2019association Unicode qui a annonc\u00e9 ce mercredi 16 juillet, la sortie de cette nouvelle collection.<\/p>\n<p class=\"fig-paragraph\">La collection de cet automne\/hiver des \u00e9mojis est compos\u00e9e du trombone, d\u2019un coffre rempli de pi\u00e8ces, d\u2019un trognon de pomme, d\u2019une bagarre fa\u00e7on bande dessin\u00e9e, d\u2019une ballerine, d\u2019un \u00e9moji aux yeux exorbit\u00e9s, d\u2019une orque, d\u2019un glissement de terrain ou encore d\u2019un yeti. Les designs vont ainsi \u00eatre adapt\u00e9s et recr\u00e9\u00e9s diff\u00e9remment par\u00a0<a href=\"http:\/\/www.lefigaro.fr\/conjoncture\/apple-amazon-nike-les-droits-de-douane-de-donald-trump-plombent-les-grandes-entreprises-americaines-20250404\" data-fig-type=\"Article\" data-gtm-custom-categorie=\"navigation\" data-gtm-custom-action=\"crossclick\" data-gtm-custom-label=\"Contextuel\" data-gtm-event=\"customEventSPE\" data-fig-domain=\"LEFIGARO\" target=\"_blank\" rel=\"noopener\">Apple<\/a>, Samsung ou Google. Ils pourront aussi \u00eatre retrouv\u00e9s sur les plateformes comme X ou Discord.<\/p>\n<p>                                    <a class=\"fig-a11y-skip a11y-hidden\" href=\"#fig-a11y-skip-main-inarticle\"><br \/>\n        Passer la publicit\u00e9<br \/>\n    <\/a><\/p>\n<p>\u00abDes significations symboliques de longue date\u00bb<\/p>\n<p class=\"fig-paragraph\">Les crit\u00e8res de s\u00e9lection d\u2019\u00e9mojis, mis en place par Unicode rassemblent notamment l\u2019adaptabilit\u00e9 de l\u2019image \u00e0 la petite taille de l\u2019\u00e9moji, l\u2019introduction d\u2019une id\u00e9e nouvelle qui ne peut pas \u00eatre exprim\u00e9e par les \u00e9mojis d\u00e9j\u00e0 existants, ainsi que la pertinence et l\u2019utilit\u00e9 de cet \u00e9moji pour un grand nombre d\u2019utilisateurs.<\/p>\n<p class=\"fig-paragraph\">Ceci dit, la s\u00e9lection d\u2019\u00e9mojis peut parfois \u00eatre ancr\u00e9e dans des dynamiques politiques. Comme l\u2019explique Unicode, \u00abces nouveaux \u00e9mojis ont des significations symboliques de longue date, sont visuellement distinctifs et contiennent une multitude d\u2019expressions\u00bb. Reste \u00e0 chacun, d\u2019interpr\u00e9ter les choix faits pour cette collection d\u2019automne. Attendus dans les prochains mois, ces derniers devront d\u2019abord \u00eatre d\u00e9finitivement adopt\u00e9s en septembre de cette ann\u00e9e avant d\u2019appara\u00eetre sur les nouvelles versions d\u2019iOS ou encore Android d\u2019ici d\u00e9but 2026.<\/p>\n","protected":false},"excerpt":{"rendered":"Trombone, coffre \u00e0 tr\u00e9sors, ballerine ou encore orque&#8230; la collection automne des \u00e9mojis a \u00e9t\u00e9 d\u00e9voil\u00e9e par Unicode&hellip;\n","protected":false},"author":2,"featured_media":256999,"comment_status":"","ping_status":"","sticky":false,"template":"","format":"standard","meta":{"footnotes":""},"categories":[7],"tags":[10225,39688,1011,27,7193,43,40,41,39,42,44],"class_list":{"0":"post-256998","1":"post","2":"type-post","3":"status-publish","4":"format-standard","5":"has-post-thumbnail","7":"category-sciences-et-technologies","8":"tag-collection","9":"tag-emojis","10":"tag-fr","11":"tag-france","12":"tag-nouveaute","13":"tag-science","14":"tag-science-and-technology","15":"tag-sciences","16":"tag-sciences-et-technologies","17":"tag-technologies","18":"tag-technology"},"share_on_mastodon":{"url":"https:\/\/pubeurope.com\/@fr\/114875679742556410","error":""},"_links":{"self":[{"href":"https:\/\/www.europesays.com\/fr\/wp-json\/wp\/v2\/posts\/256998","targetHints":{"allow":["GET"]}}],"collection":[{"href":"https:\/\/www.europesays.com\/fr\/wp-json\/wp\/v2\/posts"}],"about":[{"href":"https:\/\/www.europesays.com\/fr\/wp-json\/wp\/v2\/types\/post"}],"author":[{"embeddable":true,"href":"https:\/\/www.europesays.com\/fr\/wp-json\/wp\/v2\/users\/2"}],"replies":[{"embeddable":true,"href":"https:\/\/www.europesays.com\/fr\/wp-json\/wp\/v2\/comments?post=256998"}],"version-history":[{"count":0,"href":"https:\/\/www.europesays.com\/fr\/wp-json\/wp\/v2\/posts\/256998\/revisions"}],"wp:featuredmedia":[{"embeddable":true,"href":"https:\/\/www.europesays.com\/fr\/wp-json\/wp\/v2\/media\/256999"}],"wp:attachment":[{"href":"https:\/\/www.europesays.com\/fr\/wp-json\/wp\/v2\/media?parent=256998"}],"wp:term":[{"taxonomy":"category","embeddable":true,"href":"https:\/\/www.europesays.com\/fr\/wp-json\/wp\/v2\/categories?post=256998"},{"taxonomy":"post_tag","embeddable":true,"href":"https:\/\/www.europesays.com\/fr\/wp-json\/wp\/v2\/tags?post=256998"}],"curies":[{"name":"wp","href":"https:\/\/api.w.org\/{rel}","templated":true}]}}