{"id":257006,"date":"2025-07-18T18:38:10","date_gmt":"2025-07-18T18:38:10","guid":{"rendered":"https:\/\/www.europesays.com\/fr\/257006\/"},"modified":"2025-07-18T18:38:10","modified_gmt":"2025-07-18T18:38:10","slug":"la-cour-des-comptes-cimetiere-des-elephants-socialistes-ou-pierre-moscovici-fait-regner-la-loi-de-la-jungle","status":"publish","type":"post","link":"https:\/\/www.europesays.com\/fr\/257006\/","title":{"rendered":"La Cour des comptes, cimeti\u00e8re des \u00e9l\u00e9phants socialistes o\u00f9 Pierre Moscovici fait r\u00e9gner la loi de la jungle"},"content":{"rendered":"<p><strong>ENQU\u00caTE &#8211; <\/strong>Outre Najat Vallaud-Belkacem, le premier pr\u00e9sident de la prestigieuse juridiction financi\u00e8re s\u2019est entour\u00e9 de nombreux anciens socialistes depuis sa nomination. Des recrutements tr\u00e8s politiques qui soulignent l\u2019habilet\u00e9 avec laquelle Pierre Moscovici a \u00e9tendu son emprise sur la Cour.<\/p>\n<p class=\"fig-paragraph\">Pour la discr\u00e9tion, c\u2019est rat\u00e9\u00a0: la nomination de Najat Vallaud-Belkacem comme conseill\u00e8re ma\u00eetre \u00e0 la Cour des comptes &#8211; le plus haut des grades de magistrat au sein de la juridiction financi\u00e8re, assorti d\u2019une r\u00e9mun\u00e9ration pouvant aller de 10.000 \u20ac \u00e0 15.000 \u20ac mensuels selon les profils &#8211; a fait grand bruit.\u00a0<a href=\"http:\/\/www.lefigaro.fr\/politique\/la-socialiste-najat-vallaud-belkacem-ancienne-ministre-nommee-a-la-cour-des-comptes-sur-proposition-de-francois-bayrou-20250716\" data-fig-type=\"NewsFlash\" data-gtm-custom-categorie=\"navigation\" data-gtm-custom-action=\"crossclick\" data-gtm-custom-label=\"Contextuel\" data-gtm-event=\"customEventSPE\" data-fig-domain=\"LEFIGARO\" rel=\"nofollow noopener\" target=\"_blank\">En r\u00e9v\u00e9lant ce \u00abrecyclage\u00bb \u00e0 la Cour<\/a>, le Canard encha\u00een\u00e9 sugg\u00e8re m\u00eame que l\u2019ancienne ministre de l\u2019\u00c9ducation nationale aurait b\u00e9n\u00e9fici\u00e9 d\u2019une forme de pacte politique entre Fran\u00e7ois Bayrou et les socialistes\u00a0: la nomination de l\u2019\u00e9pouse du chef de file du PS \u00e0 l\u2019Assembl\u00e9e, Boris Vallaud, en \u00e9change d\u2019une non-censure \u00e0 l\u2019automne.<\/p>\n<p class=\"fig-paragraph\">L\u2019insinuation est s\u00e9duisante mais fragile\u00a0: est-il besoin d\u2019aller chercher si loin, alors tout simplement que\u00a0<a href=\"http:\/\/www.lefigaro.fr\/conjoncture\/arretons-avec-la-republique-des-copains-pierre-moscovici-defend-l-arrivee-de-najat-vallaud-belkacem-a-la-cour-des-comptes-20250717\" data-fig-type=\"NewsFlash\" data-gtm-custom-categorie=\"navigation\" data-gtm-custom-action=\"crossclick\" data-gtm-custom-label=\"Contextuel\" data-gtm-event=\"customEventSPE\" data-fig-domain=\"LEFIGARO\" rel=\"nofollow noopener\" target=\"_blank\">Pierre Moscovici<\/a>\u00a0\u00e9tait lui-m\u00eame au gouvernement de Fran\u00e7ois Hollande en m\u00eame temps que sa nouvelle recrue\u00a0? On jure du reste \u00e0 Matignon que, si le d\u00e9cret pr\u00e9sidentiel mentionne que les futurs magistrats financiers sont nomm\u00e9s \u00absur le\u2026<\/p>\n<p class=\"fig-premium-paywall__infos\">\n        Cet article est r\u00e9serv\u00e9 aux abonn\u00e9s.        Il vous reste 93% \u00e0 d\u00e9couvrir.\n    <\/p>\n<p>                <img  data- alt=\"Le Figaro\" class=\"fig-img--complete fig-img\"\/><\/p>\n<p class=\"fig-premium-paywall__title\">Vous avez envie de lire la suite ?<\/p>\n<p class=\"fig-premium-paywall__subtitle\">D\u00e9bloquez tous les articles imm\u00e9diatement.<\/p>\n<p class=\"fig-premium-paywall__connect\">\n                D\u00e9j\u00e0 abonn\u00e9\u00a0?                <a class=\"fig-premium-paywall__connect-link\" href=\"https:\/\/connect.lefigaro.fr\/login?client=horizon_web&amp;type=main&amp;redirect_uri=https%3A%2F%2Fwww.lefigaro.fr%2Factualite-france%2Fla-cour-des-comptes-cimetiere-des-elephants-socialistes-ou-pierre-moscovici-fait-regner-la-loi-de-la-jungle-20250718\" data-js-gtm=\"{&quot;customCategorie&quot;: &quot;conversion&quot;, &quot;customAction&quot;: &quot;before_Landing_Connexion_paywall_auto&quot;, &quot;customLabel&quot;: &quot;bGVmaWdhcm8uZnJfXzFmMDYzOGNjLTc5MmQtNjNhZS05OWM1LThiNTQ5MTNkN2I2ZF9fQXJ0aWNsZQ==_La Cour des comptes, cimeti\u00e8re des \u00e9l\u00e9phants socialistes o\u00f9 Pierre Moscovici fait r\u00e9gner la loi de la jungle_351&quot;, &quot;customIDSPE&quot;: &quot;bGVmaWdhcm8uZnJfXzFmMDYzOGNjLTc5MmQtNjNhZS05OWM1LThiNTQ5MTNkN2I2ZF9fQXJ0aWNsZQ==&quot;, &quot;event&quot;: &quot;customEventSPE&quot;}\" rel=\"nofollow noopener\" target=\"_blank\"><br \/>\n                    Connectez-vous<br \/>\n                <\/a>\n            <\/p>\n","protected":false},"excerpt":{"rendered":"ENQU\u00caTE &#8211; Outre Najat Vallaud-Belkacem, le premier pr\u00e9sident de la prestigieuse juridiction financi\u00e8re s\u2019est entour\u00e9 de nombreux anciens&hellip;\n","protected":false},"author":2,"featured_media":257007,"comment_status":"","ping_status":"","sticky":false,"template":"","format":"standard","meta":{"footnotes":""},"categories":[2],"tags":[11,15721,1011,27,32318,12,25848],"class_list":{"0":"post-257006","1":"post","2":"type-post","3":"status-publish","4":"format-standard","5":"has-post-thumbnail","7":"category-actualites","8":"tag-actualites","9":"tag-cour-des-comptes","10":"tag-fr","11":"tag-france","12":"tag-najat-vallaud-belkacem","13":"tag-news","14":"tag-pierre-moscovici"},"share_on_mastodon":{"url":"https:\/\/pubeurope.com\/@fr\/114875695304837996","error":""},"_links":{"self":[{"href":"https:\/\/www.europesays.com\/fr\/wp-json\/wp\/v2\/posts\/257006","targetHints":{"allow":["GET"]}}],"collection":[{"href":"https:\/\/www.europesays.com\/fr\/wp-json\/wp\/v2\/posts"}],"about":[{"href":"https:\/\/www.europesays.com\/fr\/wp-json\/wp\/v2\/types\/post"}],"author":[{"embeddable":true,"href":"https:\/\/www.europesays.com\/fr\/wp-json\/wp\/v2\/users\/2"}],"replies":[{"embeddable":true,"href":"https:\/\/www.europesays.com\/fr\/wp-json\/wp\/v2\/comments?post=257006"}],"version-history":[{"count":0,"href":"https:\/\/www.europesays.com\/fr\/wp-json\/wp\/v2\/posts\/257006\/revisions"}],"wp:featuredmedia":[{"embeddable":true,"href":"https:\/\/www.europesays.com\/fr\/wp-json\/wp\/v2\/media\/257007"}],"wp:attachment":[{"href":"https:\/\/www.europesays.com\/fr\/wp-json\/wp\/v2\/media?parent=257006"}],"wp:term":[{"taxonomy":"category","embeddable":true,"href":"https:\/\/www.europesays.com\/fr\/wp-json\/wp\/v2\/categories?post=257006"},{"taxonomy":"post_tag","embeddable":true,"href":"https:\/\/www.europesays.com\/fr\/wp-json\/wp\/v2\/tags?post=257006"}],"curies":[{"name":"wp","href":"https:\/\/api.w.org\/{rel}","templated":true}]}}