{"id":257008,"date":"2025-07-18T18:39:12","date_gmt":"2025-07-18T18:39:12","guid":{"rendered":"https:\/\/www.europesays.com\/fr\/257008\/"},"modified":"2025-07-18T18:39:12","modified_gmt":"2025-07-18T18:39:12","slug":"cette-animation-repond-a-un-reel-besoin","status":"publish","type":"post","link":"https:\/\/www.europesays.com\/fr\/257008\/","title":{"rendered":"\u00ab\u00a0Cette animation r\u00e9pond \u00e0 un r\u00e9el besoin\u00a0\u00bb"},"content":{"rendered":"<p>Avec un peu d\u2019huile de coude, la lutte contre le gaspillage est \u00e0 port\u00e9e de main. C\u2019est le message que fait passer le r\u00e9pare-caf\u00e9 propos\u00e9 par le centre social d\u2019Izieux-le-Creux. En pr\u00e9sence d\u2019Ahmed Smati, directeur de la structure, et des quatre b\u00e9n\u00e9voles Daniel, Ali, Hass\u00e8ne et Michel qui font vivre les ateliers, l\u2019heure est au bilan de la saison.<\/p>\n<p>Un accueil de 14 \u00e0 17 heures assur\u00e9 par les quatre b\u00e9n\u00e9voles<\/p>\n<p>\u00ab\u00a0Le constat est sans appel, cette animation r\u00e9pond \u00e0 un r\u00e9el besoin de ne pas gaspiller et de&#8230;<\/p>\n","protected":false},"excerpt":{"rendered":"Avec un peu d\u2019huile de coude, la lutte contre le gaspillage est \u00e0 port\u00e9e de main. C\u2019est le&hellip;\n","protected":false},"author":2,"featured_media":257009,"comment_status":"","ping_status":"","sticky":false,"template":"","format":"standard","meta":{"footnotes":""},"categories":[9653],"tags":[1111,11,2430,7539,1777,674,1011,27,12,25,9669,9670,4001,104,1631],"class_list":{"0":"post-257008","1":"post","2":"type-post","3":"status-publish","4":"format-standard","5":"has-post-thumbnail","7":"category-saint-etienne","8":"tag-actu","9":"tag-actualites","10":"tag-auvergne-rhone-alpes","11":"tag-edition-loire-sud","12":"tag-eu","13":"tag-europe","14":"tag-fr","15":"tag-france","16":"tag-news","17":"tag-republique-francaise","18":"tag-saint-chamond","19":"tag-saint-chamond-ville","20":"tag-saint-etienne","21":"tag-societe","22":"tag-vie-associative"},"share_on_mastodon":{"url":"https:\/\/pubeurope.com\/@fr\/114875699238256516","error":""},"_links":{"self":[{"href":"https:\/\/www.europesays.com\/fr\/wp-json\/wp\/v2\/posts\/257008","targetHints":{"allow":["GET"]}}],"collection":[{"href":"https:\/\/www.europesays.com\/fr\/wp-json\/wp\/v2\/posts"}],"about":[{"href":"https:\/\/www.europesays.com\/fr\/wp-json\/wp\/v2\/types\/post"}],"author":[{"embeddable":true,"href":"https:\/\/www.europesays.com\/fr\/wp-json\/wp\/v2\/users\/2"}],"replies":[{"embeddable":true,"href":"https:\/\/www.europesays.com\/fr\/wp-json\/wp\/v2\/comments?post=257008"}],"version-history":[{"count":0,"href":"https:\/\/www.europesays.com\/fr\/wp-json\/wp\/v2\/posts\/257008\/revisions"}],"wp:featuredmedia":[{"embeddable":true,"href":"https:\/\/www.europesays.com\/fr\/wp-json\/wp\/v2\/media\/257009"}],"wp:attachment":[{"href":"https:\/\/www.europesays.com\/fr\/wp-json\/wp\/v2\/media?parent=257008"}],"wp:term":[{"taxonomy":"category","embeddable":true,"href":"https:\/\/www.europesays.com\/fr\/wp-json\/wp\/v2\/categories?post=257008"},{"taxonomy":"post_tag","embeddable":true,"href":"https:\/\/www.europesays.com\/fr\/wp-json\/wp\/v2\/tags?post=257008"}],"curies":[{"name":"wp","href":"https:\/\/api.w.org\/{rel}","templated":true}]}}