{"id":257015,"date":"2025-07-18T18:43:10","date_gmt":"2025-07-18T18:43:10","guid":{"rendered":"https:\/\/www.europesays.com\/fr\/257015\/"},"modified":"2025-07-18T18:43:10","modified_gmt":"2025-07-18T18:43:10","slug":"un-jogger-de-38-ans-condamne-pour-injure-antisemite-dans-un-parc-a-toulon","status":"publish","type":"post","link":"https:\/\/www.europesays.com\/fr\/257015\/","title":{"rendered":"Un jogger de 38 ans condamn\u00e9 pour injure antis\u00e9mite dans un parc \u00e0 Toulon"},"content":{"rendered":"<p>Un homme \u00e2g\u00e9 de 38 ans a \u00e9t\u00e9 reconnu coupable par le tribunal correctionnel de Toulon d\u2019une injure \u00e0 caract\u00e8re antis\u00e9mite prof\u00e9r\u00e9e en fin de journ\u00e9e du 28 mars 2025. Il a \u00e9t\u00e9 condamn\u00e9 ce jeudi \u00e0 une amende d\u00e9lictuelle de 500 euros pour avoir trait\u00e9 de \u00ab\u00a0sale juive\u00a0\u00bb une femme dans un jardin public.<\/p>\n<p>Les faits se sont produits dans le contexte d\u2019un diff\u00e9rend entre usagers du parc des Lices \u00e0 Toulon. La victime a l\u2019habitude d\u2019y promener son chien, non tenu en laisse. Le pr\u00e9venu y pratiquait r\u00e9guli\u00e8rement son jogging. Une cohabitation manifestement pas toujours facile.<\/p>\n<p>\u00a0\u00bb Le parc des Lices est un endroit tr\u00e8s agr\u00e9able pr\u00e8s de la pr\u00e9fecture o\u00f9 on se prom\u00e8ne avec ses enfants, avec ses proches&#8230;\u00a0\u00bb, a pos\u00e9 le procureur Samuel Finielz dans ses r\u00e9quisitions. \u00a0\u00bb On y prom\u00e8ne ses peines aussi.\u00a0\u00bb<\/p>\n<p>\u00ab\u00a0Quand il fait du jogging, on doit se pousser\u00a0\u00bb<\/p>\n<p>\u00c0 la barre du tribunal, la victime, avec des cheveux gris nou\u00e9s en chignon, raconte combien elle \u00e9tait, au moment des faits, boulevers\u00e9e par l\u2019agression d\u2019un rabbin \u00e0 Orl\u00e9ans. Cette affaire avait <a href=\"https:\/\/www.varmatin.com\/faits-divers\/rabbin-agresse-a-orleans-le-suspect-sera-juge-le-23-avril-devant-un-tribunal-pour-enfants-979435\" rel=\"nofollow noopener\" target=\"_blank\">d\u00e9fray\u00e9 la chronique<\/a> quelques jours avant. \u00ab\u00a0Ce soir-l\u00e0, j\u2019\u00e9coutais l\u2019intervention du rabbin sur son agression du samedi&#8230;\u00a0\u00bb<\/p>\n<p>Elle \u00e9voque un contentieux ancien entre elle et le pr\u00e9venu. \u00ab\u00a0En mars 2021, j\u2019ai d\u00e9j\u00e0 eu une altercation avec Monsieur. Quand il fait du jogging, tout le monde doit se pousser. Il nous a trait\u00e9s de tout, des insultes sexistes et antis\u00e9mites. C\u2019est la seule personne avec laquelle j\u2019ai des soucis depuis six ans&#8230;\u00a0\u00bb<\/p>\n<p>Le 28 mars 2025, vers 18h30, les deux protagonistes se sont \u00ab\u00a0cri\u00e9 dessus\u00a0\u00bb, selon un t\u00e9moin qui a bien cru que le pr\u00e9venu allait lever la main sur la dame. Le casque audio de la promeneuse a fini par terre (une amende contraventionnelle de 150 euros a \u00e9t\u00e9 prononc\u00e9e pour \u00ab\u00a0d\u00e9gradation l\u00e9g\u00e8re\u00a0\u00bb). \u00ab\u00a0Mon chien n\u2019est pas agressif, c\u2019est un border collie. D\u2019ailleurs il n\u2019est m\u00eame pas intervenu\u00a0\u00bb, tient \u00e0 pr\u00e9ciser la plaignante.<\/p>\n<p>Pr\u00e9jug\u00e9s et regrets<\/p>\n<p>\u00ab\u00a0\u00c0 chaque fois qu\u2019il passe, il se fait traiter de connard\u00a0\u00bb, plaide la d\u00e9fense. Lui est un commis de cuisine, en situation de handicap, \u00e2g\u00e9 de 38 ans, c\u00e9libataire et sans pass\u00e9 judiciaire. Son avocate met en avant sa peur des chiens et les lourdes s\u00e9quelles neurologiques dont il souffre depuis un grave accident de la circulation (faisant deux morts) dont il a r\u00e9chapp\u00e9 \u00e0 l\u2019\u00e2ge de 9 ans.<\/p>\n<p>Le trentenaire reconna\u00eet avoir d\u00e9j\u00e0 eu des accrocs avec la victime. \u00ab\u00a0Je lui avais demand\u00e9 si par hasard elle n\u2019est pas juive parce que \u00e7a ne se faisait pas de ne pas partager l\u2019espace avec son chien\u00a0\u00bb, pr\u00e9cise-t-il manifestement perm\u00e9able aux pr\u00e9jug\u00e9s antis\u00e9mites. \u00ab\u00a0Une mani\u00e8re de dire \u201cfais pas ton radin\u00a0\u00bb\u00a0\u00bb, avait-il dit aux enqu\u00eateurs.<\/p>\n<p>\u00ab\u00a0C\u2019est la col\u00e8re, ce sont des mots qui sont sortis sans le vouloir. Je suis quelqu\u2019un qui respecte les religions\u00a0\u00bb, affirme-t-il aujourd\u2019hui. \u00ab\u00a0Je regrette ces mots, les 36 heures de garde \u00e0 vue m\u2019ont fait r\u00e9fl\u00e9chir\u00a0\u00bb. Il devra indemniser la victime \u00e0 hauteur de 350 euros pour son pr\u00e9judice moral et 800 euros pour ses frais d\u2019avocat.<\/p>\n<p>Il assure par ailleurs qu\u2019il ne fera plus son jogging au parc des Lices.<\/p>\n","protected":false},"excerpt":{"rendered":"Un homme \u00e2g\u00e9 de 38 ans a \u00e9t\u00e9 reconnu coupable par le tribunal correctionnel de Toulon d\u2019une injure&hellip;\n","protected":false},"author":2,"featured_media":257016,"comment_status":"","ping_status":"","sticky":false,"template":"","format":"standard","meta":{"footnotes":""},"categories":[9619],"tags":[1111,11,1777,674,118,1011,27,303,12,882,25,2310],"class_list":{"0":"post-257015","1":"post","2":"type-post","3":"status-publish","4":"format-standard","5":"has-post-thumbnail","7":"category-toulon","8":"tag-actu","9":"tag-actualites","10":"tag-eu","11":"tag-europe","12":"tag-faits-divers","13":"tag-fr","14":"tag-france","15":"tag-justice","16":"tag-news","17":"tag-provence-alpes-cote-dazur","18":"tag-republique-francaise","19":"tag-toulon"},"share_on_mastodon":{"url":"https:\/\/pubeurope.com\/@fr\/114875715030521435","error":""},"_links":{"self":[{"href":"https:\/\/www.europesays.com\/fr\/wp-json\/wp\/v2\/posts\/257015","targetHints":{"allow":["GET"]}}],"collection":[{"href":"https:\/\/www.europesays.com\/fr\/wp-json\/wp\/v2\/posts"}],"about":[{"href":"https:\/\/www.europesays.com\/fr\/wp-json\/wp\/v2\/types\/post"}],"author":[{"embeddable":true,"href":"https:\/\/www.europesays.com\/fr\/wp-json\/wp\/v2\/users\/2"}],"replies":[{"embeddable":true,"href":"https:\/\/www.europesays.com\/fr\/wp-json\/wp\/v2\/comments?post=257015"}],"version-history":[{"count":0,"href":"https:\/\/www.europesays.com\/fr\/wp-json\/wp\/v2\/posts\/257015\/revisions"}],"wp:featuredmedia":[{"embeddable":true,"href":"https:\/\/www.europesays.com\/fr\/wp-json\/wp\/v2\/media\/257016"}],"wp:attachment":[{"href":"https:\/\/www.europesays.com\/fr\/wp-json\/wp\/v2\/media?parent=257015"}],"wp:term":[{"taxonomy":"category","embeddable":true,"href":"https:\/\/www.europesays.com\/fr\/wp-json\/wp\/v2\/categories?post=257015"},{"taxonomy":"post_tag","embeddable":true,"href":"https:\/\/www.europesays.com\/fr\/wp-json\/wp\/v2\/tags?post=257015"}],"curies":[{"name":"wp","href":"https:\/\/api.w.org\/{rel}","templated":true}]}}