{"id":257017,"date":"2025-07-18T18:44:11","date_gmt":"2025-07-18T18:44:11","guid":{"rendered":"https:\/\/www.europesays.com\/fr\/257017\/"},"modified":"2025-07-18T18:44:11","modified_gmt":"2025-07-18T18:44:11","slug":"une-delegation-polonaise-sest-rendue-a-toulon-pour-evaluer-loffre-de-naval-group-en-matiere-de-sous-marins","status":"publish","type":"post","link":"https:\/\/www.europesays.com\/fr\/257017\/","title":{"rendered":"Une d\u00e9l\u00e9gation polonaise s&rsquo;est rendue \u00e0 Toulon pour \u00e9valuer l&rsquo;offre de Naval Group en mati\u00e8re de sous-marins"},"content":{"rendered":"<p><img fetchpriority=\"high\" decoding=\"async\" src=\"https:\/\/www.europesays.com\/fr\/wp-content\/uploads\/2025\/07\/scorpene-20220210.jpg\" alt=\"\" width=\"600\" height=\"331\" class=\"alignnone size-full wp-image-65067\"  \/><\/p>\n<p>Relanc\u00e9 en 2023 apr\u00e8s \u00e9t\u00e9 mis en sourdine pendant plusieurs ann\u00e9es, le programme Orka vise \u00e0 acqu\u00e9rir trois nouveaux sous-marins au profit de la marine polonaise qui, actuellement, ne dispose que du seul ORP Orze\u0142, un navire appartenant \u00e0 la classe russe \u00ab\u00a0Kilo\u00a0\u00bb, admis au service actif il y a pr\u00e8s de quarante ans. <\/p>\n<p>Parmi les crit\u00e8res susceptibles d\u2019orienter son choix, l\u2019agence polonaise de l\u2019armement avait indiqu\u00e9 que ces sous-marins devaient \u00eatre capables de plonger \u00e0 plus de 200 m\u00e8tres de profondeur [ce qui correspond aux caract\u00e9ristiques de la mer Baltique], d\u2019engager des cibles a\u00e9riennes [h\u00e9licopt\u00e8res et avions de patrouille maritime], d\u2019accueillir des commandos marine, de mettre en \u0153uvre des v\u00e9hicules sous-marins t\u00e9l\u00e9pilot\u00e9s et\/ou autonomes et, enfin, de tirer des missiles de croisi\u00e8re. <\/p>\n<p>Pas moins de onze industriels r\u00e9pondirent \u00e0 la demande d\u2019informations alors \u00e9mise par le minist\u00e8re polonais de la D\u00e9fense, dont le fran\u00e7ais Naval Group, le sud-cor\u00e9en Hyundai Heavy Industries, l\u2019allemand TKMS, le su\u00e9dois Saab Kockums et l\u2019italien Fincantieri. <\/p>\n<p>Depuis, ce programme suit son cours. \u00ab\u00a0La phase de consultation intergouvernementale [\u2026] est actuellement en cours. [\u2026] Ce type de dialogue est un \u00e9l\u00e9ment standard des projets men\u00e9s dans un cadre intergouvernemental (G2G), o\u00f9 les questions industrielles, mais aussi strat\u00e9giques et politiques, sont essentielles\u00a0\u00bb, a fait savoir le minist\u00e8re polonais de la D\u00e9fense, le 6 juin dernier. <\/p>\n<blockquote class=\"twitter-tweet\">\n<p lang=\"pl\" dir=\"ltr\">Program <a href=\"https:\/\/twitter.com\/hashtag\/ORKA?src=hash&amp;ref_src=twsrc%5Etfw\" target=\"_blank\" rel=\"noopener\">#ORKA<\/a> przebiega zgodnie z planem i bez op\u00f3\u017anie\u0144:<br \/>\u2013<br \/>\u2705Agencja Uzbrojenia przekaza\u0142a ju\u017c do Rady Modernizacji Technicznej pe\u0142n\u0105 dokumentacj\u0119 \u2013 Wymagania Sprz\u0119towe oraz Studium Wykonalno\u015bci, zawieraj\u0105ce analizy i rekomendacje dla ofert;<br \/>\u2705Obecnie trwa etap konsultacji\u2026 <a href=\"https:\/\/t.co\/hnpMxUxnOI\">pic.twitter.com\/hnpMxUxnOI<\/a><\/p>\n<p>\u2014 Ministerstwo Obrony Narodowej \ud83c\uddf5\ud83c\uddf1 (@MON_GOV_PL) <a href=\"https:\/\/twitter.com\/MON_GOV_PL\/status\/1931003227895423121?ref_src=twsrc%5Etfw\" target=\"_blank\" rel=\"noopener\">June 6, 2025<\/a><\/p>\n<\/blockquote>\n<p>Cela \u00e9tant, les rumeurs vont bon train. Ainsi, en mars, il fut avanc\u00e9 que l\u2019agence polonaise de l\u2019armement avait attribu\u00e9 les meilleures notes aux propositions faites par TKMS, Fincantieri [les deux proposent chacun leur version du sous-marin U212, ndlr] et Saab Kockums. Ce qui pouvait para\u00eetre curieux \u00e9tant donn\u00e9 que ce dernier conna\u00eet des difficult\u00e9s pour construire les deux sous-marins A26 destin\u00e9s \u00e0 la marine su\u00e9doise\u2026<\/p>\n<p>Dans le m\u00eame temps, journal Rzeczpospolita affirma que la France cherchait \u00e0 \u00ab\u00a0court-circuiter\u00a0\u00bb la proc\u00e9dure d\u2019appel d\u2019offres en  proposant directement \u00e0 Varsovie un accord de gr\u00e9 \u00e0 gr\u00e9 portant sur la livraison de sous-marins Scorp\u00e8ne, dot\u00e9s de missiles de croisi\u00e8re navals], dans le cadre d\u2019une coop\u00e9ration militaire plus large.<\/p>\n<p>\u00ab\u00a0Des n\u00e9gociations entre la Pologne et la France sur l\u2019achat de sous-marins auront bient\u00f4t lieu\u00a0\u00bb et la \u00ab\u00a0partie polonaise voudra obtenir les meilleures conditions de financement possibles et des coop\u00e9rations plus larges dans le domaine de l\u2019industrie de l\u2019armement, pas n\u00e9cessairement dans le secteur de la construction navale\u00a0\u00bb, avait \u00e9crit le quotidien. <\/p>\n<p>Quoi qu\u2019il en soit, et sans doute que cela a un rapport avec les informations de Rzeczpospolita [ou pas], le vice-ministre polonais de la D\u00e9fense, Pawe\u0142 Bejda, <a href=\"https:\/\/www.gov.pl\/web\/obrona-narodowa\/wiceminister-bejda-w-tulonie-program-orka-i-partnerstwo-z-francja\" target=\"_blank\" rel=\"noopener\">s\u2019est r\u00e9cemment rendu<\/a> \u00e0 la base navale de Toulon pour rencontrer Emmanuel Chiva, le D\u00e9l\u00e9gu\u00e9 g\u00e9n\u00e9ral pour l\u2019armement, et \u00ab\u00a0visiter les navires de haute technologie de la marine fran\u00e7aise, d\u00e9couvrir leurs capacit\u00e9s op\u00e9rationnelles et les solutions innovantes qu\u2019ils mettent en \u0153uvre\u00a0\u00bb. <\/p>\n<p>Selon un communiqu\u00e9 diffus\u00e9 le 16 juillet par le minist\u00e8re polonais de la D\u00e9fense, la visite de M. Bejda s\u2019est inscrite \u00ab\u00a0dans le cadre des analyses et des n\u00e9gociations approfondies\u00a0\u00bb men\u00e9es au titre du programme Orka, dont, a-t-il rappel\u00e9, Naval Group est l\u2019un des \u00ab\u00a0principaux soumissionnaires\u00a0\u00bb. <\/p>\n<p>\u00ab\u00a0La d\u00e9l\u00e9gation polonaise a eu l\u2019occasion de mener des entretiens de travail au cours desquels elle a notamment abord\u00e9 les perspectives de transfert de technologie et l\u2019implication de l\u2019industrie polonaise\u00a0\u00bb, a poursuivi le minist\u00e8re. <\/p>\n<p>Lors de sa visite, M. Bejda a soulign\u00e9 que \u00ab\u00a0les d\u00e9cisions relatives au programme Orka auront des cons\u00e9quences \u00e0 long terme sur la s\u00e9curit\u00e9 de la Pologne\u00a0\u00bb, ce qui exige une \u00ab\u00a0analyse approfondie de chaque offre\u00a0\u00bb. <\/p>\n<p>Par ailleurs, le responsable polonais a profit\u00e9 de l\u2019occasion pour signer une lettre d\u2019intention concernant les \u00ab\u00a0missiles de croisi\u00e8re terrestres\u00a0\u00bb. Et cela alors que la Pologne est \u00e9galement partie prenante de l\u2019initiative europ\u00e9enne ELSA [European Long Range Strike Approach], qui vise \u00e0 d\u00e9velopper une capacit\u00e9 de frappe dans la profondeur d\u2019une port\u00e9e de 1 000 \u00e0 2 000 km. <\/p>\n<p>\u00ab\u00a0La coop\u00e9ration dans le domaine des missiles de croisi\u00e8re ouvre de nouvelles perspectives pour l\u2019industrie de d\u00e9fense polonaise, contribuant ainsi au renforcement de la s\u00e9curit\u00e9 du pays\u00a0\u00bb, a conclu le minist\u00e8re polonais de la D\u00e9fense. <\/p>\n<p>\t\t\t\t\t\t\t\t\t\t\t\t\t<script async src=\"https:\/\/platform.twitter.com\/widgets.js\" charset=\"utf-8\"><\/script><\/p>\n","protected":false},"excerpt":{"rendered":"Relanc\u00e9 en 2023 apr\u00e8s \u00e9t\u00e9 mis en sourdine pendant plusieurs ann\u00e9es, le programme Orka vise \u00e0 acqu\u00e9rir trois&hellip;\n","protected":false},"author":2,"featured_media":257018,"comment_status":"","ping_status":"","sticky":false,"template":"","format":"standard","meta":{"footnotes":""},"categories":[9619],"tags":[1111,11,33124,39689,1777,674,1011,27,39690,22232,12,39691,39692,2437,882,25,39693,36558,2310],"class_list":{"0":"post-257017","1":"post","2":"type-post","3":"status-publish","4":"format-standard","5":"has-post-thumbnail","7":"category-toulon","8":"tag-actu","9":"tag-actualites","10":"tag-dga","11":"tag-direction-generale-de-larmement","12":"tag-eu","13":"tag-europe","14":"tag-fr","15":"tag-france","16":"tag-marine-polonaise","17":"tag-naval-group","18":"tag-news","19":"tag-orka","20":"tag-pawel-bejda","21":"tag-pologne","22":"tag-provence-alpes-cote-dazur","23":"tag-republique-francaise","24":"tag-scorpene","25":"tag-sous-marin","26":"tag-toulon"},"share_on_mastodon":{"url":"https:\/\/pubeurope.com\/@fr\/114875718943750577","error":""},"_links":{"self":[{"href":"https:\/\/www.europesays.com\/fr\/wp-json\/wp\/v2\/posts\/257017","targetHints":{"allow":["GET"]}}],"collection":[{"href":"https:\/\/www.europesays.com\/fr\/wp-json\/wp\/v2\/posts"}],"about":[{"href":"https:\/\/www.europesays.com\/fr\/wp-json\/wp\/v2\/types\/post"}],"author":[{"embeddable":true,"href":"https:\/\/www.europesays.com\/fr\/wp-json\/wp\/v2\/users\/2"}],"replies":[{"embeddable":true,"href":"https:\/\/www.europesays.com\/fr\/wp-json\/wp\/v2\/comments?post=257017"}],"version-history":[{"count":0,"href":"https:\/\/www.europesays.com\/fr\/wp-json\/wp\/v2\/posts\/257017\/revisions"}],"wp:featuredmedia":[{"embeddable":true,"href":"https:\/\/www.europesays.com\/fr\/wp-json\/wp\/v2\/media\/257018"}],"wp:attachment":[{"href":"https:\/\/www.europesays.com\/fr\/wp-json\/wp\/v2\/media?parent=257017"}],"wp:term":[{"taxonomy":"category","embeddable":true,"href":"https:\/\/www.europesays.com\/fr\/wp-json\/wp\/v2\/categories?post=257017"},{"taxonomy":"post_tag","embeddable":true,"href":"https:\/\/www.europesays.com\/fr\/wp-json\/wp\/v2\/tags?post=257017"}],"curies":[{"name":"wp","href":"https:\/\/api.w.org\/{rel}","templated":true}]}}