{"id":257023,"date":"2025-07-18T18:47:09","date_gmt":"2025-07-18T18:47:09","guid":{"rendered":"https:\/\/www.europesays.com\/fr\/257023\/"},"modified":"2025-07-18T18:47:09","modified_gmt":"2025-07-18T18:47:09","slug":"place-du-vieux-marche-a-rouen-un-bar-a-focaccia-va-remplacer-un-restaurant-de-crepes","status":"publish","type":"post","link":"https:\/\/www.europesays.com\/fr\/257023\/","title":{"rendered":"Place du Vieux March\u00e9 \u00e0 Rouen, un bar \u00e0 focaccia va remplacer un restaurant de cr\u00eapes"},"content":{"rendered":"<p>            Par<br \/>\n        <strong><br \/>\n            <a href=\"https:\/\/actu.fr\/auteur\/fmass\" title=\"Consulter tous les articles de Fabien Massin\" rel=\"nofollow noopener\" target=\"_blank\">Fabien Massin<\/a><br \/>\n        <\/strong><\/p>\n<p>        Publi\u00e9 le<\/p>\n<p>            18 juil. 2025 \u00e0 20h12        <\/p>\n<p>Amateurs de saveurs italiennes, vous noterez bien cette nouvelle adresse, qui doit ouvrir ses portes en plein c\u0153ur de <a href=\"https:\/\/actu.fr\/normandie\/rouen_76540\" rel=\"nofollow noopener\" target=\"_blank\">Rouen (Seine-Maritime)<\/a> d\u2019ici quelques semaines : <strong>Novettino<\/strong>. Il s\u2019agit d\u2019une enseigne <strong>sp\u00e9cialis\u00e9e dans les focaccia <\/strong>\u2014 pain de forme plate,<strong> comprenant de l\u2019huile d\u2019olive<\/strong> et des herbes,\u00a0agr\u00e9ment\u00e9 de produits frais et de saison \u2014\u00a0, lanc\u00e9e \u00e0 Paris en 2019 et qui depuis essaime un peu partout en France. Ce bar \u00e0 focaccia se trouvera au 10, rue Guillaume-le-Conqu\u00e9rant, \u00e0 la place de<a href=\"https:\/\/actu.fr\/normandie\/rouen_76540\/crep-mama-nouveau-cafe-resto-pour-les-amateurs-de-crepes-mais-pas-que-a-rouen_61195338.html\" rel=\"nofollow noopener\" target=\"_blank\"> Cr\u00eap\u2019Mama<\/a>.\u00a0<\/p>\n<p>Un quinzaine de recettes de foccacia<\/p>\n<p class=\" wall-content\">Dans la capitale normande, c\u2019est un couple originaire de <a href=\"https:\/\/actu.fr\/normandie\/trouville-sur-mer_14715\" rel=\"nofollow noopener\" target=\"_blank\">Trouville (Calvados)<\/a>, <strong>L\u00e9a (28 ans)<\/strong> et <strong>Alex (30 ans)<\/strong> qui tiendra cette affaire. Travaillant dans le milieu de la restauration tous les deux depuis plusieurs ann\u00e9es \u2014 et notamment dans une <strong>brasserie de cuisine italienne<\/strong> \u2014, ils ont d\u00e9cid\u00e9 franchir le pas en se mettant \u00e0 leur propre compte.\u00a0 \u00ab\u00a0Nous avons d\u00e9couvert Novettino il y a quelques ann\u00e9es et nous avions \u00e9t\u00e9 s\u00e9duits par le concept\u00a0\u00bb, expliquent L\u00e9a et Alex.\u00a0<\/p>\n<p class=\" wall-content\"><a href=\"https:\/\/www.instagram.com\/reel\/DMIvbLvtfyX\/embed\" title=\"Ouvrir le lien sur Instagram\" rel=\"nofollow noopener\" target=\"_blank\">Visualiser le contenu sur Instagram<\/a><\/p>\n<p class=\" wall-content\">C\u00f4t\u00e9 cuisine, le pain est fait dans le laboratoire de Novettino pr\u00e8s de Paris, pour le reste tout sera fait sur place, dessert y compris. La focaccia sera d\u00e9clin\u00e9e en 15 recettes (\u00e0 base de jambon, dinde, mozzarella, stracciatella, tomates, pesto, etc.) ou sera \u00e0 composer selon ses envies. C\u00f4t\u00e9 prix, la focaccia seule co\u00fbtera 8,90 euros, et <strong>la formule focaccia-boisson-dessert 12,90 euros<\/strong>.\u00a0<\/p>\n<p class=\" wall-content\">Le restaurant sera ouvert tous les jours <strong>le midi et le soir<\/strong>. On pourra manger<strong> sur place ou\u00a0 emporter les foccacia chez soi<\/strong>. Une activit\u00e9 traiteur sera \u00e9galement propos\u00e9e en parall\u00e8le. Outre le couple de g\u00e9rants, trois employ\u00e9s feront vivre l\u2019enseigne.\u00a0<\/p>\n<p class=\" wall-content\">Ouverture pr\u00e9vue d\u00e9but septembre 2025.\u00a0<\/p>\n<p>Vid\u00e9os : en ce moment sur ActuSuivez l\u2019actualit\u00e9 de Rouen sur notre <a href=\"https:\/\/www.whatsapp.com\/channel\/0029VaKfnf99hXF2ddApFB1D\" rel=\"nofollow noopener\" target=\"_blank\">cha\u00eene WhatsApp<\/a> et sur notre <a href=\"https:\/\/www.tiktok.com\/@76actu.fr?lang=fr\" rel=\"nofollow noopener\" target=\"_blank\">compte TikTok<\/a><\/p>\n<p class=\" wall-content\">Suivez toute l\u2019actualit\u00e9 de vos villes et m\u00e9dias favoris en vous inscrivant \u00e0 <a href=\"https:\/\/moncompte.actu.fr\" title=\"D\u00e9couvez Mon Actu\" rel=\"nofollow noopener\" data-trk=\"{&quot;cta&quot;:{&quot;action&quot;:&quot;https:\\\/\\\/moncompte.actu.fr&quot;,&quot;category&quot;:&quot;mon compte&quot;,&quot;from&quot;:&quot;article footer&quot;,&quot;name&quot;:&quot;Mon actu&quot;,&quot;type&quot;:&quot;cta&quot;}}\" target=\"_blank\">Mon Actu<\/a>.<\/p>\n<ul class=\"ac-article-tag wall-content\">\n<li><a href=\"https:\/\/actu.fr\/tag\/bon-plan-a-rouen\" data-trk=\"{&quot;cta&quot;:{&quot;action&quot;:&quot;Bon plan \\u00e0 Rouen&quot;,&quot;category&quot;:&quot;tag&quot;,&quot;from&quot;:&quot;article footer&quot;,&quot;name&quot;:&quot;Bon plan \\u00e0 Rouen&quot;,&quot;type&quot;:&quot;cta&quot;}}\" rel=\"nofollow noopener\" target=\"_blank\">#Bon plan \u00e0 Rouen<\/a><\/li>\n<li><a href=\"https:\/\/actu.fr\/tag\/restaurant\" data-trk=\"{&quot;cta&quot;:{&quot;action&quot;:&quot;Restaurant&quot;,&quot;category&quot;:&quot;tag&quot;,&quot;from&quot;:&quot;article footer&quot;,&quot;name&quot;:&quot;Restaurant&quot;,&quot;type&quot;:&quot;cta&quot;}}\" rel=\"nofollow noopener\" target=\"_blank\">#Restaurant<\/a><\/li>\n<\/ul>\n<p>                    <script async src=\"\/\/www.instagram.com\/embed.js\"><\/script><script async src=\"\/\/www.tiktok.com\/embed.js\"><\/script><\/p>\n","protected":false},"excerpt":{"rendered":"Par Fabien Massin Publi\u00e9 le 18 juil. 2025 \u00e0 20h12 Amateurs de saveurs italiennes, vous noterez bien cette&hellip;\n","protected":false},"author":2,"featured_media":257024,"comment_status":"","ping_status":"","sticky":false,"template":"","format":"standard","meta":{"footnotes":""},"categories":[9587],"tags":[1111,11,9086,1777,674,1011,27,1652,12,5161,25,1340,9590],"class_list":{"0":"post-257023","1":"post","2":"type-post","3":"status-publish","4":"format-standard","5":"has-post-thumbnail","7":"category-rouen","8":"tag-actu","9":"tag-actualites","10":"tag-bon-plan-a-rouen","11":"tag-eu","12":"tag-europe","13":"tag-fr","14":"tag-france","15":"tag-loisirs-culture","16":"tag-news","17":"tag-normandie","18":"tag-republique-francaise","19":"tag-restaurant","20":"tag-rouen"},"share_on_mastodon":{"url":"https:\/\/pubeurope.com\/@fr\/114875730630265958","error":""},"_links":{"self":[{"href":"https:\/\/www.europesays.com\/fr\/wp-json\/wp\/v2\/posts\/257023","targetHints":{"allow":["GET"]}}],"collection":[{"href":"https:\/\/www.europesays.com\/fr\/wp-json\/wp\/v2\/posts"}],"about":[{"href":"https:\/\/www.europesays.com\/fr\/wp-json\/wp\/v2\/types\/post"}],"author":[{"embeddable":true,"href":"https:\/\/www.europesays.com\/fr\/wp-json\/wp\/v2\/users\/2"}],"replies":[{"embeddable":true,"href":"https:\/\/www.europesays.com\/fr\/wp-json\/wp\/v2\/comments?post=257023"}],"version-history":[{"count":0,"href":"https:\/\/www.europesays.com\/fr\/wp-json\/wp\/v2\/posts\/257023\/revisions"}],"wp:featuredmedia":[{"embeddable":true,"href":"https:\/\/www.europesays.com\/fr\/wp-json\/wp\/v2\/media\/257024"}],"wp:attachment":[{"href":"https:\/\/www.europesays.com\/fr\/wp-json\/wp\/v2\/media?parent=257023"}],"wp:term":[{"taxonomy":"category","embeddable":true,"href":"https:\/\/www.europesays.com\/fr\/wp-json\/wp\/v2\/categories?post=257023"},{"taxonomy":"post_tag","embeddable":true,"href":"https:\/\/www.europesays.com\/fr\/wp-json\/wp\/v2\/tags?post=257023"}],"curies":[{"name":"wp","href":"https:\/\/api.w.org\/{rel}","templated":true}]}}