{"id":257031,"date":"2025-07-18T18:52:19","date_gmt":"2025-07-18T18:52:19","guid":{"rendered":"https:\/\/www.europesays.com\/fr\/257031\/"},"modified":"2025-07-18T18:52:19","modified_gmt":"2025-07-18T18:52:19","slug":"a-rennes-un-pole-de-loisirs-va-etre-cree-sous-ce-centre-commercial-carrefour","status":"publish","type":"post","link":"https:\/\/www.europesays.com\/fr\/257031\/","title":{"rendered":"\u00e0 Rennes, un p\u00f4le de loisirs va \u00eatre cr\u00e9\u00e9 sous ce centre commercial Carrefour"},"content":{"rendered":"<p>            Par<br \/>\n        <strong><br \/>\n            <a href=\"https:\/\/actu.fr\/auteur\/brian-legoff\" title=\"Consulter tous les articles de Brian Le Goff\" rel=\"nofollow noopener\" target=\"_blank\">Brian Le Goff<\/a><br \/>\n        <\/strong><\/p>\n<p>        Publi\u00e9 le<\/p>\n<p>            18 juil. 2025 \u00e0 19h08        <\/p>\n<p><strong>INFO ACTU RENNES.<\/strong> Il sera bient\u00f4t possible de venir <strong>faire les magasins et de faire des activit\u00e9s de loisirs<\/strong> au sein du centre commercial Carrefours <a href=\"https:\/\/actu.fr\/rennes\/\" rel=\"nofollow noopener\" target=\"_blank\">Rennes<\/a> Cessons. Depuis quelques mois, des <a href=\"https:\/\/actu.fr\/tag\/travaux\" rel=\"nofollow noopener\" target=\"_blank\">travaux<\/a> ont d\u00e9marr\u00e9 sous l\u2019extension du complexe r\u00e9nov\u00e9 en 2019. En effet, le groupe Carmila, gestionnaire du centre, a d\u00e9cid\u00e9 de transformer son r\u00e9cent <strong>parking souterrain \u00ab\u2009peu utilis\u00e9\u2009\u00bb<\/strong>, selon Laurent Rebuffic, le directeur, en un parc de loisirs avec la <strong>franchise Hadrena<\/strong>.<\/p>\n<p class=\" wall-content\">Cette derni\u00e8re a \u00e9t\u00e9 fond\u00e9e en 2021 ans le secteur d\u2019activit\u00e9 des loisirs de proximit\u00e9,<strong> \u00ab\u2009un march\u00e9 en plein essor\u2009\u00bb<\/strong>, note J\u00e9r\u00e9my Letovsky, cofondateur et directeur g\u00e9n\u00e9ral d\u2019Hadrena.<\/p>\n<blockquote class=\"ac-article-quote wall-content\">\n<p>Nous investissons sur les segments les plus larges et les plus porteurs. On propose donc un p\u00f4le multiactivit\u00e9s avec du bowling, du karting (\u00e9lectrique, N.D.L.R.) d&rsquo;abord, qui vont g\u00e9n\u00e9rer le plus de flux de client\u00e8le.<\/p>\n<p>    <strong>J\u00e9r\u00e9my Letovsky<\/strong><br \/>\n        Confondateur et directeur g\u00e9n\u00e9ral d&rsquo;Hadrena    <\/p><\/blockquote>\n<p class=\" wall-content\">Mais, ce ne sera pas tout. Le p\u00f4le de loisirs proposera aussi du <strong>laser game, billard, des jeux d\u2019arcade, du quiz room, du karaok\u00e9, des fl\u00e9chettes<\/strong>. Enfin, Hadrena qui poss\u00e8de la franchise <strong>Fort Boyard aventure,<\/strong> proposera cette activit\u00e9 au sein de ce parc\u2009: plusieurs dizaines de pi\u00e8ces pour relever des d\u00e9fis comme dans le jeu t\u00e9l\u00e9vis\u00e9.<\/p>\n<p>\u00ab\u2009L\u2019ouverture au printemps 2026\u2009\u00bb<\/p>\n<p class=\" wall-content\">Ce sont ainsi <strong>7\u2009000\u00a0m\u00e8tres carr\u00e9s de surface<\/strong> qui sont en train d\u2019\u00eatre<strong> transform\u00e9s<\/strong>.<\/p>\n<p>    <img   decoding=\"async\" loading=\"lazy\" src=\"https:\/\/www.europesays.com\/fr\/wp-content\/uploads\/2025\/07\/parkign-souterrain-centre-commercial-carrefour-cesson-960x640.jpg\" alt=\"Le parking souterrain du centre commercial est actuellement en plein travaux.\" width=\"960\" height=\"640\"\/><br \/>\n    Le parking souterrain du centre commercial est actuellement en pleins travaux. (\u00a9Brian le Goff \/ actu Rennes)<\/p>\n<p class=\" wall-content\">\u00ab\u2009Ce qui est important dans le loisir, c\u2019est l\u2019accessibilit\u00e9. Pour nous, c\u2019est une <strong>belle opportunit\u00e9\u2009\u00bb,<\/strong> poursuit J\u00e9r\u00e9my Letovsky. Pour lui, <strong>Rennes est loin d\u2019\u00eatre satur\u00e9<\/strong> en termes d\u2019offres de loisirs. \u00ab\u2009Si on compare \u00e0 d\u2019autres villes de taille \u00e9quivalente, le nombre de centres par habitant n\u2019est pas encore pas au niveau. En termes de <a href=\"https:\/\/actu.fr\/bretagne\/rennes_35238\/bowling-pres-du-centre-alma-a-rennes-ou-en-est-on-trois-semaines-apres-l-incendie-devastateur_62240904.html\" rel=\"nofollow noopener\" target=\"_blank\">bowling<\/a>, l\u2019activit\u00e9 est plut\u00f4t sous-repr\u00e9sent\u00e9e\u2009\u00bb, assure-t-il.<\/p>\n<blockquote class=\"ac-article-quote wall-content\">\n<p>Carmila a vu que nous faisions ce type de d\u00e9veloppement dans beaucoup de zones commerciales et on a commenc\u00e9 \u00e0 en discuter en mai 2023. On a sign\u00e9 notre collaboration d\u00e9but 2024. Les travaux ont d\u00e9but\u00e9 en avril 2025 afin de nous livrer \u00ab\u00a0la coque\u00a0\u00bb de nos futurs locaux en novembre 2025, puis, apr\u00e8s une p\u00e9riode d&rsquo;am\u00e9nagement, l&rsquo;ouverture devrait se faire au printemps 2026.<\/p>\n<p>    <strong>J\u00e9r\u00e9my Letovsky<\/strong><br \/>\n        Confondateur et directeur g\u00e9n\u00e9ral d&rsquo;Hadrena    <\/p><\/blockquote>\n<p class=\" wall-content\">Actuellement, le parking souterrain est donc en chantier, le <strong>sol a \u00e9t\u00e9 recreus\u00e9 \u00e0 certains endroits, de nouveaux murs apparaissent.<\/strong><\/p>\n<p>\u00ab\u2009Le loisir est tr\u00e8s fortement demand\u00e9\u2009\u00bb<\/p>\n<p class=\" wall-content\">Pour le groupe, il s\u2019agit \u00ab\u2009d\u2019une <strong>d\u00e9marche<\/strong> qui permet d\u2019avoir une <strong>offre globale pour notre client\u00e8le, majoritairement familiale<\/strong>. Demain, elle retrouvera ainsi tout un panel d\u2019offres du quotidien, de pr\u00eat-\u00e0-porter, et aussi de loisirs.\u2009\u00bb<\/p>\n<p>    <img   decoding=\"async\" loading=\"lazy\" src=\"https:\/\/www.europesays.com\/fr\/wp-content\/uploads\/2025\/07\/centre-commercial-carrefour-rennes-cesson-directeur-laurent-rebuffic-960x640.jpg\" alt=\"Laurent Rebuffic, directeur du centre commercial Carrefour Rennes Cesson.\" width=\"960\" height=\"640\"\/><br \/>\n    Laurent Rebuffic, directeur du centre commercial Carrefour Rennes Cesson. (\u00a9 Brian le Goff \/ actu Rennes)<\/p>\n<p class=\" wall-content\">Ce choix de d\u00e9veloppement ne rel\u00e8ve donc <strong>pas d\u2019un manque de fr\u00e9quentation,<\/strong> selon la direction du centre. \u00ab\u2009En termes de fr\u00e9quentation et de chiffre d\u2019affaires, o<strong>n suit la tendance du r\u00e9seau.<\/strong> Le loisir est quelque chose de tr\u00e8s fortement demand\u00e9. La restauration, le sport, le bien-\u00eatre, sont \u00e9galement des marqueurs tr\u00e8s forts dans les \u00e9tudes, aupr\u00e8s des clients. On vient juste compl\u00e9ter l\u2019offre.\u2009\u00bb<\/p>\n<p class=\" wall-content\">Hadrena vise trois moments cl\u00e9s pour attirer sa client\u00e8le\u2009:<\/p>\n<ul class=\" wall-content\">\n<li>le week-end avec les familles\u2009;<\/li>\n<li>les soirs de semaine, avec en suppl\u00e9ment son<strong> bar licence 4<\/strong> ouvert jusqu\u2019\u00e0 minuit, permettant de servir des boissons avec des alcools forts\u2009;<\/li>\n<li>les entreprises en journ\u00e9e pour du team buildings, des moments de coh\u00e9sion, etc. L\u00e0 encore, une<strong> salle de s\u00e9minaire<\/strong> est pr\u00e9vue.<\/li>\n<\/ul>\n<p class=\" wall-content\">\u00ab\u2009C\u2019est un lieu qui, par sa surface, <strong>pourra accueillir de tr\u00e8s grands \u00e9v\u00e9nements\u2009\u00bb<\/strong>, explique J\u00e9r\u00e9my Letovsky, directeur g\u00e9n\u00e9ral d\u2019Hadrena.<\/p>\n<p>Une entr\u00e9e bien (re)travaill\u00e9e<\/p>\n<p class=\" wall-content\">Pour \u00eatre le plus visible possible, un soin particulier sera apport\u00e9 \u00e0 l\u2019entr\u00e9e principale qui s\u2019appuiera sur l\u2019infrastructure existante, soit l\u2019ancienne rampe d\u2019acc\u00e8s des v\u00e9hicules au parking (notre photo en une de l\u2019article), avec beaucoup de d\u00e9corations.<\/p>\n<p class=\" wall-content\">Un <strong>acc\u00e8s par l\u2019int\u00e9rieur du centre commercial<\/strong> est aussi pr\u00e9vu durant les horaires d\u2019ouverture de ce dernier.<\/p>\n<p class=\" wall-content\">La <strong>circulation va par ailleurs \u00e9voluer<\/strong> un petit peu. Les v\u00e9hicules circuleront en double sens entre cette entr\u00e9e et la station-service et ne seront justement plus s\u00e9par\u00e9s par la rampe d\u2019acc\u00e8s au sous-sol, comme jusqu\u2019\u00e0 maintenant.<\/p>\n<p class=\" wall-content\">Suivez toute l\u2019actualit\u00e9 de vos villes et m\u00e9dias favoris en vous inscrivant \u00e0 <a href=\"https:\/\/moncompte.actu.fr\" title=\"D\u00e9couvez Mon Actu\" rel=\"nofollow noopener\" data-trk=\"{&quot;cta&quot;:{&quot;action&quot;:&quot;https:\\\/\\\/moncompte.actu.fr&quot;,&quot;category&quot;:&quot;mon compte&quot;,&quot;from&quot;:&quot;article footer&quot;,&quot;name&quot;:&quot;Mon actu&quot;,&quot;type&quot;:&quot;cta&quot;}}\" target=\"_blank\">Mon Actu<\/a>.<\/p>\n","protected":false},"excerpt":{"rendered":"Par Brian Le Goff Publi\u00e9 le 18 juil. 2025 \u00e0 19h08 INFO ACTU RENNES. Il sera bient\u00f4t possible&hellip;\n","protected":false},"author":2,"featured_media":257032,"comment_status":"","ping_status":"","sticky":false,"template":"","format":"standard","meta":{"footnotes":""},"categories":[2821],"tags":[1111,11,829,215,33,1777,674,1011,27,12,584,25,2086],"class_list":{"0":"post-257031","1":"post","2":"type-post","3":"status-publish","4":"format-standard","5":"has-post-thumbnail","7":"category-rennes","8":"tag-actu","9":"tag-actualites","10":"tag-bretagne","11":"tag-commerce","12":"tag-economie","13":"tag-eu","14":"tag-europe","15":"tag-fr","16":"tag-france","17":"tag-news","18":"tag-rennes","19":"tag-republique-francaise","20":"tag-travaux"},"share_on_mastodon":{"url":"https:\/\/pubeurope.com\/@fr\/114875750519617759","error":""},"_links":{"self":[{"href":"https:\/\/www.europesays.com\/fr\/wp-json\/wp\/v2\/posts\/257031","targetHints":{"allow":["GET"]}}],"collection":[{"href":"https:\/\/www.europesays.com\/fr\/wp-json\/wp\/v2\/posts"}],"about":[{"href":"https:\/\/www.europesays.com\/fr\/wp-json\/wp\/v2\/types\/post"}],"author":[{"embeddable":true,"href":"https:\/\/www.europesays.com\/fr\/wp-json\/wp\/v2\/users\/2"}],"replies":[{"embeddable":true,"href":"https:\/\/www.europesays.com\/fr\/wp-json\/wp\/v2\/comments?post=257031"}],"version-history":[{"count":0,"href":"https:\/\/www.europesays.com\/fr\/wp-json\/wp\/v2\/posts\/257031\/revisions"}],"wp:featuredmedia":[{"embeddable":true,"href":"https:\/\/www.europesays.com\/fr\/wp-json\/wp\/v2\/media\/257032"}],"wp:attachment":[{"href":"https:\/\/www.europesays.com\/fr\/wp-json\/wp\/v2\/media?parent=257031"}],"wp:term":[{"taxonomy":"category","embeddable":true,"href":"https:\/\/www.europesays.com\/fr\/wp-json\/wp\/v2\/categories?post=257031"},{"taxonomy":"post_tag","embeddable":true,"href":"https:\/\/www.europesays.com\/fr\/wp-json\/wp\/v2\/tags?post=257031"}],"curies":[{"name":"wp","href":"https:\/\/api.w.org\/{rel}","templated":true}]}}