{"id":257035,"date":"2025-07-18T18:54:11","date_gmt":"2025-07-18T18:54:11","guid":{"rendered":"https:\/\/www.europesays.com\/fr\/257035\/"},"modified":"2025-07-18T18:54:11","modified_gmt":"2025-07-18T18:54:11","slug":"la-telechirurgie-va-devenir-la-routine","status":"publish","type":"post","link":"https:\/\/www.europesays.com\/fr\/257035\/","title":{"rendered":"\u00ab\u00a0La t\u00e9l\u00e9chirurgie va devenir la routine\u00a0\u00bb"},"content":{"rendered":"<p>En 2001, <a href=\"https:\/\/www.dna.fr\/sante\/2021\/07\/20\/le-pr-marescaux-promu-commandeur\" target=\"_blank\" rel=\"noopener\">le professeur Jacques Marescaux<\/a> , pr\u00e9sident et fondateur de l\u2019Institut de recherche des cancers de l\u2019appareil digestif (Ircad), r\u00e9alisait avec succ\u00e8s depuis les \u00c9tats-Unis la premi\u00e8re op\u00e9ration chirurgicale sur une patiente \u00e0 Strasbourg. 24 ans plus tard, la Soci\u00e9t\u00e9 mondiale de chirurgie robotique (SRS) a souhait\u00e9 rendre hommage \u00e0 cette avanc\u00e9e historique, baptis\u00e9e op\u00e9ration Lindbergh. Apr\u00e8s Orlando et Melbourne, c\u2019est dans la capitale europ\u00e9enne qu\u2019elle organise cette ann\u00e9e son congr\u00e8s international. 2\u00a0500 chirurgiens de 70 pays diff\u00e9rents partagent jusqu\u2019\u00e0 dimanche leur temps entre l\u2019Ircad et le Palais des congr\u00e8s. Au programme, des sessions pl\u00e9ni\u00e8res pour \u00e9changer sur les derni\u00e8res innovations mais aussi assister \u00e0 des d\u00e9monstrations de t\u00e9l\u00e9chirurgie en direct entre Strasbourg, les \u00c9tats-Unis, le Japon et la Chine.<\/p>\n<p>  Des op\u00e9rations en direct entre continents<\/p>\n<p>Ce vendredi 18\u00a0juillet, le docteur Mohit Bhandari effectuait par exemple un bypass gastrique depuis <a href=\"https:\/\/www.dna.fr\/sante\/2021\/10\/16\/l-ircad-inaugure-une-nouvelle-extension-dediee-a-la-robotique-chirurgicale\" target=\"_blank\" rel=\"noopener\">l\u2019Ircad<\/a> sur un patient hospitalis\u00e9 en Inde \u00e0 l\u2019aide d\u2019un robot indien Mantra. Quatre jours plus t\u00f4t, pour la premi\u00e8re fois, quatre consoles de commande, situ\u00e9es \u00e0 Strasbourg, deux autres en Chine (\u00e0 Beijing et \u00e0 Fuzhou) et la derni\u00e8re \u00e0 Almaty au Kazakhstan, \u00e9taient connect\u00e9es ensemble. Les deux malades se trouvaient pour l\u2019un \u00e0 Almaty pour l\u2019autre \u00e0 Fuzhou. Depuis l\u2019Ircad, le professeur Vipul Patel, chirurgien reconnu internationalement pour son expertise sur les cancers de la prostate, pouvait intervenir pour assister les chirurgiens sur place. Cette fois-ci, le robot chinois Sagebot \u00e9tait utilis\u00e9.<\/p>\n<p>  \u00ab\u00a0La t\u00e9l\u00e9chirurgie pourrait permettre l\u2019acc\u00e8s aux soins pour tous\u00a0\u00bb<\/p>\n<p>\u00ab\u00a0Aujourd\u2019hui, les neuf Ircad \u00e0 travers le monde peuvent se connecter en m\u00eame temps. Il n\u2019y a plus aucune barri\u00e8re g\u00e9ographique. La t\u00e9l\u00e9chirurgie qui \u00e9tait une science-fiction il y a plus de vingt ans va devenir la routine. Elle pourrait permettre l\u2019acc\u00e8s aux soins pour tous, esp\u00e8re Jacques Marescaux. Encore faudra-t-il r\u00e9gler deux probl\u00e8mes majeurs, celui de la r\u00e9gulation \u2013 qui est responsable\u00a0? \u2013 et celui du co\u00fbt.\u00a0\u00bb<\/p>\n<p>Lors du congr\u00e8s, 17 t\u00e9l\u00e9chirurgies ont \u00e9t\u00e9 diffus\u00e9es en direct. Au Palais de la musique et des congr\u00e8s, les robots derni\u00e8re g\u00e9n\u00e9ration d\u2019une vingtaine de soci\u00e9t\u00e9s ont \u00e9t\u00e9 expos\u00e9s. Un partenariat entre la soci\u00e9t\u00e9 de robotique SRS, l\u2019Ircad et l\u2019Organisation mondiale de la sant\u00e9 a \u00e9galement \u00e9t\u00e9 sign\u00e9 pour cr\u00e9er une plateforme d\u00e9di\u00e9e au d\u00e9veloppement des technologies m\u00e9dicales dans les pays en d\u00e9veloppement au sein de l\u2019OMS. Dans le monde, entre 4,6 et 5\u00a0milliards d\u2019hommes et de femmes n\u2019ont pas acc\u00e8s \u00e0 des soins chirurgicaux s\u00fbrs, abordables et en temps opportun.<\/p>\n","protected":false},"excerpt":{"rendered":"En 2001, le professeur Jacques Marescaux , pr\u00e9sident et fondateur de l\u2019Institut de recherche des cancers de l\u2019appareil&hellip;\n","protected":false},"author":2,"featured_media":257036,"comment_status":"","ping_status":"","sticky":false,"template":"","format":"standard","meta":{"footnotes":""},"categories":[2820],"tags":[1111,11,2389,2649,2880,1777,674,107,1011,27,775,12,25,71,767,640,2879],"class_list":{"0":"post-257035","1":"post","2":"type-post","3":"status-publish","4":"format-standard","5":"has-post-thumbnail","7":"category-strasbourg","8":"tag-actu","9":"tag-actualites","10":"tag-alsace","11":"tag-bas-rhin","12":"tag-edition-strasbourg","13":"tag-eu","14":"tag-europe","15":"tag-fil-info","16":"tag-fr","17":"tag-france","18":"tag-grand-est","19":"tag-news","20":"tag-republique-francaise","21":"tag-sante","22":"tag-science-et-technologie","23":"tag-strasbourg","24":"tag-strasbourg-ville"},"share_on_mastodon":{"url":"https:\/\/pubeurope.com\/@fr\/114875758349417861","error":""},"_links":{"self":[{"href":"https:\/\/www.europesays.com\/fr\/wp-json\/wp\/v2\/posts\/257035","targetHints":{"allow":["GET"]}}],"collection":[{"href":"https:\/\/www.europesays.com\/fr\/wp-json\/wp\/v2\/posts"}],"about":[{"href":"https:\/\/www.europesays.com\/fr\/wp-json\/wp\/v2\/types\/post"}],"author":[{"embeddable":true,"href":"https:\/\/www.europesays.com\/fr\/wp-json\/wp\/v2\/users\/2"}],"replies":[{"embeddable":true,"href":"https:\/\/www.europesays.com\/fr\/wp-json\/wp\/v2\/comments?post=257035"}],"version-history":[{"count":0,"href":"https:\/\/www.europesays.com\/fr\/wp-json\/wp\/v2\/posts\/257035\/revisions"}],"wp:featuredmedia":[{"embeddable":true,"href":"https:\/\/www.europesays.com\/fr\/wp-json\/wp\/v2\/media\/257036"}],"wp:attachment":[{"href":"https:\/\/www.europesays.com\/fr\/wp-json\/wp\/v2\/media?parent=257035"}],"wp:term":[{"taxonomy":"category","embeddable":true,"href":"https:\/\/www.europesays.com\/fr\/wp-json\/wp\/v2\/categories?post=257035"},{"taxonomy":"post_tag","embeddable":true,"href":"https:\/\/www.europesays.com\/fr\/wp-json\/wp\/v2\/tags?post=257035"}],"curies":[{"name":"wp","href":"https:\/\/api.w.org\/{rel}","templated":true}]}}