{"id":257039,"date":"2025-07-18T18:56:10","date_gmt":"2025-07-18T18:56:10","guid":{"rendered":"https:\/\/www.europesays.com\/fr\/257039\/"},"modified":"2025-07-18T18:56:10","modified_gmt":"2025-07-18T18:56:10","slug":"suspicion-de-pollution-analyse-en-cours-cagnes-sur-mer-ferme-plusieurs-plages-a-la-baignade-ce-vendredi-en-fin-dapres-midi","status":"publish","type":"post","link":"https:\/\/www.europesays.com\/fr\/257039\/","title":{"rendered":"Suspicion de pollution, analyse en cours&#8230; Cagnes-sur-Mer ferme plusieurs plages \u00e0 la baignade ce vendredi en fin d&rsquo;apr\u00e8s-midi"},"content":{"rendered":"<p>\u00ab\u00a0Une qualit\u00e9 exemplaire!\u00a0\u00bb Ce mercredi 16 juillet, c\u2019est en ces mots que la ville de Cagnes-sur-Mer se f\u00e9licitait sur ses r\u00e9seaux sociaux de la puret\u00e9 de ses eaux de baignade. \u00ab\u00a0L\u2019Agence r\u00e9gionale de sant\u00e9 (ARS) vient de le confirmer\u2005: toutes les plages de notre commune ont \u00e9t\u00e9 class\u00e9es \u2018excellentes\u2019 en 2024, sauf Grand Large, class\u00e9e \u2018bonne\u2019. Aucun impact des pollutions signal\u00e9es sur les communes voisines. [Nos] eaux sont s\u00fbres, surveill\u00e9es et prot\u00e9g\u00e9es\u00a0\u00bb, pouvait-on lire.<\/p>\n<p>Le hic: deux jours plus tard, ce vendredi 18 juillet, voil\u00e0 la m\u00eame municipalit\u00e9 envoyant un communiqu\u00e9 \u00e0 17\u2005h\u200530 pour signifier la \u00ab\u00a0fermeture pr\u00e9ventive\u00a0\u00bb imm\u00e9diate d\u2019une partie de son rivage. <\/p>\n<p>\u00ab\u00a0En raison d\u2019une suspicion de pollution en mer, les plages situ\u00e9es de l\u2019\u00e9pi 15 jusqu\u2019\u00e0 Saint-Laurent-du-Var sont ferm\u00e9es par mesure de pr\u00e9caution. Les postes de secours concern\u00e9s ont proc\u00e9d\u00e9 \u00e0 la fermeture de leurs zones de baignade, et un affichage est en cours afin d\u2019informer le public\u00a0\u00bb, y apprend-on. Sont concern\u00e9es\u2005: les plages du port, de l\u2019entr\u00e9e du port et de l\u2019\u00c9glise.<\/p>\n<p><strong>\u00ab\u00a0Politique de l\u2019autruche\u00a0\u00bb<\/strong><\/p>\n<p>Un curieux t\u00e9lescopage qui n\u2019a pas manqu\u00e9 de faire r\u00e9agir l\u2019\u00e9lu d\u2019opposition Philippe Touzeau-Menoni (groupe Union pour Cagnes). Car, hasard du calendrier&#8230; l\u2019homme, qui alerte depuis des mois sur la qualit\u00e9 des eaux de baignade dans sa ville et sur les rejets de la station d\u2019\u00e9puration de Saint-Laurent, \u00e9tait en mer pas plus tard que ce matin.<\/p>\n<p>Vid\u00e9o \u00e0 l\u2019appui, il filmait sa session de navigation \u00e0 la rame au milieu d\u2019une \u00e9cume marron peu rago\u00fbtante. Apprenant la fermeture, le voil\u00e0 plut\u00f4t constern\u00e9: \u00ab\u00a0Je respire un grand coup et j\u2019oublie que je suis un opposant\u2005: cela fait des ann\u00e9es que je nage ici tous les jours ou presque. Avant, la mer pouvait \u00eatre trouble vers 11\u2005h ou 16\u2005h en fonction des rejets de la station. Cette ann\u00e9e, elle l\u2019est d\u00e8s le matin. C\u2019est catastrophique\u2005! Et c\u2019est une perte totale de cr\u00e9dibilit\u00e9 pour le maire qui, en 72\u2005heures, dit \u2018tout va bien\u2019 puis \u2018on ferme\u2019. Le probl\u00e8me des autorit\u00e9s, que ce soit la M\u00e9tropole et sa r\u00e9gie Eau d\u2019Azur, la ville de Saint-Laurent-du-Var ou de Cagnes, c\u2019est de pratiquer la politique de l\u2019autruche\u00a0\u00bb.<\/p>\n<p><strong>Le spectre laurentin?<\/strong><\/p>\n<p>Depuis plusieurs ann\u00e9es, il est vrai que le feuilleton de la mauvaise qualit\u00e9 des eaux de baignade est rest\u00e9 accroch\u00e9 \u00e0 la ville voisine de Saint-Laurent comme le sparadrap sur la main du capitaine Haddock. <a href=\"https:\/\/www.nicematin.com\/justice\/affaire-de-la-station-d-epuration-de-saint-laurent-du-var-la-justice-saisie-une-enquete-en-cours-983161\" target=\"_blank\" rel=\"noopener nofollow\">En mai 2025, le p\u00f4le r\u00e9gional sp\u00e9cialis\u00e9 en mati\u00e8re d\u2019atteintes \u00e0 l\u2019environnement \u00e9tait saisi<\/a> du cas de la station d\u2019\u00e9puration laurentine et de ses rejets polluant.<\/p>\n<p><a href=\"https:\/\/www.nicematin.com\/environnement\/deux-plages-rouvrent-a-saint-laurent-du-var-la-fin-du-scandale-de-pollution-de-la-station-d-epuration--987698\" target=\"_blank\" rel=\"noopener nofollow\">Si depuis des plages ont rouvert<\/a>, celles de Cousteau et Landsberg (proches de Cap 3\u2005000) restent en revanche interdites en 2025. Une sanction administrative: apr\u00e8s cinq ans cons\u00e9cutifs de mauvais r\u00e9sultats. Ce vendredi 18 juillet, d\u00e8s que l\u2019information a \u00e9t\u00e9 rendue publique par la ville de Cagnes sur ses r\u00e9seaux sociaux, les commentaires cinglants sont all\u00e9s bon train.<\/p>\n<p>\u00ab\u00a0Il me semble qu\u2019hier on pouvait boire l\u2019eau de mer tant on avait une trop bonne qualit\u00e9 sur les plages de Cagnes. Mais \u00e7a, c\u2019\u00e9tait hier\u00a0\u00bb, tance notamment Nathalie. De son c\u00f4t\u00e9, la municipalit\u00e9 mentionne dans son communiqu\u00e9 \u00ab\u00a0des analyses en cours\u00a0\u00bb et une future information des r\u00e9sultats \u00e0 la population.<\/p>\n","protected":false},"excerpt":{"rendered":"\u00ab\u00a0Une qualit\u00e9 exemplaire!\u00a0\u00bb Ce mercredi 16 juillet, c\u2019est en ces mots que la ville de Cagnes-sur-Mer se f\u00e9licitait&hellip;\n","protected":false},"author":2,"featured_media":257040,"comment_status":"","ping_status":"","sticky":false,"template":"","format":"standard","meta":{"footnotes":""},"categories":[2819],"tags":[1111,11,436,1777,674,1011,27,12,2401,882,25,71],"class_list":{"0":"post-257039","1":"post","2":"type-post","3":"status-publish","4":"format-standard","5":"has-post-thumbnail","7":"category-nice","8":"tag-actu","9":"tag-actualites","10":"tag-environnement","11":"tag-eu","12":"tag-europe","13":"tag-fr","14":"tag-france","15":"tag-news","16":"tag-nice","17":"tag-provence-alpes-cote-dazur","18":"tag-republique-francaise","19":"tag-sante"},"share_on_mastodon":{"url":"https:\/\/pubeurope.com\/@fr\/114875766143145401","error":""},"_links":{"self":[{"href":"https:\/\/www.europesays.com\/fr\/wp-json\/wp\/v2\/posts\/257039","targetHints":{"allow":["GET"]}}],"collection":[{"href":"https:\/\/www.europesays.com\/fr\/wp-json\/wp\/v2\/posts"}],"about":[{"href":"https:\/\/www.europesays.com\/fr\/wp-json\/wp\/v2\/types\/post"}],"author":[{"embeddable":true,"href":"https:\/\/www.europesays.com\/fr\/wp-json\/wp\/v2\/users\/2"}],"replies":[{"embeddable":true,"href":"https:\/\/www.europesays.com\/fr\/wp-json\/wp\/v2\/comments?post=257039"}],"version-history":[{"count":0,"href":"https:\/\/www.europesays.com\/fr\/wp-json\/wp\/v2\/posts\/257039\/revisions"}],"wp:featuredmedia":[{"embeddable":true,"href":"https:\/\/www.europesays.com\/fr\/wp-json\/wp\/v2\/media\/257040"}],"wp:attachment":[{"href":"https:\/\/www.europesays.com\/fr\/wp-json\/wp\/v2\/media?parent=257039"}],"wp:term":[{"taxonomy":"category","embeddable":true,"href":"https:\/\/www.europesays.com\/fr\/wp-json\/wp\/v2\/categories?post=257039"},{"taxonomy":"post_tag","embeddable":true,"href":"https:\/\/www.europesays.com\/fr\/wp-json\/wp\/v2\/tags?post=257039"}],"curies":[{"name":"wp","href":"https:\/\/api.w.org\/{rel}","templated":true}]}}