{"id":257045,"date":"2025-07-18T18:59:37","date_gmt":"2025-07-18T18:59:37","guid":{"rendered":"https:\/\/www.europesays.com\/fr\/257045\/"},"modified":"2025-07-18T18:59:37","modified_gmt":"2025-07-18T18:59:37","slug":"qui-est-youssef-el-arabi-la-nouvelle-recrue-des-canaris","status":"publish","type":"post","link":"https:\/\/www.europesays.com\/fr\/257045\/","title":{"rendered":"qui est Youssef El Arabi, la nouvelle recrue des Canaris\u00a0?"},"content":{"rendered":"<p>            Par<br \/>\n        <strong><br \/>\n            <a href=\"https:\/\/actu.fr\/auteur\/thomas-bernard\" title=\"Consulter tous les articles de Thomas Bernard\" rel=\"nofollow noopener\" target=\"_blank\">Thomas Bernard<\/a><br \/>\n        <\/strong><\/p>\n<p>        Publi\u00e9 le<\/p>\n<p>            18 juil. 2025 \u00e0 18h53        <\/p>\n<p>Il est la troisi\u00e8me recrue du mercato estival du FC Nantes. Apr\u00e8s <a href=\"https:\/\/actu.fr\/pays-de-la-loire\/nantes_44109\/fc-nantes-qui-sont-alexis-mirbach-et-uros-radakovic-les-deux-premieres-recrues-des-canaris_62850318.html\" rel=\"nofollow noopener\" target=\"_blank\">Uros Radakovic et Alexis Mirbach<\/a>, <strong>Youssef El Arabi<\/strong>, rejoint les bords de l\u2019Erdre. Arriv\u00e9 libre en provenance de l\u2019Apoel Nicosie (Chypre), l\u2019attaquant Marocain a paraph\u00e9 <strong>un contrat d\u2019un an<\/strong> (plus un en option) avec les Canaris. L\u2019octuple champion de France a officialis\u00e9 l\u2019arriv\u00e9e du joueur de 38\u00a0ans, ce vendredi 18\u00a0juillet 2025.<\/p>\n<p class=\" wall-content\">\n<p>Un joueur exp\u00e9riment\u00e9<\/p>\n<p class=\" wall-content\">Form\u00e9 en partie au <a href=\"https:\/\/actu.fr\/sports\/football\/sm-caen\" rel=\"nofollow noopener\" target=\"_blank\">Stade Malherbe de Caen<\/a>, El Arabi effectue ses d\u00e9buts professionnels avec le club normand en 2009. Apr\u00e8s une mont\u00e9e en Ligue\u00a01, le Marocain marque 17<strong>\u00a0buts avec Caen<\/strong> pour sa premi\u00e8re ann\u00e9e dans l\u2019\u00e9lite.<\/p>\n<p class=\" wall-content\">Durant l\u2019\u00e9t\u00e9 2011, Youssef El Arabi rejoint le club saoudien d\u2019Al-Hilal avant de retourner en Europe en signant \u00e0 Grenade en 2012. En Espagne, El Arabi inscrit 44\u00a0buts en quatre saisons puis d\u00e9cide de signer \u00e0 Al-Duhail, club qatari.<\/p>\n<p class=\" wall-content\">Le natif de Caen retourne en Europe en 2019 sous le maillot de l\u2019Olympiakos. Il inscrit <strong>94\u00a0buts en 225 matchs<\/strong>, avec l\u2019\u00e9quipe grecque.<\/p>\n<p class=\" wall-content\">Cet \u00e9t\u00e9, Youssef El Arabi rejoint les bords de Loire apr\u00e8s avoir disput\u00e9 45 matchs (14\u00a0buts) avec le club chypriote de l\u2019Apoel Nicosie lors de la saison 2024\/2025.<\/p>\n<p>Vid\u00e9os : en ce moment sur Actu<\/p>\n<p class=\" wall-content\">\u00ab\u2009Je suis tr\u00e8s content de revenir en Ligue\u00a01, c\u2019est un vrai challenge, et le fait que ce soit dans <strong>un club mythique comme Nantes, c\u2019est encore mieux\u2009\u00bb<\/strong>, a d\u00e9clar\u00e9 le nouveau joueur nantais sur le <a href=\"https:\/\/www.fcnantes.com\/articles\/article2809.php?num=47525\" rel=\"nofollow noopener\" target=\"_blank\">site officiel du club<\/a>.<\/p>\n<p class=\" wall-content\">Sous les ordres de Luis Castro, l\u2019international marocain (47 s\u00e9lections) devrait apporter son exp\u00e9rience au sein d\u2019un effectif tr\u00e8s rajeuni lors de ce mercato estival. El Arabi portera le num\u00e9ro\u00a019.<\/p>\n<p class=\" wall-content\">Suivez toute l\u2019actualit\u00e9 de vos villes et m\u00e9dias favoris en vous inscrivant \u00e0 <a href=\"https:\/\/moncompte.actu.fr\" title=\"D\u00e9couvez Mon Actu\" rel=\"nofollow noopener\" data-trk=\"{&quot;cta&quot;:{&quot;action&quot;:&quot;https:\\\/\\\/moncompte.actu.fr&quot;,&quot;category&quot;:&quot;mon compte&quot;,&quot;from&quot;:&quot;article footer&quot;,&quot;name&quot;:&quot;Mon actu&quot;,&quot;type&quot;:&quot;cta&quot;}}\" target=\"_blank\">Mon Actu<\/a>.<\/p>\n","protected":false},"excerpt":{"rendered":"Par Thomas Bernard Publi\u00e9 le 18 juil. 2025 \u00e0 18h53 Il est la troisi\u00e8me recrue du mercato estival&hellip;\n","protected":false},"author":2,"featured_media":257046,"comment_status":"","ping_status":"","sticky":false,"template":"","format":"standard","meta":{"footnotes":""},"categories":[2818],"tags":[1111,11,1777,674,462,63,1011,27,1434,766,12,2636,25,60],"class_list":{"0":"post-257045","1":"post","2":"type-post","3":"status-publish","4":"format-standard","5":"has-post-thumbnail","7":"category-nantes","8":"tag-actu","9":"tag-actualites","10":"tag-eu","11":"tag-europe","12":"tag-fc-nantes","13":"tag-football","14":"tag-fr","15":"tag-france","16":"tag-mercato","17":"tag-nantes","18":"tag-news","19":"tag-pays-de-la-loire","20":"tag-republique-francaise","21":"tag-sports"},"share_on_mastodon":{"url":"https:\/\/pubeurope.com\/@fr\/114875778152357541","error":""},"_links":{"self":[{"href":"https:\/\/www.europesays.com\/fr\/wp-json\/wp\/v2\/posts\/257045","targetHints":{"allow":["GET"]}}],"collection":[{"href":"https:\/\/www.europesays.com\/fr\/wp-json\/wp\/v2\/posts"}],"about":[{"href":"https:\/\/www.europesays.com\/fr\/wp-json\/wp\/v2\/types\/post"}],"author":[{"embeddable":true,"href":"https:\/\/www.europesays.com\/fr\/wp-json\/wp\/v2\/users\/2"}],"replies":[{"embeddable":true,"href":"https:\/\/www.europesays.com\/fr\/wp-json\/wp\/v2\/comments?post=257045"}],"version-history":[{"count":0,"href":"https:\/\/www.europesays.com\/fr\/wp-json\/wp\/v2\/posts\/257045\/revisions"}],"wp:featuredmedia":[{"embeddable":true,"href":"https:\/\/www.europesays.com\/fr\/wp-json\/wp\/v2\/media\/257046"}],"wp:attachment":[{"href":"https:\/\/www.europesays.com\/fr\/wp-json\/wp\/v2\/media?parent=257045"}],"wp:term":[{"taxonomy":"category","embeddable":true,"href":"https:\/\/www.europesays.com\/fr\/wp-json\/wp\/v2\/categories?post=257045"},{"taxonomy":"post_tag","embeddable":true,"href":"https:\/\/www.europesays.com\/fr\/wp-json\/wp\/v2\/tags?post=257045"}],"curies":[{"name":"wp","href":"https:\/\/api.w.org\/{rel}","templated":true}]}}