{"id":257051,"date":"2025-07-18T19:02:09","date_gmt":"2025-07-18T19:02:09","guid":{"rendered":"https:\/\/www.europesays.com\/fr\/257051\/"},"modified":"2025-07-18T19:02:09","modified_gmt":"2025-07-18T19:02:09","slug":"pres-de-toulouse-habituee-du-demarchage-telephonique-abusif-cette-entreprise-ecope-dune-amende-salee","status":"publish","type":"post","link":"https:\/\/www.europesays.com\/fr\/257051\/","title":{"rendered":"Pr\u00e8s de Toulouse. Habitu\u00e9e du d\u00e9marchage t\u00e9l\u00e9phonique abusif, cette entreprise \u00e9cope d&rsquo;une amende sal\u00e9e"},"content":{"rendered":"<p>            Par<br \/>\n        <strong><br \/>\n            <a href=\"https:\/\/actu.fr\/auteur\/anaelle-montagne\" title=\"Consulter tous les articles de Anaelle Montagne\" rel=\"nofollow noopener\" target=\"_blank\">Anaelle Montagne<\/a><br \/>\n        <\/strong><\/p>\n<p>        Publi\u00e9 le<\/p>\n<p>            18 juil. 2025 \u00e0 20h50        <\/p>\n<p>Elle avait \u00e9mis <strong>plus de 3 300 appels abusifs<\/strong> de d\u00e9marchage t\u00e9l\u00e9phonique. Une entreprise de r\u00e9novation \u00e9nerg\u00e9tique, bas\u00e9e \u00e0 <a href=\"https:\/\/actu.fr\/occitanie\/muret_31395\" rel=\"nofollow noopener\" target=\"_blank\">Muret<\/a> pr\u00e8s de Toulouse, vient d\u2019\u00eatre condamn\u00e9e \u00e0 payer une amende sal\u00e9e. Il s\u2019agit de l\u2019enseigne Energie B, un installateur sp\u00e9cialis\u00e9 dans la <strong>r\u00e9novation \u00e9nerg\u00e9tique<\/strong> qui travaille dans toute la r\u00e9gion toulousaine.<\/p>\n<p class=\" wall-content\">Au total, pour ses \u00ab\u00a0nombreux manquements pr\u00e9judiciables pour les consommateurs\u00a0\u00bb, la Direction d\u00e9partementale de la protection des populations de Haute-Garonne l\u2019a condamn\u00e9e \u00e0 d\u00e9bourser\u2026 <strong>253 000 euros<\/strong>.\u00a0<\/p>\n<p>Ce secteur n\u2019a pas le droit au d\u00e9marchage<\/p>\n<p class=\" wall-content\">Les 3 377 appels abusifs ont \u00e9t\u00e9 \u00e9mis \u00ab\u00a0dans le cadre de la r\u00e9novation \u00e9nerg\u00e9tique des logements\u00a0\u00bb, indique de son c\u00f4t\u00e9 la Direction g\u00e9n\u00e9rale de la concurrence, de la consommation et de la r\u00e9pression des fraudes.<\/p>\n<p class=\" wall-content\">Il s\u2019agit donc d\u2019une<strong> \u00ab\u00a0violation de l\u2019interdiction sectorielle\u00a0\u00bb<\/strong> : pour rappel, les entreprises de r\u00e9novation \u00e9nerg\u00e9tique ont interdiction de prendre part au <a href=\"https:\/\/actu.fr\/societe\/le-demarchage-telephonique-bientot-interdit-ce-que-va-changer-la-loi-qui-doit-etre-votee-ce-mercredi_62644320.html\" rel=\"nofollow noopener\" target=\"_blank\">d\u00e9marchage t\u00e9l\u00e9phonique<\/a>.\u00a0<\/p>\n<p class=\" wall-content\">Suivez toute l\u2019actualit\u00e9 de vos villes et m\u00e9dias favoris en vous inscrivant \u00e0 <a href=\"https:\/\/moncompte.actu.fr\" title=\"D\u00e9couvez Mon Actu\" rel=\"nofollow noopener\" data-trk=\"{&quot;cta&quot;:{&quot;action&quot;:&quot;https:\\\/\\\/moncompte.actu.fr&quot;,&quot;category&quot;:&quot;mon compte&quot;,&quot;from&quot;:&quot;article footer&quot;,&quot;name&quot;:&quot;Mon actu&quot;,&quot;type&quot;:&quot;cta&quot;}}\" target=\"_blank\">Mon Actu<\/a>.<\/p>\n","protected":false},"excerpt":{"rendered":"Par Anaelle Montagne Publi\u00e9 le 18 juil. 2025 \u00e0 20h50 Elle avait \u00e9mis plus de 3 300 appels&hellip;\n","protected":false},"author":2,"featured_media":257052,"comment_status":"","ping_status":"","sticky":false,"template":"","format":"standard","meta":{"footnotes":""},"categories":[2816],"tags":[1111,11,23332,1777,674,1011,27,12,2680,25,104,2312],"class_list":{"0":"post-257051","1":"post","2":"type-post","3":"status-publish","4":"format-standard","5":"has-post-thumbnail","7":"category-toulouse","8":"tag-actu","9":"tag-actualites","10":"tag-demarchage-abusif","11":"tag-eu","12":"tag-europe","13":"tag-fr","14":"tag-france","15":"tag-news","16":"tag-occitanie","17":"tag-republique-francaise","18":"tag-societe","19":"tag-toulouse"},"share_on_mastodon":{"url":"https:\/\/pubeurope.com\/@fr\/114875789722829783","error":""},"_links":{"self":[{"href":"https:\/\/www.europesays.com\/fr\/wp-json\/wp\/v2\/posts\/257051","targetHints":{"allow":["GET"]}}],"collection":[{"href":"https:\/\/www.europesays.com\/fr\/wp-json\/wp\/v2\/posts"}],"about":[{"href":"https:\/\/www.europesays.com\/fr\/wp-json\/wp\/v2\/types\/post"}],"author":[{"embeddable":true,"href":"https:\/\/www.europesays.com\/fr\/wp-json\/wp\/v2\/users\/2"}],"replies":[{"embeddable":true,"href":"https:\/\/www.europesays.com\/fr\/wp-json\/wp\/v2\/comments?post=257051"}],"version-history":[{"count":0,"href":"https:\/\/www.europesays.com\/fr\/wp-json\/wp\/v2\/posts\/257051\/revisions"}],"wp:featuredmedia":[{"embeddable":true,"href":"https:\/\/www.europesays.com\/fr\/wp-json\/wp\/v2\/media\/257052"}],"wp:attachment":[{"href":"https:\/\/www.europesays.com\/fr\/wp-json\/wp\/v2\/media?parent=257051"}],"wp:term":[{"taxonomy":"category","embeddable":true,"href":"https:\/\/www.europesays.com\/fr\/wp-json\/wp\/v2\/categories?post=257051"},{"taxonomy":"post_tag","embeddable":true,"href":"https:\/\/www.europesays.com\/fr\/wp-json\/wp\/v2\/tags?post=257051"}],"curies":[{"name":"wp","href":"https:\/\/api.w.org\/{rel}","templated":true}]}}