{"id":257055,"date":"2025-07-18T19:04:26","date_gmt":"2025-07-18T19:04:26","guid":{"rendered":"https:\/\/www.europesays.com\/fr\/257055\/"},"modified":"2025-07-18T19:04:26","modified_gmt":"2025-07-18T19:04:26","slug":"lectures-en-herbes-des-histoires-dans-les-parcs-de-roubaix","status":"publish","type":"post","link":"https:\/\/www.europesays.com\/fr\/257055\/","title":{"rendered":"Lectures en herbes, des histoires dans les parcs de Roubaix"},"content":{"rendered":"<p class=\"introduction\">Jusqu\u2019au vendredi 29 ao\u00fbt 2025, la m\u00e9diath\u00e8que de Roubaix vous propose ses \u00ab\u00a0lectures en herbe\u00a0\u00bb. Des ateliers gratuits et accessibles \u00e0 tous. Quand la culture vient directement \u00e0 la rencontre des habitants&#8230;<\/p>\n<p>Jusqu\u2019au vendredi 29 ao\u00fbt 2025, de 15h \u00e0 17h, dans les parcs roubaisiens<\/p>\n<p>En juillet :<\/p>\n<ul>\n<li>les <strong>mardis<\/strong> au parc du Nouveau Monde,<\/li>\n<li>les<strong> mercredis<\/strong> au Square Catteau-Mimerel,<\/li>\n<li>les <strong>jeudis<\/strong> au parc de la Potennerie<\/li>\n<li>les <strong>vendredis<\/strong> au square Destombes.<\/li>\n<\/ul>\n<p>En ao\u00fbt, uniquement les <strong>vendredis<\/strong> au square Destombes.<\/p>\n<p>Lorsque la pluie est au rendez-vous, les lectures se d\u00e9rouleront dans l\u2019espace jeunesse de la M\u00e9diath\u00e8que.<\/p>\n<p>R\u00e9servation obligatoire pour les groupes.<\/p>\n","protected":false},"excerpt":{"rendered":"Jusqu\u2019au vendredi 29 ao\u00fbt 2025, la m\u00e9diath\u00e8que de Roubaix vous propose ses \u00ab\u00a0lectures en herbe\u00a0\u00bb. Des ateliers gratuits&hellip;\n","protected":false},"author":2,"featured_media":257056,"comment_status":"","ping_status":"","sticky":false,"template":"","format":"standard","meta":{"footnotes":""},"categories":[2815],"tags":[1111,11,1777,674,1011,27,811,2046,1307,16582,12,25],"class_list":{"0":"post-257055","1":"post","2":"type-post","3":"status-publish","4":"format-standard","5":"has-post-thumbnail","7":"category-lille","8":"tag-actu","9":"tag-actualites","10":"tag-eu","11":"tag-europe","12":"tag-fr","13":"tag-france","14":"tag-hauts-de-france","15":"tag-lecture","16":"tag-lille","17":"tag-mediatheque","18":"tag-news","19":"tag-republique-francaise"},"share_on_mastodon":{"url":"https:\/\/pubeurope.com\/@fr\/114875797537176521","error":""},"_links":{"self":[{"href":"https:\/\/www.europesays.com\/fr\/wp-json\/wp\/v2\/posts\/257055","targetHints":{"allow":["GET"]}}],"collection":[{"href":"https:\/\/www.europesays.com\/fr\/wp-json\/wp\/v2\/posts"}],"about":[{"href":"https:\/\/www.europesays.com\/fr\/wp-json\/wp\/v2\/types\/post"}],"author":[{"embeddable":true,"href":"https:\/\/www.europesays.com\/fr\/wp-json\/wp\/v2\/users\/2"}],"replies":[{"embeddable":true,"href":"https:\/\/www.europesays.com\/fr\/wp-json\/wp\/v2\/comments?post=257055"}],"version-history":[{"count":0,"href":"https:\/\/www.europesays.com\/fr\/wp-json\/wp\/v2\/posts\/257055\/revisions"}],"wp:featuredmedia":[{"embeddable":true,"href":"https:\/\/www.europesays.com\/fr\/wp-json\/wp\/v2\/media\/257056"}],"wp:attachment":[{"href":"https:\/\/www.europesays.com\/fr\/wp-json\/wp\/v2\/media?parent=257055"}],"wp:term":[{"taxonomy":"category","embeddable":true,"href":"https:\/\/www.europesays.com\/fr\/wp-json\/wp\/v2\/categories?post=257055"},{"taxonomy":"post_tag","embeddable":true,"href":"https:\/\/www.europesays.com\/fr\/wp-json\/wp\/v2\/tags?post=257055"}],"curies":[{"name":"wp","href":"https:\/\/api.w.org\/{rel}","templated":true}]}}