{"id":257069,"date":"2025-07-18T19:12:11","date_gmt":"2025-07-18T19:12:11","guid":{"rendered":"https:\/\/www.europesays.com\/fr\/257069\/"},"modified":"2025-07-18T19:12:11","modified_gmt":"2025-07-18T19:12:11","slug":"tu-es-parti-en-homme-courageux-digne-et-libre-la-poignante-lettre-dadieu-daudrey-crespo-mara-a-thierry-ardisson","status":"publish","type":"post","link":"https:\/\/www.europesays.com\/fr\/257069\/","title":{"rendered":"\u00ab\u00a0Tu es parti en homme courageux, digne et libre\u00a0\u00bb\u00a0: la poignante lettre d\u2019adieu d\u2019Audrey Crespo-Mara \u00e0 Thierry Ardisson"},"content":{"rendered":"<p class=\"paragraph text_align_left lp-f-body-02\">Un discours d\u2019adieu \u00e0 celui qu\u2019elle aura accompagn\u00e9 jusque dans ses derniers instants. Au lendemain des fun\u00e9railles de <a href=\"https:\/\/www.leparisien.fr\/culture-loisirs\/tv\/mort-de-thierry-ardisson-lhomme-en-noir-sest-eteint-14-07-2025-6W7PDQMSOFANPAS7Y7SWAPZK2M.php\" target=\"_blank\" rel=\"noreferrer nofollow noopener\">l\u2019animateur Thierry Ardisson, mort d\u2019un cancer \u00e0 76 ans lundi dernier<\/a>, son \u00e9pouse, la journaliste Audrey Crespo-Mara, a diffus\u00e9, ce vendredi sur Instagram, le texte poignant qu\u2019elle a lu jeudi lors des obs\u00e8ques de son d\u00e9funt mari, organis\u00e9es \u00e0 l\u2019\u00e9glise Saint-Roch (Ier arrondissement).<\/p>\n<p class=\"paragraph text_align_left lp-f-body-02\">\u00ab Mon Amour, tu es parti comme tu as v\u00e9cu. En homme courageux, digne et libre. Et cela nous oblige, les enfants et moi. Tu nous as tant aid\u00e9s, ces derni\u00e8res semaines, ces derniers jours, \u00e0 accepter ce qui nous semblait inacceptable, \u00e0 \u00eatre un peu moins d\u00e9vast\u00e9s \u00bb, confie la pr\u00e9sentatrice, s\u2019adressant directement \u00e0 Thierry Ardisson.<\/p>\n<p class=\"paragraph text_align_left lp-f-body-02\">Audrey Crespo-Mara salue la m\u00e9moire d\u2019un homme \u00ab courageux, \u00e0 chaque instant \u00bb, que ce soit \u00ab face \u00e0 la maladie \u00bb, et \u00ab \u00e0 chaque jour \u00bb de sa vie. \u00ab Tu es droit, franc, sans filtre, sans faux-semblant. \u00c7a ne t\u2019a pas fait que des amis. Et alors ? Tu t\u2019en foutais \u00bb, poursuit-elle.<\/p>\n<p>Une \u00ab vie romanesque \u00bb<\/p>\n<p class=\"paragraph text_align_left lp-f-body-02\">En faisant le r\u00e9cit du parcours de Thierry Ardisson, pass\u00e9 par le monde de la publicit\u00e9, avant de s\u2019illustrer \u00e0 la t\u00e9l\u00e9vision, Audrey Crespo-Mara vante une personnalit\u00e9 qui n\u2019a jamais \u00e9t\u00e9 \u00ab chiante \u00bb. \u00ab Quelle vie romanesque ! Cr\u00e9atif, tu l\u2019\u00e9tais en fait \u00e0 chaque instant de notre vie. Fuyant la norme, l\u2019ordre \u00e9tabli\u2026 \u00bb, \u00e9crit-elle.<\/p>\n<p class=\"paragraph text_align_left lp-f-body-02\">L\u2019\u00e9pouse de Thierry Ardisson dresse le portrait d\u2019un mari \u00ab attentionn\u00e9 \u00e0 chaque instant \u00bb, \u00ab d\u00e9licat \u00bb et \u00ab sensible \u00bb, loin, dans la vie intime, de <a href=\"https:\/\/www.leparisien.fr\/culture-loisirs\/tv\/la-face-cachee-de-lhomme-en-noir-succes-daudience-pour-le-dernier-combat-de-thierry-ardisson-17-07-2025-OGGL2HVGWJE5PERGMJQ3FTZKU4.php\" target=\"_blank\" rel=\"noreferrer nofollow noopener\">\u00ab l\u2019Homme en Noir \u00bb provocateur du petit \u00e9cran<\/a>.<\/p>\n<p class=\"paragraph text_align_left lp-f-body-02\">La pr\u00e9sentatrice fait aussi allusion <a href=\"https:\/\/www.leparisien.fr\/culture-loisirs\/tv\/ne-soyez-pas-chiant-lenterrement-tres-personnel-de-thierry-ardisson-17-07-2025-QRZ2QJQFQND5LNSFYI4WXI2YPU.php\" target=\"_blank\" rel=\"noreferrer nofollow noopener\">aux fun\u00e9railles de l\u2019animateur<\/a>, qui s\u2019attendait \u00e0 ce que la c\u00e9r\u00e9monie soit \u00ab le bal des faux culs \u00bb. \u00ab Alors oui, il y a sans doute ici des personnes qui ne t\u2019ont pas assez aim\u00e9, pas assez aid\u00e9 quand elles le pouvaient\u2026 D\u00e9sol\u00e9e pour \u00e7a, mon Amour. Mais il y a tous ceux qui t\u2019ont infiniment respect\u00e9, admir\u00e9, ador\u00e9, pendant tant d\u2019ann\u00e9es \u00bb, \u00e9crit Audrey Crespo-Mara.<\/p>\n<p class=\"paragraph text_align_left lp-f-body-02\">\u00ab Quant au choix, mon Amour, de partir un 14 juillet, toi le monarchiste\u2026 Chapeau bas ! Tu es n\u00e9 un 6 janvier, jour de la f\u00eate des Rois. Et tu as dit fuck, le jour de la R\u00e9volution. Avec les enfants, \u00e7a nous a bien fait marrer \u00bb, raconte-t-elle \u00e0 la fin de sa lettre. \u00ab Tu as \u00e9t\u00e9 Ardisson jusqu\u2019\u00e0 ton dernier souffle. Ce dernier souffle, je l\u2019ai v\u00e9cu dans tes bras. \u00bb<\/p>\n","protected":false},"excerpt":{"rendered":"Un discours d\u2019adieu \u00e0 celui qu\u2019elle aura accompagn\u00e9 jusque dans ses derniers instants. Au lendemain des fun\u00e9railles de&hellip;\n","protected":false},"author":2,"featured_media":257070,"comment_status":"","ping_status":"","sticky":false,"template":"","format":"standard","meta":{"footnotes":""},"categories":[1888],"tags":[1111,1928,11,1927,872,1777,674,1011,27,12,1926,626,1925,25,2205],"class_list":{"0":"post-257069","1":"post","2":"type-post","3":"status-publish","4":"format-standard","5":"has-post-thumbnail","7":"category-paris","8":"tag-actu","9":"tag-actu-paris","10":"tag-actualites","11":"tag-actualites-paris","12":"tag-culture-et-loisirs","13":"tag-eu","14":"tag-europe","15":"tag-fr","16":"tag-france","17":"tag-news","18":"tag-news-paris","19":"tag-paris","20":"tag-paris-news","21":"tag-republique-francaise","22":"tag-television-medias"},"share_on_mastodon":{"url":"https:\/\/pubeurope.com\/@fr\/114875829025842582","error":""},"_links":{"self":[{"href":"https:\/\/www.europesays.com\/fr\/wp-json\/wp\/v2\/posts\/257069","targetHints":{"allow":["GET"]}}],"collection":[{"href":"https:\/\/www.europesays.com\/fr\/wp-json\/wp\/v2\/posts"}],"about":[{"href":"https:\/\/www.europesays.com\/fr\/wp-json\/wp\/v2\/types\/post"}],"author":[{"embeddable":true,"href":"https:\/\/www.europesays.com\/fr\/wp-json\/wp\/v2\/users\/2"}],"replies":[{"embeddable":true,"href":"https:\/\/www.europesays.com\/fr\/wp-json\/wp\/v2\/comments?post=257069"}],"version-history":[{"count":0,"href":"https:\/\/www.europesays.com\/fr\/wp-json\/wp\/v2\/posts\/257069\/revisions"}],"wp:featuredmedia":[{"embeddable":true,"href":"https:\/\/www.europesays.com\/fr\/wp-json\/wp\/v2\/media\/257070"}],"wp:attachment":[{"href":"https:\/\/www.europesays.com\/fr\/wp-json\/wp\/v2\/media?parent=257069"}],"wp:term":[{"taxonomy":"category","embeddable":true,"href":"https:\/\/www.europesays.com\/fr\/wp-json\/wp\/v2\/categories?post=257069"},{"taxonomy":"post_tag","embeddable":true,"href":"https:\/\/www.europesays.com\/fr\/wp-json\/wp\/v2\/tags?post=257069"}],"curies":[{"name":"wp","href":"https:\/\/api.w.org\/{rel}","templated":true}]}}