{"id":257075,"date":"2025-07-18T19:15:13","date_gmt":"2025-07-18T19:15:13","guid":{"rendered":"https:\/\/www.europesays.com\/fr\/257075\/"},"modified":"2025-07-18T19:15:13","modified_gmt":"2025-07-18T19:15:13","slug":"paris-la-premiere-des-10-statues-feminines-de-la-ceremonie-des-jo-installee-rue-de-la-chapelle","status":"publish","type":"post","link":"https:\/\/www.europesays.com\/fr\/257075\/","title":{"rendered":"Paris\u00a0: la premi\u00e8re des 10 statues f\u00e9minines de la c\u00e9r\u00e9monie des JO install\u00e9e rue de la Chapelle"},"content":{"rendered":"<p class=\"paragraph text_align_left lp-f-body-02\"><a href=\"https:\/\/www.leparisien.fr\/jo-paris-2024\/dix-statues-de-pionnieres-francaises-devoilees-le-long-de-la-seine-26-07-2024-O7SLBUWVLJASVBAV2D3HJD2S3A.php\" target=\"_blank\" rel=\"noreferrer noopener\">Dix statues de femmes illustres<\/a>, dont Gis\u00e8le Halimi, visibles lors de <a href=\"https:\/\/www.leparisien.fr\/jo-paris-2024\/jo-paris-2024-la-ceremonie-douverture-aurait-coute-environ-100-millions-deuros-a-lorganisation-23-10-2024-B2KW65ZGKZBINJIBG5JOUNEVJA.php\" target=\"_blank\" rel=\"noreferrer noopener\">la c\u00e9r\u00e9monie d\u2019ouverture des JO de Paris 2024<\/a>, sont en cours d\u2019installation rue de la Chapelle, un quartier du nord de la capitale en cours de r\u00e9am\u00e9nagement.<\/p>\n<p class=\"paragraph text_align_left lp-f-body-02\">Sur la promenade nouvellement am\u00e9nag\u00e9e rue de la Chapelle, la statue dor\u00e9e de <a href=\"https:\/\/www.leparisien.fr\/societe\/mort-de-gisele-halimi-la-voix-des-femmes-s-est-tue-28-07-2020-8360190.php\" target=\"_blank\" rel=\"noreferrer noopener\">Gis\u00e8le Halimi<\/a>, mesurant quatre m\u00e8tres de haut, a d\u00e9j\u00e0 \u00e9t\u00e9 install\u00e9e vendredi matin, attirant les regards curieux des passants.<\/p>\n<p class=\"title-embed-dailymotion lp-color-text lp-f-subtitle-04\">Vid\u00e9oCheval m\u00e9tallique, vasque olympique, installations&#8230; ce que vont devenir les symboles des Jeux<\/p>\n<p class=\"paragraph text_align_left lp-f-body-02\">Elle sera rejointe par neuf autres statues, surgies de la Seine lors de la c\u00e9r\u00e9monie des Jeux, le long de l\u2019avenue du XVIIIe arrondissement. L\u2019inauguration est pr\u00e9vue le 26 juillet, un an apr\u00e8s le coup d\u2019envoi des JO de Paris.<\/p>\n<p>\u00ab \u00c7a donne de la vie \u00bb<\/p>\n<p class=\"paragraph text_align_left lp-f-body-02\">Ces dix statues de femmes illustres comprenant Christine de Pizan, Jeanne Barret, Olympe de Gouges, Louise Michel, Alice Guy, Alice Milliat, Paulette Nardal, Simone de Beauvoir, Simone Veil et Gis\u00e8le Halimi avaient auparavant \u00e9t\u00e9 expos\u00e9es \u00e0 l\u2019Assembl\u00e9e nationale.<\/p>\n<p class=\"paragraph text_align_left lp-f-body-02\">Couleur or et en acier, elles ont d\u00fb \u00eatre recouvertes d\u2019une r\u00e9sine ultrar\u00e9sistante pour \u00ab les pr\u00e9parer \u00e0 la vie en ext\u00e9rieur \u00bb, explique Mich\u00e8le Zaoui, conseill\u00e8re de la maire de Paris en charge de l\u2019architecture et de l\u2019espace public.<\/p>\n<p class=\"paragraph text_align_left lp-f-body-02\">\u00ab C\u2019est bien qu\u2019ils les recyclent et qu\u2019ils les posent quelque part \u00bb, t\u00e9moigne Thomas Marcel, 29 ans, un artisan qui travaille depuis 6 ans dans le quartier. Il d\u00e9plore toutefois \u00ab un pansement sur la pr\u00e9carit\u00e9 qu\u2019il y a dans le quartier \u00bb. \u00ab \u00c7a donne de la vie \u00bb, temp\u00e8re Youssef El Gouhari, 18 ans, \u00e9tudiant en pr\u00e9pa de commerce, habitant du quartier depuis toujours.<\/p>\n<p>Les statues vont rester dans le quartier plusieurs ann\u00e9es<\/p>\n<p class=\"paragraph text_align_left lp-f-body-02\"><a href=\"https:\/\/www.leparisien.fr\/paris-75\/avant-apres-la-porte-de-la-chapelle-bientot-metamorphosee-10-06-2023-E5FZTLAANNBVDMNUSGQXRYZMS4.php\" target=\"_blank\" rel=\"noreferrer noopener\">Le quartier de la porte de la Chapelle<\/a>, l\u2019un des plus d\u00e9favoris\u00e9s de Paris, a \u00e9t\u00e9 r\u00e9am\u00e9nag\u00e9 \u00e0 l\u2019occasion des JO, avec l\u2019ouverture de l\u2019Adidas Arena, salle de concerts et d\u2019\u00e9v\u00e9nements sportifs, o\u00f9 se sont d\u00e9roul\u00e9es plusieurs \u00e9preuves olympiques et paralympiques.<\/p>\n<p class=\"paragraph text_align_left lp-f-body-02\">La voirie de la rue de la Chapelle a ainsi \u00e9t\u00e9 r\u00e9nov\u00e9e, avec un espace de promenade, des pistes cyclables, et une v\u00e9g\u00e9talisation de l\u2019espace.<\/p>\n<p class=\"paragraph text_align_left lp-f-body-02\">\u00ab On cherchait le lien entre un quartier tr\u00e8s positivement impact\u00e9 par l\u2019accueil des Jeux \u00e0 Paris et aussi un message de f\u00e9minisation de l\u2019espace public \u00bb, a expliqu\u00e9 Pierre Rabadan, adjoint aux sports \u00e0 la maire de Paris.<\/p>\n<p class=\"paragraph text_align_left lp-f-body-02\">Les statues vont rester dans le quartier encore plusieurs ann\u00e9es, d\u2019apr\u00e8s Mich\u00e8le Zaoui. \u00ab On a pour l\u2019instant une date fix\u00e9e : celle des JO de Los Angeles en 2028 \u00bb, a livr\u00e9 la conseill\u00e8re, qui anticipe un \u00ab relais symbolique \u00bb fait avec la ville de Paris.<\/p>\n","protected":false},"excerpt":{"rendered":"Dix statues de femmes illustres, dont Gis\u00e8le Halimi, visibles lors de la c\u00e9r\u00e9monie d\u2019ouverture des JO de Paris&hellip;\n","protected":false},"author":2,"featured_media":257076,"comment_status":"","ping_status":"","sticky":false,"template":"","format":"standard","meta":{"footnotes":""},"categories":[1888],"tags":[11,1777,674,1011,27,1944,12,626,5856,25],"class_list":{"0":"post-257075","1":"post","2":"type-post","3":"status-publish","4":"format-standard","5":"has-post-thumbnail","7":"category-paris","8":"tag-actualites","9":"tag-eu","10":"tag-europe","11":"tag-fr","12":"tag-france","13":"tag-ma-ville","14":"tag-news","15":"tag-paris","16":"tag-paris-2024","17":"tag-republique-francaise"},"share_on_mastodon":{"url":"https:\/\/pubeurope.com\/@fr\/114875840822562623","error":""},"_links":{"self":[{"href":"https:\/\/www.europesays.com\/fr\/wp-json\/wp\/v2\/posts\/257075","targetHints":{"allow":["GET"]}}],"collection":[{"href":"https:\/\/www.europesays.com\/fr\/wp-json\/wp\/v2\/posts"}],"about":[{"href":"https:\/\/www.europesays.com\/fr\/wp-json\/wp\/v2\/types\/post"}],"author":[{"embeddable":true,"href":"https:\/\/www.europesays.com\/fr\/wp-json\/wp\/v2\/users\/2"}],"replies":[{"embeddable":true,"href":"https:\/\/www.europesays.com\/fr\/wp-json\/wp\/v2\/comments?post=257075"}],"version-history":[{"count":0,"href":"https:\/\/www.europesays.com\/fr\/wp-json\/wp\/v2\/posts\/257075\/revisions"}],"wp:featuredmedia":[{"embeddable":true,"href":"https:\/\/www.europesays.com\/fr\/wp-json\/wp\/v2\/media\/257076"}],"wp:attachment":[{"href":"https:\/\/www.europesays.com\/fr\/wp-json\/wp\/v2\/media?parent=257075"}],"wp:term":[{"taxonomy":"category","embeddable":true,"href":"https:\/\/www.europesays.com\/fr\/wp-json\/wp\/v2\/categories?post=257075"},{"taxonomy":"post_tag","embeddable":true,"href":"https:\/\/www.europesays.com\/fr\/wp-json\/wp\/v2\/tags?post=257075"}],"curies":[{"name":"wp","href":"https:\/\/api.w.org\/{rel}","templated":true}]}}