{"id":257077,"date":"2025-07-18T19:16:11","date_gmt":"2025-07-18T19:16:11","guid":{"rendered":"https:\/\/www.europesays.com\/fr\/257077\/"},"modified":"2025-07-18T19:16:11","modified_gmt":"2025-07-18T19:16:11","slug":"pour-les-riches-russes-la-croisiere-sannule-liberation","status":"publish","type":"post","link":"https:\/\/www.europesays.com\/fr\/257077\/","title":{"rendered":"pour les riches Russes, la croisi\u00e8re s\u2019annule \u2013 Lib\u00e9ration"},"content":{"rendered":"<p class=\"sc-ksZaOG ehjQrN text-element\">L\u2019exp\u00e9dition avait \u00e9t\u00e9 mont\u00e9e comme un conte pour milliardaire. Le 21 ao\u00fbt prochain, les derniers rayons du soleil de minuit devaient briller sur l\u2019archipel norv\u00e9gien du Svalbard, lors de l\u2019appareillage du Commandant Charcot. L\u2019\u00e9l\u00e9gante proue bleu nuit du paquebot de croisi\u00e8re, le seul de sa cat\u00e9gorie \u00e0 combiner des capacit\u00e9s de brise-glace avec un h\u00e9bergement cinq \u00e9toiles, devait pointer plein nord, en direction du p\u00f4le, objectif du voyage. A bord, dans le salon \u00e0 cigares ou dans la salle de concert, on ne devait discuter qu\u2019en russe entre oligarques et influenceurs poutino-compatibles. Mais \u00e0 un peu plus d\u2019un mois du d\u00e9part, tout s\u2019est \u00e9croul\u00e9, face \u00e0 la tenacit\u00e9 des habitants du Svalbard, peu enclins \u00e0 h\u00e9berger dans leurs h\u00f4tels des \u00aboligarques pro-guerre\u00bb, comme l\u2019explique l\u2019un d\u2019entre eux.<\/p>\n<p class=\"sc-ksZaOG ehjQrN text-element\">Sur la liste des passagers phares, devait figurer la rock star du groupe Leningrad, Sergue\u00ef Shnurov, qui, depuis trois ans, \u00e9crit des chansons \u00e0 la gloire du <a href=\"https:\/\/www.liberation.fr\/international\/poutine-remet-wagner-en-selle-un-lieutenant-de-prigojine-charge-de-former-des-miliciens-pour-lukraine-20230929_BOJ7QQR6KBDG3ABH673OBLDDNI\/\" target=\"_blank\" rel=\"nofollow noopener\" title=\"https:\/\/www.liberation.fr\/international\/poutine-remet-wagner-en-selle-un-lieutenant-de-prigojine-charge-de-former-des-miliciens-pour-lukraine-20230929_BOJ7QQR6KBDG3ABH673OBLDDNI\/\">groupe Wagner<\/a> ou du conglom\u00e9rat d\u2019armement Rostec, et la pr\u00e9sentatrice t\u00e9l\u00e9 Ksenia Borodina, plus habitu\u00e9e aux vacances<\/p>\n","protected":false},"excerpt":{"rendered":"L\u2019exp\u00e9dition avait \u00e9t\u00e9 mont\u00e9e comme un conte pour milliardaire. Le 21 ao\u00fbt prochain, les derniers rayons du soleil&hellip;\n","protected":false},"author":2,"featured_media":257078,"comment_status":"","ping_status":"","sticky":false,"template":"","format":"standard","meta":{"footnotes":""},"categories":[1591],"tags":[11,20931,1887,12,673,1885,1886,132],"class_list":{"0":"post-257077","1":"post","2":"type-post","3":"status-publish","4":"format-standard","5":"has-post-thumbnail","7":"category-russie","8":"tag-actualites","9":"tag-arctique","10":"tag-federation-de-russie","11":"tag-news","12":"tag-norvege","13":"tag-russia","14":"tag-russian-federation","15":"tag-russie"},"share_on_mastodon":{"url":"https:\/\/pubeurope.com\/@fr\/114875844744879431","error":""},"_links":{"self":[{"href":"https:\/\/www.europesays.com\/fr\/wp-json\/wp\/v2\/posts\/257077","targetHints":{"allow":["GET"]}}],"collection":[{"href":"https:\/\/www.europesays.com\/fr\/wp-json\/wp\/v2\/posts"}],"about":[{"href":"https:\/\/www.europesays.com\/fr\/wp-json\/wp\/v2\/types\/post"}],"author":[{"embeddable":true,"href":"https:\/\/www.europesays.com\/fr\/wp-json\/wp\/v2\/users\/2"}],"replies":[{"embeddable":true,"href":"https:\/\/www.europesays.com\/fr\/wp-json\/wp\/v2\/comments?post=257077"}],"version-history":[{"count":0,"href":"https:\/\/www.europesays.com\/fr\/wp-json\/wp\/v2\/posts\/257077\/revisions"}],"wp:featuredmedia":[{"embeddable":true,"href":"https:\/\/www.europesays.com\/fr\/wp-json\/wp\/v2\/media\/257078"}],"wp:attachment":[{"href":"https:\/\/www.europesays.com\/fr\/wp-json\/wp\/v2\/media?parent=257077"}],"wp:term":[{"taxonomy":"category","embeddable":true,"href":"https:\/\/www.europesays.com\/fr\/wp-json\/wp\/v2\/categories?post=257077"},{"taxonomy":"post_tag","embeddable":true,"href":"https:\/\/www.europesays.com\/fr\/wp-json\/wp\/v2\/tags?post=257077"}],"curies":[{"name":"wp","href":"https:\/\/api.w.org\/{rel}","templated":true}]}}