{"id":257079,"date":"2025-07-18T19:17:09","date_gmt":"2025-07-18T19:17:09","guid":{"rendered":"https:\/\/www.europesays.com\/fr\/257079\/"},"modified":"2025-07-18T19:17:09","modified_gmt":"2025-07-18T19:17:09","slug":"ukraine-une-volte-face-durable-de-donald-trump","status":"publish","type":"post","link":"https:\/\/www.europesays.com\/fr\/257079\/","title":{"rendered":"Ukraine: une volte-face durable de Donald Trump?"},"content":{"rendered":"<p>Pilonn\u00e9e par des milliers de drones et missiles depuis des semaines, l\u2019Ukraine est \u00e0 court d\u2019armes et s\u2019inqui\u00e8te des avanc\u00e9es russes sur le front de la guerre. Dans un contexte aussi critique, elle ne peut que se r\u00e9jouir de la volte-face de Donald Trump. Le pr\u00e9sident am\u00e9ricain se dit pr\u00eat \u00e0 livrer \u00e0 Kiev, via les Europ\u00e9ens, des batteries de d\u00e9fense a\u00e9rienne Patriot. Le changement de cap de la Maison-Blanche, qui quelques jours plus t\u00f4t bloquait toute aide \u00e0 l\u2019Ukraine, intervient \u00e0 un moment o\u00f9 le Congr\u00e8s am\u00e9ricain \u00e9chafaude un projet de loi bipartisan pour sanctionner durement la Russie et tenter de l\u2019isoler. L\u2019Union europ\u00e9enne vient, elle, d\u2019adopter un 18e train de sanctions contre Moscou.<\/p>\n<p>La donne a-t-elle pour autant chang\u00e9? La politique chaotique de Donald Trump par rapport \u00e0 l\u2019Ukraine incite \u00e0 une extr\u00eame prudence. Dans l\u2019optique obsessionnelle de d\u00e9crocher le Prix Nobel de la paix, le pr\u00e9sident am\u00e9ricain \u00e9tait pr\u00eat, il n\u2019y a pas si longtemps, \u00e0 faire adopter par Kiev et Moscou un plan de paix qui avait tout d\u2019une capitulation et d\u2019un abandon de l\u2019Ukraine. Cette initiative refl\u00e9tait bien l\u2019\u00e9tat d\u2019esprit du chef de la Maison-Blanche: appara\u00eetre \u00e0 tout prix comme un faiseur de paix, quitte \u00e0 ignorer les graves cons\u00e9quences g\u00e9opolitiques qu\u2019un tel plan aurait eues sur l\u2019Ukraine et a fortiori l\u2019Europe.<\/p>\n<p>Si, apr\u00e8s avoir humili\u00e9 Volodymyr Zelensky dans son Bureau ovale, Donald Trump revient \u00e0 une attitude de soutien du pr\u00e9sident ukrainien, ce n\u2019est pas parce qu\u2019il a forc\u00e9ment modifi\u00e9 sa vision de l\u2019Ukraine. Il r\u00e9alise que le ma\u00eetre du Kremlin est beaucoup moins facile \u00e0 manier qu\u2019il ne l\u2019imaginait. Longtemps admiratif de l\u2019homme fort du pouvoir russe, Donald Trump a surpris en tenant des propos peu am\u00e8nes envers Vladimir Poutine.<\/p>\n<p>Lire encore: <a href=\"https:\/\/www.letemps.ch\/articles\/la-crainte-de-voir-la-russie-riposter-avec-l-arme-nucleaire-en-ukraine\" rel=\"nofollow noopener\" target=\"_blank\">La crainte de voir la Russie riposter avec l\u2019arme nucl\u00e9aire en Ukraine<\/a>  <\/p>\n<p>En donnant cinquante jours de sursis au pr\u00e9sident russe avant de discuter d\u2019une possible paix, il a toutefois offert \u00e0 ce dernier une chance de renforcer les positions de ses forces arm\u00e9es sur le front ukrainien. Avant que de nouvelles batteries Patriot n\u2019arrivent \u00e0 Kiev, l\u2019Ukraine reste extraordinairement vuln\u00e9rable face \u00e0 une offensive d\u2019\u00e9t\u00e9 que la Russie m\u00e8ne d\u00e9j\u00e0 depuis quelques semaines. Tr\u00e8s sensible \u00e0 la flagornerie, facilement influen\u00e7able en raison de sa conception transactionnelle de la politique, le chef de la Maison-Blanche ne nous surprendrait pas s\u2019il devait une nouvelle fois c\u00e9der \u00e0 des propositions peu constructives du Kremlin pour mettre fin \u00e0 la guerre.<\/p>\n<p>A Kiev, on oscille entre optimisme et scepticisme. On s\u2019est habitu\u00e9 \u00e0 la navigation \u00e0 vue de l\u2019administration Trump. Mais un facteur semble tout de m\u00eame avoir chang\u00e9: au sommet de l\u2019OTAN \u00e0 La\u00a0Haye en juin, la Maison-Blanche n\u2019a pas cass\u00e9 la baraque comme on pouvait le craindre. Le pr\u00e9sident am\u00e9ricain a r\u00e9ussi \u00e0 convaincre les Europ\u00e9ens de consacrer 5% de leur PIB aux d\u00e9penses militaires et s\u00e9curitaires. Une mani\u00e8re de renforcer l\u2019Alliance atlantique, d\u2019inciter Moscou \u00e0 enfin discuter d\u2019une paix raisonnable et de mettre les Europ\u00e9ens face \u00e0 leurs responsabilit\u00e9s pour s\u00e9curiser le continent.<\/p>\n","protected":false},"excerpt":{"rendered":"Pilonn\u00e9e par des milliers de drones et missiles depuis des semaines, l\u2019Ukraine est \u00e0 court d\u2019armes et s\u2019inqui\u00e8te&hellip;\n","protected":false},"author":2,"featured_media":257080,"comment_status":"","ping_status":"","sticky":false,"template":"","format":"standard","meta":{"footnotes":""},"categories":[1590],"tags":[11,73,1777,674,4438,12,132,220],"class_list":{"0":"post-257079","1":"post","2":"type-post","3":"status-publish","4":"format-standard","5":"has-post-thumbnail","7":"category-ukraine","8":"tag-actualites","9":"tag-etats-unis","10":"tag-eu","11":"tag-europe","12":"tag-free","13":"tag-news","14":"tag-russie","15":"tag-ukraine"},"share_on_mastodon":{"url":"https:\/\/pubeurope.com\/@fr\/114875848971432152","error":""},"_links":{"self":[{"href":"https:\/\/www.europesays.com\/fr\/wp-json\/wp\/v2\/posts\/257079","targetHints":{"allow":["GET"]}}],"collection":[{"href":"https:\/\/www.europesays.com\/fr\/wp-json\/wp\/v2\/posts"}],"about":[{"href":"https:\/\/www.europesays.com\/fr\/wp-json\/wp\/v2\/types\/post"}],"author":[{"embeddable":true,"href":"https:\/\/www.europesays.com\/fr\/wp-json\/wp\/v2\/users\/2"}],"replies":[{"embeddable":true,"href":"https:\/\/www.europesays.com\/fr\/wp-json\/wp\/v2\/comments?post=257079"}],"version-history":[{"count":0,"href":"https:\/\/www.europesays.com\/fr\/wp-json\/wp\/v2\/posts\/257079\/revisions"}],"wp:featuredmedia":[{"embeddable":true,"href":"https:\/\/www.europesays.com\/fr\/wp-json\/wp\/v2\/media\/257080"}],"wp:attachment":[{"href":"https:\/\/www.europesays.com\/fr\/wp-json\/wp\/v2\/media?parent=257079"}],"wp:term":[{"taxonomy":"category","embeddable":true,"href":"https:\/\/www.europesays.com\/fr\/wp-json\/wp\/v2\/categories?post=257079"},{"taxonomy":"post_tag","embeddable":true,"href":"https:\/\/www.europesays.com\/fr\/wp-json\/wp\/v2\/tags?post=257079"}],"curies":[{"name":"wp","href":"https:\/\/api.w.org\/{rel}","templated":true}]}}