{"id":257083,"date":"2025-07-18T19:19:10","date_gmt":"2025-07-18T19:19:10","guid":{"rendered":"https:\/\/www.europesays.com\/fr\/257083\/"},"modified":"2025-07-18T19:19:10","modified_gmt":"2025-07-18T19:19:10","slug":"au-royaume-uni-de-plus-en-plus-de-personnes-de-50-ans-ont-recours-a-la-gpa","status":"publish","type":"post","link":"https:\/\/www.europesays.com\/fr\/257083\/","title":{"rendered":"Au Royaume-Uni, de plus en plus de personnes de 50 ans ont recours \u00e0 la GPA"},"content":{"rendered":"<p>Au Royaume-Uni, des personnes \u00e2g\u00e9es de plus de 80 ans utilisent des m\u00e8res porteuses pour avoir des enfants. Les donn\u00e9es r\u00e9v\u00e9l\u00e9es par le Children and Family Court Advisory Service (un organisme public qui promeut le bien-\u00eatre des enfants et des familles, ndlr) indiquent qu&rsquo;entre 2020 et 2025, plusieurs demandes de GPA ont \u00e9t\u00e9 <strong>d\u00e9pos\u00e9es par des personnes \u00e2g\u00e9es de plus de 80 ans<\/strong>. Interrog\u00e9 par The Times, qui a obtenu ces informations via une demande d\u2019acc\u00e8s \u00e0 l\u2019information (FOI), le Cafcass a refus\u00e9 de divulguer le chiffre exact, invoquant un risque d\u2019identification des individus concern\u00e9s. Toutefois, l\u2019organisme pr\u00e9cise qu\u2019il y a eu <strong>moins de six demandes par an sur cette p\u00e9riode<\/strong>, soit un maximum de trente en cinq ans.<\/p>\n<p>Au Royaume-Uni, de plus en plus de personnes de 50 ans ont recours \u00e0 la GPA<\/p>\n<p>Au total, entre 2020 et 2024, 1 991 demandes d\u2019ordres parentaux ont \u00e9t\u00e9 enregistr\u00e9es pour des enfants n\u00e9s par GPA. On observe une hausse globale des demandes \u00e9manant de personnes \u00e2g\u00e9es. Parmi elles, 416 venaient de personnes dans la cinquantaine et 43 d\u2019hommes dans la soixantaine. Le nombre de demandes d\u2019hommes quinquag\u00e9naires est pass\u00e9 de 44 en 2020 \u00e0 95 en 2025.<\/p>\n<p>Un d\u00e9bat \u00e9thique relanc\u00e9<\/p>\n<p>Helen Gibson, fondatrice du groupe Surrogacy Concern (Pr\u00e9occupation de maternit\u00e9 de substitution, ndlr) s\u2019insurge : \u00ab Il est choquant de voir des demandes de parentalit\u00e9 \u00e9maner <strong>de personnes dans la soixantaine<\/strong>, la soixante-dizaine et m\u00eame au-del\u00e0&#8230;.<\/p>\n<p><a href=\"https:\/\/www.parents.fr\/actualites\/grossesse\/au-royaume-uni-de-plus-en-plus-de-personnes-de-50-ans-ont-recours-a-la-gpa-1137659#at_medium=affiliate&amp;at_campaign=flux_rss&amp;at_type=Yahoo\" rel=\"nofollow noopener\" target=\"_blank\" data-ylk=\"slk:Lire la suite;elm:context_link;itc:0;sec:content-canvas\" class=\"link \">Lire la suite<\/a><\/p>\n","protected":false},"excerpt":{"rendered":"Au Royaume-Uni, des personnes \u00e2g\u00e9es de plus de 80 ans utilisent des m\u00e8res porteuses pour avoir des enfants.&hellip;\n","protected":false},"author":2,"featured_media":257084,"comment_status":"","ping_status":"","sticky":false,"template":"","format":"standard","meta":{"footnotes":""},"categories":[1588],"tags":[11,39694,1777,674,39695,12,39696,2571,473,1853,1851,1850,1852],"class_list":{"0":"post-257083","1":"post","2":"type-post","3":"status-publish","4":"format-standard","5":"has-post-thumbnail","7":"category-royaume-uni","8":"tag-actualites","9":"tag-children-and-family","10":"tag-eu","11":"tag-europe","12":"tag-meres-porteuses","13":"tag-news","14":"tag-organisme-public","15":"tag-personnes-agees","16":"tag-royaume-uni","17":"tag-royaume-uni-de-grande-bretagne-et-dirlande-du-nord","18":"tag-uk","19":"tag-united-kingdom","20":"tag-united-kingdom-of-great-britain-and-northern-ireland"},"share_on_mastodon":{"url":"https:\/\/pubeurope.com\/@fr\/114875856564184074","error":""},"_links":{"self":[{"href":"https:\/\/www.europesays.com\/fr\/wp-json\/wp\/v2\/posts\/257083","targetHints":{"allow":["GET"]}}],"collection":[{"href":"https:\/\/www.europesays.com\/fr\/wp-json\/wp\/v2\/posts"}],"about":[{"href":"https:\/\/www.europesays.com\/fr\/wp-json\/wp\/v2\/types\/post"}],"author":[{"embeddable":true,"href":"https:\/\/www.europesays.com\/fr\/wp-json\/wp\/v2\/users\/2"}],"replies":[{"embeddable":true,"href":"https:\/\/www.europesays.com\/fr\/wp-json\/wp\/v2\/comments?post=257083"}],"version-history":[{"count":0,"href":"https:\/\/www.europesays.com\/fr\/wp-json\/wp\/v2\/posts\/257083\/revisions"}],"wp:featuredmedia":[{"embeddable":true,"href":"https:\/\/www.europesays.com\/fr\/wp-json\/wp\/v2\/media\/257084"}],"wp:attachment":[{"href":"https:\/\/www.europesays.com\/fr\/wp-json\/wp\/v2\/media?parent=257083"}],"wp:term":[{"taxonomy":"category","embeddable":true,"href":"https:\/\/www.europesays.com\/fr\/wp-json\/wp\/v2\/categories?post=257083"},{"taxonomy":"post_tag","embeddable":true,"href":"https:\/\/www.europesays.com\/fr\/wp-json\/wp\/v2\/tags?post=257083"}],"curies":[{"name":"wp","href":"https:\/\/api.w.org\/{rel}","templated":true}]}}