{"id":257087,"date":"2025-07-18T19:21:12","date_gmt":"2025-07-18T19:21:12","guid":{"rendered":"https:\/\/www.europesays.com\/fr\/257087\/"},"modified":"2025-07-18T19:21:12","modified_gmt":"2025-07-18T19:21:12","slug":"ia-meta-refuse-de-signer-le-code-de-bonne-conduite-de-leurope","status":"publish","type":"post","link":"https:\/\/www.europesays.com\/fr\/257087\/","title":{"rendered":"IA : Meta refuse de signer le code de bonne conduite de l&rsquo;Europe"},"content":{"rendered":"<p><strong>Meta a pris la d\u00e9cision de ne pas signer le code de bonne conduite de <a href=\"https:\/\/kulturegeek.fr\/news-310613\/ai-act-legislation-reguler-lia-europe-definitivement-adoptee\" target=\"_blank\" rel=\"noopener\">l\u2019AI Act<\/a>, la l\u00e9gislation de l\u2019Union europ\u00e9enne concernant l\u2019intelligence artificielle. La maison-m\u00e8re de Facebook, Instagram et WhatsApp estime que les r\u00e8gles sont abusives.<\/strong><\/p>\n<p><img loading=\"lazy\" decoding=\"async\" class=\"aligncenter size-large wp-image-251595\" src=\"https:\/\/www.europesays.com\/fr\/wp-content\/uploads\/2025\/07\/Meta-Facebook-Logos-1024x682.jpg\" alt=\"Meta Facebook Logos\" width=\"1024\" height=\"682\"  \/><\/p>\n<p>Meta ne veut pas du code de bonne conduite de l\u2019IA<\/p>\n<p>Joel Kaplan, responsable des affaires mondiales de Meta, a annonc\u00e9 la nouvelle sur <a href=\"https:\/\/www.linkedin.com\/posts\/joel-kaplan-63905618_europe-is-heading-down-the-wrong-path-on-activity-7351928745668055042-XuF7\/\" rel=\"external nofollow noopener\" target=\"_blank\">son compte LinkedIn\u00a0<\/a>:<\/p>\n<blockquote>\n<p>L\u2019Europe fait fausse route en mati\u00e8re d\u2019IA. Nous avons examin\u00e9 attentivement le code de pratique de la Commission europ\u00e9enne pour les mod\u00e8les d\u2019IA \u00e0 usage g\u00e9n\u00e9ral (GPAI) et Meta ne le signera pas. Ce code introduit un certain nombre d\u2019incertitudes juridiques pour les d\u00e9veloppeurs de mod\u00e8les, ainsi que des mesures qui vont bien au-del\u00e0 du champ d\u2019application de la loi sur l\u2019IA.<\/p>\n<p>Les entreprises et les d\u00e9cideurs politiques de toute l\u2019Europe se sont prononc\u00e9s contre cette r\u00e9glementation. Au d\u00e9but du mois, plus de 40 des plus grandes entreprises europ\u00e9ennes ont sign\u00e9 une lettre demandant \u00e0 la Commission d\u2019\u00ab\u00a0arr\u00eater l\u2019horloge\u00a0\u00bb dans sa mise en \u0153uvre. Nous partageons les inqui\u00e9tudes exprim\u00e9es par ces entreprises, qui craignent que cette port\u00e9e excessive n\u2019entrave le d\u00e9veloppement et le d\u00e9ploiement de mod\u00e8les d\u2019IA d\u2019avant-garde en Europe et ne freine les entreprises europ\u00e9ennes d\u00e9sireuses de cr\u00e9er des activit\u00e9s \u00e0 partir de ces mod\u00e8les.<\/p>\n<\/blockquote>\n<p>L\u2019Union europ\u00e9enne a publi\u00e9 le code de bonnes pratiques au d\u00e9but du mois. Il s\u2019agit d\u2019un cadre volontaire qui doit aider les entreprises \u00e0 mettre en place des processus pour rester en conformit\u00e9 avec l\u2019AI Act, qui pr\u00e9voit des protections des droits d\u2019auteur pour les cr\u00e9ateurs et des exigences de transparence pour les mod\u00e8les d\u2019IA avanc\u00e9s. La l\u00e9gislation exige \u00e9galement des d\u00e9veloppeurs qu\u2019ils fournissent une documentation d\u00e9crivant les caract\u00e9ristiques de leurs mod\u00e8les d\u2019IA. En acceptant le code, les entreprises peuvent b\u00e9n\u00e9ficier d\u2019une meilleure protection juridique si elles sont accus\u00e9es d\u2019avoir enfreint la loi.<\/p>\n<p>Quelles cons\u00e9quences ?<\/p>\n<p>Que se passe-t-il pour les soci\u00e9t\u00e9s, \u00e0 l\u2019instar de Meta, qui ne signent pas le code de bonne conduite pour l\u2019IA en Europe ? Elles devront d\u00e9montrer d\u2019autres moyens de conformit\u00e9 et, en cons\u00e9quence, elles pourraient \u00eatre expos\u00e9es \u00e0 un examen r\u00e9glementaire plus approfondi.<\/p>\n<p>La violation de la loi sur l\u2019IA peut entra\u00eener une amende allant jusqu\u2019\u00e0 7 % du chiffre d\u2019affaires annuel d\u2019une entreprise ou 3 % pour les entreprises d\u00e9veloppant des mod\u00e8les d\u2019IA avanc\u00e9s.<\/p>\n","protected":false},"excerpt":{"rendered":"Meta a pris la d\u00e9cision de ne pas signer le code de bonne conduite de l\u2019AI Act, la&hellip;\n","protected":false},"author":2,"featured_media":257088,"comment_status":"","ping_status":"","sticky":false,"template":"","format":"standard","meta":{"footnotes":""},"categories":[1586],"tags":[11,1777,674,1011,27,223,1016,12,25,11195],"class_list":{"0":"post-257087","1":"post","2":"type-post","3":"status-publish","4":"format-standard","5":"has-post-thumbnail","7":"category-europe","8":"tag-actualites","9":"tag-eu","10":"tag-europe","11":"tag-fr","12":"tag-france","13":"tag-intelligence-artificielle","14":"tag-meta","15":"tag-news","16":"tag-republique-francaise","17":"tag-reseau-social"},"share_on_mastodon":{"url":"https:\/\/pubeurope.com\/@fr\/114875864465932787","error":""},"_links":{"self":[{"href":"https:\/\/www.europesays.com\/fr\/wp-json\/wp\/v2\/posts\/257087","targetHints":{"allow":["GET"]}}],"collection":[{"href":"https:\/\/www.europesays.com\/fr\/wp-json\/wp\/v2\/posts"}],"about":[{"href":"https:\/\/www.europesays.com\/fr\/wp-json\/wp\/v2\/types\/post"}],"author":[{"embeddable":true,"href":"https:\/\/www.europesays.com\/fr\/wp-json\/wp\/v2\/users\/2"}],"replies":[{"embeddable":true,"href":"https:\/\/www.europesays.com\/fr\/wp-json\/wp\/v2\/comments?post=257087"}],"version-history":[{"count":0,"href":"https:\/\/www.europesays.com\/fr\/wp-json\/wp\/v2\/posts\/257087\/revisions"}],"wp:featuredmedia":[{"embeddable":true,"href":"https:\/\/www.europesays.com\/fr\/wp-json\/wp\/v2\/media\/257088"}],"wp:attachment":[{"href":"https:\/\/www.europesays.com\/fr\/wp-json\/wp\/v2\/media?parent=257087"}],"wp:term":[{"taxonomy":"category","embeddable":true,"href":"https:\/\/www.europesays.com\/fr\/wp-json\/wp\/v2\/categories?post=257087"},{"taxonomy":"post_tag","embeddable":true,"href":"https:\/\/www.europesays.com\/fr\/wp-json\/wp\/v2\/tags?post=257087"}],"curies":[{"name":"wp","href":"https:\/\/api.w.org\/{rel}","templated":true}]}}