{"id":25709,"date":"2025-04-15T02:33:11","date_gmt":"2025-04-15T02:33:11","guid":{"rendered":"https:\/\/www.europesays.com\/fr\/25709\/"},"modified":"2025-04-15T02:33:11","modified_gmt":"2025-04-15T02:33:11","slug":"intoxication-dans-une-salle-de-sport-a-paris-une-employee-decedee-et-une-cliente-en-urgence-absolue","status":"publish","type":"post","link":"https:\/\/www.europesays.com\/fr\/25709\/","title":{"rendered":"Intoxication dans une salle de sport \u00e0 Paris\u00a0: une employ\u00e9e d\u00e9c\u00e9d\u00e9e et une cliente en urgence absolue"},"content":{"rendered":"<p class=\"paragraph text_align_left\">Une personne a perdu la vie et une autre victime est \u00ab entre la vie et la mort \u00bb, ce lundi 14 avril, apr\u00e8s une fuite d\u2019azote dans la salle de sport On Air, situ\u00e9e boulevard Voltaire, dans le XIe arrondissement de <a href=\"https:\/\/www.leparisien.fr\/paris-75\/\" target=\"_blank\" rel=\"nofollow noopener\">Paris<\/a>, a appris Le Parisien de source polici\u00e8re dans la soir\u00e9e. \u00ab La victime est une employ\u00e9e de la salle de sport n\u00e9e en 1996, pr\u00e9cise, ce lundi soir, le parquet de Paris. Une autre personne, cliente de l\u2019\u00e9tablissement, n\u00e9e en 1991, a \u00e9t\u00e9 hospitalis\u00e9e et son pronostic vital est engag\u00e9. \u00bb<\/p>\n<p class=\"paragraph text_align_left\">Selon les premiers \u00e9l\u00e9ments de l\u2019enqu\u00eate, la fuite d\u2019azote provient des cuves de r\u00e9cup\u00e9ration en cryoth\u00e9rapie. Elle pourrait \u00eatre li\u00e9e \u00e0 des travaux de plomberie men\u00e9s ce lundi au sein de la salle de sport. \u00ab Une enqu\u00eate en recherche des causes de la mort est ouverte et confi\u00e9e au commissariat de police du XIe arrondissement de Paris, en co-saisine avec l\u2019inspection du travail \u00bb, indique ce lundi soir le parquet de Paris.<\/p>\n<p>Une autopsie ordonn\u00e9e<\/p>\n<p class=\"paragraph text_align_left\">Le drame serait \u00ab survenu au cours d\u2019une s\u00e9ance de cryoth\u00e9rapie, poursuit la repr\u00e9sentante du minist\u00e8re public. Une autopsie et des analyses toxicologiques ont \u00e9t\u00e9 ordonn\u00e9es pour d\u00e9terminer avec pr\u00e9cision la cause de la mort \u00bb. Des policiers ainsi que des \u00e9quipes de secours ont \u00e9t\u00e9 d\u00e9p\u00each\u00e9s sur place. Des services fun\u00e9raires se sont \u00e9galement rendus sur les lieux, selon les informations du Parisien.<\/p>\n<p class=\"paragraph text_align_left\">L\u2019azote est un gaz inodore, incolore et insipide qui, dans un espace confin\u00e9, peut appauvrir la zone en oxyg\u00e8ne, entra\u00eenant une anoxie qui peut \u00eatre fatale.<\/p>\n<p class=\"paragraph text_align_left\">Sur Instagram, la salle de sport a indiqu\u00e9 d\u00e8s ce lundi soir que son club serait \u00ab exceptionnellement ferm\u00e9 \u00bb ce mardi.<\/p>\n","protected":false},"excerpt":{"rendered":"Une personne a perdu la vie et une autre victime est \u00ab entre la vie et la mort&hellip;\n","protected":false},"author":2,"featured_media":25710,"comment_status":"","ping_status":"","sticky":false,"template":"","format":"standard","meta":{"footnotes":""},"categories":[1888],"tags":[11,1777,674,118,1011,27,1944,12,626,25],"class_list":{"0":"post-25709","1":"post","2":"type-post","3":"status-publish","4":"format-standard","5":"has-post-thumbnail","7":"category-paris","8":"tag-actualites","9":"tag-eu","10":"tag-europe","11":"tag-faits-divers","12":"tag-fr","13":"tag-france","14":"tag-ma-ville","15":"tag-news","16":"tag-paris","17":"tag-republique-francaise"},"share_on_mastodon":{"url":"https:\/\/pubeurope.com\/@fr\/114339643607280795","error":""},"_links":{"self":[{"href":"https:\/\/www.europesays.com\/fr\/wp-json\/wp\/v2\/posts\/25709","targetHints":{"allow":["GET"]}}],"collection":[{"href":"https:\/\/www.europesays.com\/fr\/wp-json\/wp\/v2\/posts"}],"about":[{"href":"https:\/\/www.europesays.com\/fr\/wp-json\/wp\/v2\/types\/post"}],"author":[{"embeddable":true,"href":"https:\/\/www.europesays.com\/fr\/wp-json\/wp\/v2\/users\/2"}],"replies":[{"embeddable":true,"href":"https:\/\/www.europesays.com\/fr\/wp-json\/wp\/v2\/comments?post=25709"}],"version-history":[{"count":0,"href":"https:\/\/www.europesays.com\/fr\/wp-json\/wp\/v2\/posts\/25709\/revisions"}],"wp:featuredmedia":[{"embeddable":true,"href":"https:\/\/www.europesays.com\/fr\/wp-json\/wp\/v2\/media\/25710"}],"wp:attachment":[{"href":"https:\/\/www.europesays.com\/fr\/wp-json\/wp\/v2\/media?parent=25709"}],"wp:term":[{"taxonomy":"category","embeddable":true,"href":"https:\/\/www.europesays.com\/fr\/wp-json\/wp\/v2\/categories?post=25709"},{"taxonomy":"post_tag","embeddable":true,"href":"https:\/\/www.europesays.com\/fr\/wp-json\/wp\/v2\/tags?post=25709"}],"curies":[{"name":"wp","href":"https:\/\/api.w.org\/{rel}","templated":true}]}}