{"id":257102,"date":"2025-07-18T19:30:09","date_gmt":"2025-07-18T19:30:09","guid":{"rendered":"https:\/\/www.europesays.com\/fr\/257102\/"},"modified":"2025-07-18T19:30:09","modified_gmt":"2025-07-18T19:30:09","slug":"si-le-sport-recule-dans-les-quartiers-il-va-y-avoir-dautres-problemes-2","status":"publish","type":"post","link":"https:\/\/www.europesays.com\/fr\/257102\/","title":{"rendered":"Si le sport recule dans les quartiers, il va y avoir d&rsquo;autres probl\u00e8mes"},"content":{"rendered":"<p> Publi\u00e9 le\u00a018 juillet 2025par\u00a0<a href=\"https:\/\/www.banquedesterritoires.fr\/localtis\/jean-damien-lesay\" rel=\"nofollow noopener\" target=\"_blank\">Jean Damien Lesay<\/a><br \/>\n            ,<br \/>\npropos recueillis pour Localtis<\/p>\n<p>\n  Sport\n          <\/p>\n<p class=\"text-align-justify\"><strong>Localtis &#8211; Comment se porte la FFBB un an apr\u00e8s les Jeux de Paris ?<\/strong><\/p>\n<p class=\"text-align-justify\"><strong>Jean-Pierre Hunckler &#8211;<\/strong> Elle se porte tr\u00e8s bien et tout particuli\u00e8rement en termes de licenci\u00e9s. Je suis tr\u00e8s satisfait de la progression car je pensais qu&rsquo;il y aurait une r\u00e9gression. Nous progressons plus chez les femmes, avec +4% en licences comp\u00e9tition, que chez les hommes. La progression globale est de 2%, ce qui est un tr\u00e8s bon r\u00e9sultat compte tenu des conditions d&rsquo;accueil aujourd&rsquo;hui en France. En effet, nous n&rsquo;avons pas pu accueillir 150.000 licenci\u00e9s cette ann\u00e9e, qui viennent s&rsquo;ajouter aux 80.000 d&rsquo;il y a deux ans. Si nous avions pu accueillir tout le monde, nous serions au-del\u00e0 du million de licenci\u00e9s.<\/p>\n<p class=\"text-align-justify\"><strong>Pourquoi vos clubs n&rsquo;ont-ils pu accueillir ces 150.000 nouveaux joueurs et joueuses ?<\/strong><\/p>\n<p class=\"text-align-justify\">Il n&rsquo;y a plus de cr\u00e9neaux dans les salles, il n&rsquo;y a pas assez de salles. Lors de ma tourn\u00e9e en France, aucun maire ni aucun pr\u00e9sident de conseil r\u00e9gional ou d\u00e9partemental ne m&rsquo;a dit de ne pas m&rsquo;inqui\u00e9ter, personne ne m&rsquo;a dit qu&rsquo;une vingtaine de salles allaient se construire dans les dix ans \u00e0 venir. Je n&rsquo;ai pas entendu \u00e7a. Les Jeux olympiques ont surtout b\u00e9n\u00e9fici\u00e9 aux sports d&rsquo;ext\u00e9rieur et aux sports individuels. Si on n&rsquo;est pas novateurs, les sports traditionnels de salle sont appel\u00e9s \u00e0 stagner, voire \u00e0 r\u00e9gresser, alors qu&rsquo;on apprend que de nouvelles disciplines arrivent, auxquels il va falloir trouver une place dans les salles. Quand j&rsquo;entends parler du futsal \u00e0 quatre [qui s&rsquo;ajouterait au futsal \u00e0 cinq, ndlr], j&rsquo;\u00e9carquille les yeux.<\/p>\n<p class=\"text-align-justify\"><strong>Comment avez-vous accueilli les nouvelles r\u00e8gles du pass Sport, dont les moins de quatorze ans sont d\u00e9sormais \u00e9cart\u00e9s ?<\/strong><\/p>\n<p class=\"text-align-justify\">Nous avons fait une simulation \u00e0 partir des chiffres de l&rsquo;an dernier et constatons une perte s\u00e8che de quatre millions d&rsquo;euros dans les caisses des clubs. Ce sont 126.000 personnes qui ne b\u00e9n\u00e9ficieront pas cette ann\u00e9e de cette aide. Les clubs, qui avaient parfois des soucis financiers, avaient augment\u00e9 leurs cotisations pour pouvoir apporter une qualit\u00e9 de service \u00e0 leurs licenci\u00e9s. Cet argent a permis aux clubs de financer des salari\u00e9s dont les aides \u00e0 l&#8217;emploi avaient \u00e9t\u00e9 supprim\u00e9es ou r\u00e9duites, pour accompagner les jeunes entrant dans le basket, de financer des \u00e9ducateurs suppl\u00e9mentaires. Je vais vous r\u00e9pondre clairement, il n&rsquo;y a pas un club qui a baiss\u00e9 ses cotisations de cinquante euros [montant de l&rsquo;aide du pass Sport l&rsquo;an pass\u00e9, ndlr]. Automatiquement, ces cinquante euros sont venus en compl\u00e9ment.<\/p>\n<p class=\"text-align-justify\"><strong>Avez-vous eu d&rsquo;autres mauvaises nouvelles de ce type r\u00e9cemment ?\u00a0<\/strong><\/p>\n<p class=\"text-align-justify\">Oui. Il y a quelques ann\u00e9es, le pr\u00e9sident Fran\u00e7ois Hollande avait fait mettre la pression sur les f\u00e9d\u00e9rations pour qu&rsquo;on engage des jeunes en service civique. La FFBB s&rsquo;\u00e9tait engag\u00e9e sur mille services civiques, mais les clubs n&rsquo;ayant pas les moyens, la f\u00e9d\u00e9ration finan\u00e7ait 300.000 euros. Cette ann\u00e9e, nous avons engag\u00e9 584 missions, mais il y a huit jours, nous avons re\u00e7u un courrier \u00e9lectronique lapidaire nous disant que nous n&rsquo;aurions droit qu&rsquo;\u00e0 370 missions. Que fait-on des deux cents personnes d\u00e9j\u00e0 engag\u00e9es ?<\/p>\n<p><strong>Que vous disent les dirigeants de club ?<\/strong><\/p>\n<p class=\"text-align-justify\">Un sondage r\u00e9cent de l&rsquo;Andes [Association nationale des \u00e9lus en charge du sport] annonce des baisses de 20% \u00e0 60% des subventions des collectivit\u00e9s. Les dirigeants s&rsquo;inqui\u00e8tent de ce qui va \u00eatre fait pour eux demain. On leur dit de prendre des personnes pour les professionnaliser, mais il n&rsquo;y a plus d&rsquo;aides. Les services civiques ne marchaient pas mal, on r\u00e9duit les missions. Que les b\u00e9n\u00e9ficiaires du RSA donnent du temps \u00e0 des associations, comme cela est annonc\u00e9, c&rsquo;est une tr\u00e8s bonne initiative, mais quel type de personnes va-t-on pouvoir toucher pour que cela serve aux clubs ?\u00a0<\/p>\n<p class=\"text-align-justify\"><strong>Et que vous disent les \u00e9lus locaux ?<\/strong><\/p>\n<p class=\"text-align-justify\">Ceux que je rencontre ne sont pas tr\u00e8s optimistes. J&rsquo;ai pr\u00e9vu dans mon programme d&rsquo;aller vers le d\u00e9veloppement d&rsquo;activit\u00e9s \u00e0 caract\u00e8re social, comme le sport-sant\u00e9, l&rsquo;inclusion, l&rsquo;insertion, les pratiques en dehors des gymnases. Ce n&rsquo;est pas \u00e9vident de convaincre les dirigeants de clubs, mais, si j&rsquo;\u00e9coute les \u00e9lus, c&rsquo;est \u00e7a qui va \u00eatre financ\u00e9 dans l&rsquo;avenir, et non pas la comp\u00e9tition.<\/p>\n<p><strong>Qui avez-vous rencontr\u00e9 durant votre tourn\u00e9e des collectivit\u00e9s\u00a0?<\/strong><\/p>\n<p class=\"text-align-justify\">J&rsquo;ai rencontr\u00e9 des \u00e9lus de tous les conseils r\u00e9gionaux, sauf un, des \u00e9lus d\u00e9partementaux et des maires de grandes villes, mais aussi de villes moyennes et petites, la plus petite comptant seulement quatre cents habitants et un club de basket de soixante-dix licenci\u00e9s. D&rsquo;une r\u00e9gion \u00e0 une autre, on va du simple au double en mati\u00e8re de financement. Certaines r\u00e9gions ont m\u00eame tout arr\u00eat\u00e9. Les Pays de la Loire, c&rsquo;est z\u00e9ro centime pour le sport, Auvergne-Rh\u00f4ne-Alpes, c&rsquo;est z\u00e9ro centime en cr\u00e9dits de fonctionnement depuis deux ans pour les centres de formation ou les p\u00f4les espoirs. C\u00f4t\u00e9 communes, je sors d&rsquo;un rendez-vous avec une mairie \u00e0 laquelle l&rsquo;\u00c9tat vient de demander de faire douze millions d&rsquo;euros d&rsquo;\u00e9conomies, alors qu&rsquo;elle a cent associations sportives \u00e0 financer. Or nous souhaitons que tous nos licenci\u00e9s, quel que soit leur territoire, puissent avoir les m\u00eames conditions de pratique.<\/p>\n<p class=\"text-align-justify\"><strong>Quelle est la situation des \u00e9quipements sportifs qu&rsquo;utilisent vos clubs ?<\/strong><\/p>\n<p class=\"text-align-justify\">Nous avons aujourd&rsquo;hui un niveau d&rsquo;ar\u00e9nas, comptant de cinq \u00e0 douze mille places, que nous n&rsquo;avions pas il y a vingt ans et cela nous permet de postuler plus facilement \u00e0 l&rsquo;organisation d&rsquo;\u00e9v\u00e9nements internationaux. Mais il y a \u00e9norm\u00e9ment de gymnases, ceux qui servent \u00e0 nos clubs amateurs, qui ont cinquante ans et n&rsquo;ont pas \u00e9t\u00e9 entretenus depuis vingt ou trente ans. Ce sont des gouffres \u00e9nerg\u00e9tiques aussi bien l&rsquo;hiver que l&rsquo;\u00e9t\u00e9, il y a des fuites de partout. Les \u00e9lus aux sports me disent qu&rsquo;ils investissent \u00e9norm\u00e9ment dans les gymnases, mais pas pour en construire de nouveaux, uniquement pour entretenir l&rsquo;existant. Le pr\u00e9sident de l&rsquo;Andes, Patrick App\u00e9r\u00e9, le dit : si on faisait la somme de tout ce que les villes ont mis pour entretenir les salles depuis quatre ou cinq ans, on aurait pu construire de nombreux gymnases neufs. En France, m&rsquo;a dit un maire, nous avons la mauvaise habitude de construire des \u00e9quipements neufs et de ne plus nous en occuper. Il n&rsquo;y a pas d&rsquo;entretien r\u00e9gulier, et quand on s&rsquo;aper\u00e7oit qu&rsquo;il faut entretenir, il faut pratiquement d\u00e9truire et reconstruire. Ce maire veut voir des agents de la ville avec un pot et des pinceaux pour mettre un coup de peinture quand \u00e7a commence \u00e0 s&rsquo;ab\u00eemer. Si on entretient r\u00e9guli\u00e8rement, cela co\u00fbte moins cher.\u00a0<\/p>\n<p class=\"text-align-justify\"><strong>Le plan 5.000 \u00e9quipements, lanc\u00e9 en 2021, visait \u00e0 l&rsquo;origine de petits \u00e9quipements de proximit\u00e9. Est-il adapt\u00e9 aux besoins de vos clubs ?<\/strong><\/p>\n<p class=\"text-align-justify\">Ce plan a \u00e9t\u00e9 une aubaine alors que le basket 3&#215;3, qui est une discipline ext\u00e9rieure, est devenu olympique en 2017. Avec l&rsquo;argent gagn\u00e9 gr\u00e2ce \u00e0 l&rsquo;organisation de l&rsquo;Euro 2015, nous avons mont\u00e9 un plan \u00ab\u00a0infrastructures\u00a0\u00bb que nous avons pr\u00e9sent\u00e9 \u00e0 l&rsquo;Agence nationale du sport pour un cofinancement. Et alors que nous finissions ce plan \u00ab\u00a0infras\u00a0\u00bb, le plan 5.000 est arriv\u00e9. Les collectivit\u00e9s avaient enclench\u00e9 un travail de d\u00e9veloppement de terrains 3&#215;3 et trouvaient int\u00e9ressant que les jeunes adh\u00e8rent \u00e0 ce qui allait \u00eatre construit dans les quartiers. Nous avons amen\u00e9 un partenaire pour financer du design adapt\u00e9 au quartier. Les collectivit\u00e9s ont fait un travail \u00e9norme pour nous. Et quand une municipalit\u00e9 voulait faire un city stade, qui co\u00fbte un peu moins cher, je leur disais que le city stade ne permettrait pas de mixit\u00e9, qu&rsquo;il serait un ministade de football, alors que le 3&#215;3 est mixte. Cette ann\u00e9e, nous sommes \u00e0 huit cents terrains de 3&#215;3, et m\u00eame si on n&rsquo;a plus les m\u00eames sommes, il y a encore des collectivit\u00e9s qui veulent lancer des terrains de 3&#215;3. C&rsquo;est l&rsquo;une des pistes pour que nos clubs trouvent des cr\u00e9neaux pour des activit\u00e9s hors comp\u00e9tition. Il reste \u00e0 expliquer aux jeunes qui jouent toute la journ\u00e9e qu&rsquo;on va bloquer le terrain pendant une heure pour du sport-sant\u00e9 ou de l&rsquo;inclusion. Il y a une r\u00e9flexion \u00e0 engager.<\/p>\n<p class=\"text-align-justify\"><strong>O\u00f9 en est-on de l&rsquo;utilisation d&rsquo;\u00e9quipements sportifs scolaires par les clubs, que les minist\u00e8res de l&rsquo;\u00c9ducation nationale et des Sports veulent d\u00e9velopper ?<\/strong><\/p>\n<p class=\"text-align-justify\">Cela existe d\u00e9j\u00e0 dans beaucoup d&rsquo;endroits, mais pas encore partout, car cela engendre beaucoup de contraintes. Quand on met \u00e0 disposition un gymnase scolaire, cela pose des probl\u00e8mes de s\u00e9curit\u00e9. Il faut une personne pour ouvrir et fermer, cela entra\u00eene des co\u00fbts de fluides. Dans certains cas, et cela ne nous aide pas, des clubs laissent la salle en mauvais \u00e9tat. En arrivant le lundi matin, les professeurs d&rsquo;EPS vont voir le proviseur et leur disent que c&rsquo;est fini. Il faut savoir cohabiter. Dans les \u00e9coles, il y a aussi des terrains ext\u00e9rieurs qui peuvent servir. Avec ces \u00e9quipements, les r\u00e9gions font parfois de la subvention indirecte, sachant que le co\u00fbt est d&rsquo;environ quinze euros de l&rsquo;heure, elles mettent la salle du lyc\u00e9e \u00e0 disposition des clubs pour quelques euros et compl\u00e8tent de leur poche. Il y a des endroits o\u00f9 on pourrait faire plus, \u00cele-de-France en t\u00eate. Il y a des tensions, des proviseurs ne veulent pas ouvrir leur lyc\u00e9e. Parall\u00e8lement, lors de la construction d&rsquo;un \u00e9tablissement scolaire, des \u00e9lus demandent que le gymnase soit \u00e9difi\u00e9 \u00e0 c\u00f4t\u00e9 du lyc\u00e9e, avec une connexion. Il y a une volont\u00e9 des collectivit\u00e9s. Je sais qu&rsquo;un travail est fait par la ministre des Sports, Marie Barsacq, avec l&rsquo;\u00c9ducation nationale, comme par Am\u00e9lie Oud\u00e9a-Cast\u00e9ra avant elle. Mais c&rsquo;est un panier de crabes. Si le minist\u00e8re dit oui et que le rectorat dit non, c&rsquo;est non. Ce n&rsquo;est pas si simple, mais il y a des endroits o\u00f9 cela marche tr\u00e8s bien, notamment dans les villes moyennes.<\/p>\n<p><strong>Si vous deviez adresser un message aux collectivit\u00e9s, quel serait-il ?<\/strong><\/p>\n<p class=\"text-align-justify\">Je pr\u00e9f\u00e8re \u00eatre pr\u00e9sident d&rsquo;une f\u00e9d\u00e9ration qu&rsquo;adjoint aux sports dans une ville. Quand il faut aller voir les associations pour leur dire qu&rsquo;il n&rsquo;y a plus de subventions, cela demande du courage. Avec les \u00e9lus et toutes les f\u00e9d\u00e9rations, nous devons nous serrer les coudes pour d\u00e9fendre notre sport. Les maires et les adjoints sont sur le terrain, ils sont inquiets. Ils savent tr\u00e8s bien que si demain le sport recule dans les quartiers, il va y avoir d&rsquo;autres probl\u00e8mes. Quand un club s&rsquo;occupe de deux cent cinquante jeunes toute l&rsquo;ann\u00e9e, sans r\u00e9gler tous les probl\u00e8mes, cela permet tout de m\u00eame de les \u00e9duquer au respect des r\u00e8gles. Sans faire la r\u00e9volution, il faut qu&rsquo;on se fasse entendre.<\/p>\n","protected":false},"excerpt":{"rendered":"Publi\u00e9 le\u00a018 juillet 2025par\u00a0Jean Damien Lesay , propos recueillis pour Localtis Sport Localtis &#8211; Comment se porte la&hellip;\n","protected":false},"author":2,"featured_media":256847,"comment_status":"","ping_status":"","sticky":false,"template":"","format":"standard","meta":{"footnotes":""},"categories":[1414],"tags":[1465,1464,1011,27,60],"class_list":{"0":"post-257102","1":"post","2":"type-post","3":"status-publish","4":"format-standard","5":"has-post-thumbnail","7":"category-basket","8":"tag-basket","9":"tag-basketball","10":"tag-fr","11":"tag-france","12":"tag-sports"},"share_on_mastodon":{"url":"https:\/\/pubeurope.com\/@fr\/114875899781314806","error":""},"_links":{"self":[{"href":"https:\/\/www.europesays.com\/fr\/wp-json\/wp\/v2\/posts\/257102","targetHints":{"allow":["GET"]}}],"collection":[{"href":"https:\/\/www.europesays.com\/fr\/wp-json\/wp\/v2\/posts"}],"about":[{"href":"https:\/\/www.europesays.com\/fr\/wp-json\/wp\/v2\/types\/post"}],"author":[{"embeddable":true,"href":"https:\/\/www.europesays.com\/fr\/wp-json\/wp\/v2\/users\/2"}],"replies":[{"embeddable":true,"href":"https:\/\/www.europesays.com\/fr\/wp-json\/wp\/v2\/comments?post=257102"}],"version-history":[{"count":0,"href":"https:\/\/www.europesays.com\/fr\/wp-json\/wp\/v2\/posts\/257102\/revisions"}],"wp:featuredmedia":[{"embeddable":true,"href":"https:\/\/www.europesays.com\/fr\/wp-json\/wp\/v2\/media\/256847"}],"wp:attachment":[{"href":"https:\/\/www.europesays.com\/fr\/wp-json\/wp\/v2\/media?parent=257102"}],"wp:term":[{"taxonomy":"category","embeddable":true,"href":"https:\/\/www.europesays.com\/fr\/wp-json\/wp\/v2\/categories?post=257102"},{"taxonomy":"post_tag","embeddable":true,"href":"https:\/\/www.europesays.com\/fr\/wp-json\/wp\/v2\/tags?post=257102"}],"curies":[{"name":"wp","href":"https:\/\/api.w.org\/{rel}","templated":true}]}}