{"id":257103,"date":"2025-07-18T19:31:12","date_gmt":"2025-07-18T19:31:12","guid":{"rendered":"https:\/\/www.europesays.com\/fr\/257103\/"},"modified":"2025-07-18T19:31:12","modified_gmt":"2025-07-18T19:31:12","slug":"quartararo-qualifie-en-q2-mais-dependant-du-grip-a-brno","status":"publish","type":"post","link":"https:\/\/www.europesays.com\/fr\/257103\/","title":{"rendered":"Quartararo qualifi\u00e9 en Q2 mais d\u00e9pendant du grip \u00e0 Brno"},"content":{"rendered":"<p>En arrivant \u00e0 Brno jeudi, <a href=\"https:\/\/fr.motorsport.com\/driver\/pecco-bagnaia\/109394\/\" target=\"_blank\" rel=\"noopener\">Pecco Bagnaia<\/a> s&rsquo;attendait <a href=\"https:\/\/fr.motorsport.com\/motogp\/news\/bagnaia-retrouve-sourire-pas-encore-resultats\/10742932\/\" target=\"_blank\" rel=\"noopener\">\u00e0 ce que Yamaha soit dans le coup<\/a>. Chez le constructeur japonais, <a href=\"https:\/\/fr.motorsport.com\/driver\/fabio-quartararo\/109400\/\" target=\"_blank\" rel=\"noopener\">Fabio Quartararo<\/a> affichait aussi un certain optimisme, en misant sur le nouvel asphalte suppos\u00e9 offrir un tr\u00e8s bon niveau de grip, ce qui pourrait effacer une faiblesse r\u00e9currente de la M1.<\/p>\n<p>\u00ab\u00a0Je pense que c&rsquo;est tr\u00e8s important pour nous d&rsquo;avoir du grip en piste, parce que je sais que notre moto est tr\u00e8s sensible aux conditions d&rsquo;adh\u00e9rence\u00a0\u00bb, soulignait ainsi Quartararo. \u00ab\u00a0Avoir de l&rsquo;adh\u00e9rence sur cette piste va beaucoup nous aider.\u00a0\u00bb<\/p>\n<p>La premi\u00e8re journ\u00e9e en piste n&rsquo;a pas v\u00e9ritablement permis de confirmer cet espoir puisque la pluie s&rsquo;est invit\u00e9e. Quartararo a n\u00e9anmoins r\u00e9ussi \u00e0 trouver un bon grip et \u00e0 prendre une belle troisi\u00e8me place lors dans l&rsquo;apr\u00e8s-midi, assurant par la m\u00eame occasion sa pr\u00e9sence en Q2.<\/p>\n<p>\u00ab\u00a0Je me suis senti super bien aujourd&rsquo;hui quand c&rsquo;\u00e9tait full wet\u00a0\u00bb, a expliqu\u00e9 le Fran\u00e7ais apr\u00e8s les <a href=\"https:\/\/fr.motorsport.com\/motogp\/news\/essais-marquez-domine-martin-francais-q2\/10743130\/\" target=\"_blank\" rel=\"noopener\">Essais<\/a>. \u00ab\u00a0\u00c0 la fin aussi, quand il y avait encore des traces d&rsquo;humidit\u00e9, c&rsquo;\u00e9tait pi\u00e9geux mais j&rsquo;arrivais encore \u00e0 rouler en 2&rsquo;04&Prime;7, c&rsquo;\u00e9tait vraiment bien. Quand le grip est bon, notre moto fonctionne plut\u00f4t bien, mais c&rsquo;est toujours difficile d&rsquo;avoir ces conditions.\u00a0\u00bb\u00a0<\/p>\n<p>Cette journ\u00e9e pluvieuse a en tout cas confirm\u00e9 ce que Quartararo disait en d\u00e9but de week-end, \u00e0 savoir que la Yamaha a besoin d&rsquo;une piste offrant de l&rsquo;adh\u00e9rence pour briller\u00a0: \u00ab\u00a0On s&rsquo;est un petit peu am\u00e9lior\u00e9s sur le mouill\u00e9, mais c&rsquo;est comme sur le sec, on a du mal selon les conditions de piste. Si le grip est tr\u00e8s \u00e9lev\u00e9, on arrive \u00e0 \u00eatre super rapides. Aujourd&rsquo;hui, le grip \u00e9tait bon et on a pu \u00eatre assez rapides.\u00a0\u00bb<\/p>\n<p>   <img decoding=\"async\" draggable=\"false\" src=\"https:\/\/www.europesays.com\/fr\/wp-content\/uploads\/2025\/07\/1752867072_197_fabio-quartararo-yamaha-factor.jpg\" alt=\"Fabio Quartararo, Yamaha Factory Racing\" width=\"1200\" height=\"800\" loading=\"lazy\"\/> <\/p>\n<p class=\"title\">Fabio Quartararo<\/p>\n<p class=\"photographer\">Photo de: Gold and Goose Photography \/ LAT Images \/ via Getty Images<\/p>\n<p>Les pilotes n&rsquo;ont pu rouler en slicks qu&rsquo;\u00e0 la fin de la premi\u00e8re s\u00e9ance et Quartararo n&rsquo;a pas eu des sensations id\u00e9ales, mais il n&rsquo;est pas tr\u00e8s inquiet\u00a0: \u00ab\u00a0\u00c7a n&rsquo;\u00e9tait pas g\u00e9nial pour nous parce qu&rsquo;on a utilis\u00e9 le pneu avant soft pour \u00e9conomiser de la gomme, mais on sait que, pour nous, il est super important de freiner tr\u00e8s fort et mes sensations \u00e9taient tr\u00e8s mauvaises sur l&rsquo;avant. Mais demain est un autre jour et on utilisera le medium \u00e0 l&rsquo;avant et je pense que ce sera beaucoup mieux.\u00a0\u00bb\u00a0<\/p>\n<p>Pour \u00eatre performant sur piste s\u00e8che \u00e0 Brno, Quartararo compte aussi sur de bonnes performances au freinage, ce qui pose quelques difficult\u00e9s \u00e0 Yamaha par moment. On le voyait notamment au premier virage du Sachsenring, o\u00f9 sa roue arri\u00e8re se soulevait. Cet \u00e9l\u00e9ment est lui aussi li\u00e9 au niveau de grip offert par le circuit.<\/p>\n<p>\u00ab\u00a0Je pense que le freinage sera bon s&rsquo;il y a de l&rsquo;adh\u00e9rence en piste\u00a0\u00bb, expliquait Quartararo jeudi. \u00ab\u00a0Surtout le freinage en descente. En mont\u00e9e aussi, mais si on arrive aussi \u00e0 freiner de l&rsquo;arri\u00e8re, une chose qui nous pose tout le temps difficult\u00e9. On aura une confiance suppl\u00e9mentaire \u00e0 l&rsquo;avant, mais \u00e9galement si on s&rsquo;arr\u00eate avec l&rsquo;arri\u00e8re.\u00a0\u00bb<\/p>\n<p>La longue mont\u00e9e pourrait en revanche \u00eatre un probl\u00e8me pour le quatre cylindres en ligne de Yamaha\u00a0: \u00ab\u00a0Peut-\u00eatre pas un probl\u00e8me, mais \u00e7a ne va pas beaucoup aider ! \u00c9videmment, on sait qu&rsquo;on doit am\u00e9liorer tout ce qui vient du moteur. Ce ne sera pas notre point fort.\u00a0\u00bb<\/p>\n<p style=\"text-align: right;\">Avec L\u00e9na Buffa<\/p>\n<p>Lire aussi :<\/p>\n<p>Dans cet article<\/p>\n<p>Soyez le premier inform\u00e9 et souscrivez aux alertes mails pour recevoir les infos en temps r\u00e9el<\/p>\n<p>    S&rsquo;abonner aux alertes de news<\/p>\n","protected":false},"excerpt":{"rendered":"En arrivant \u00e0 Brno jeudi, Pecco Bagnaia s&rsquo;attendait \u00e0 ce que Yamaha soit dans le coup. Chez le&hellip;\n","protected":false},"author":2,"featured_media":257104,"comment_status":"","ping_status":"","sticky":false,"template":"","format":"standard","meta":{"footnotes":""},"categories":[1413],"tags":[37813,1680,1011,27,37812,1457,1456,1458,60,3796],"class_list":{"0":"post-257103","1":"post","2":"type-post","3":"status-publish","4":"format-standard","5":"has-post-thumbnail","7":"category-moto","8":"tag-brno-circuit","9":"tag-fabio-quartararo","10":"tag-fr","11":"tag-france","12":"tag-gp-de-ru00e9publique-tchu00e8que","13":"tag-moto","14":"tag-motocycle","15":"tag-motogp","16":"tag-sports","17":"tag-yamaha-factory-racing"},"share_on_mastodon":{"url":"https:\/\/pubeurope.com\/@fr\/114875903752647786","error":""},"_links":{"self":[{"href":"https:\/\/www.europesays.com\/fr\/wp-json\/wp\/v2\/posts\/257103","targetHints":{"allow":["GET"]}}],"collection":[{"href":"https:\/\/www.europesays.com\/fr\/wp-json\/wp\/v2\/posts"}],"about":[{"href":"https:\/\/www.europesays.com\/fr\/wp-json\/wp\/v2\/types\/post"}],"author":[{"embeddable":true,"href":"https:\/\/www.europesays.com\/fr\/wp-json\/wp\/v2\/users\/2"}],"replies":[{"embeddable":true,"href":"https:\/\/www.europesays.com\/fr\/wp-json\/wp\/v2\/comments?post=257103"}],"version-history":[{"count":0,"href":"https:\/\/www.europesays.com\/fr\/wp-json\/wp\/v2\/posts\/257103\/revisions"}],"wp:featuredmedia":[{"embeddable":true,"href":"https:\/\/www.europesays.com\/fr\/wp-json\/wp\/v2\/media\/257104"}],"wp:attachment":[{"href":"https:\/\/www.europesays.com\/fr\/wp-json\/wp\/v2\/media?parent=257103"}],"wp:term":[{"taxonomy":"category","embeddable":true,"href":"https:\/\/www.europesays.com\/fr\/wp-json\/wp\/v2\/categories?post=257103"},{"taxonomy":"post_tag","embeddable":true,"href":"https:\/\/www.europesays.com\/fr\/wp-json\/wp\/v2\/tags?post=257103"}],"curies":[{"name":"wp","href":"https:\/\/api.w.org\/{rel}","templated":true}]}}