{"id":257109,"date":"2025-07-18T19:34:11","date_gmt":"2025-07-18T19:34:11","guid":{"rendered":"https:\/\/www.europesays.com\/fr\/257109\/"},"modified":"2025-07-18T19:34:11","modified_gmt":"2025-07-18T19:34:11","slug":"girondins-petite-sortie-pour-les-recrues-steve-shamal-menage","status":"publish","type":"post","link":"https:\/\/www.europesays.com\/fr\/257109\/","title":{"rendered":"Girondins : petite sortie pour les recrues, Steve Shamal m\u00e9nag\u00e9"},"content":{"rendered":"<p><img decoding=\"async\" src=\"https:\/\/www.europesays.com\/fr\/wp-content\/uploads\/2025\/07\/671_6f3c63c97d6dcf2464a04df9b1812bf8.jpg\" alt=\"Girondins : petite sortie pour les recrues, Steve Shamal m\u00e9nag\u00e9\" class=\"img-responsive mt-3\"\/><\/p>\n<p class=\"text-center mb-3\" style=\"font-size: 14px\">\u00a9 Iconsport<\/p>\n<p style=\"text-align: justify;\">16 joueurs et 2 gardiens de but sont sortis ce vendredi \u00e0 18h pour la derni\u00e8re s\u00e9ance de la semaine. Elle ponctue une deuxi\u00e8me semaine de pr\u00e9paration avec ce samedi un match de pr\u00e9paration \u00e0 B\u00e9ziers \u00e0 18h pour affronter l&rsquo;AS Cannes, cador du groupe C de N2.<\/p>\n<p style=\"text-align: justify;\">Les trois recrues annonc\u00e9es hier par les Girondins de Bordeaux : <a href=\"https:\/\/www.webgirondins.com\/actualite-mercato-girondins-nadjib-cisse-officiellement-bordelais-129770\" target=\"_blank\" rel=\"noopener\">Nadjib Ciss\u00e9<\/a> (d\u00e9fenseur central), Adama Diop (milieu) et David Agossa (gardien de but) n&rsquo;ont pas particip\u00e9 \u00e0 la s\u00e9ance collective. Ils ont fait une courte apparition sur la pelouse du terrain num\u00e9ro 2 avant le reste du groupe sous la directive Th\u00e9o Freulard, le pr\u00e9parateur physique. Ils ne devraient pas participer \u00e0 la rencontre face \u00e0 Cannes ce samedi.\u00a0<\/p>\n<p style=\"text-align: justify;\">Le grand gardien n\u00e9erlandais <a href=\"https:\/\/www.webgirondins.com\/actualite-mercato-girondins-jan-hoekstra-futur-numero-1-de-bordeaux-129765\" target=\"_blank\" rel=\"noopener\">Jan Hoekstra<\/a> (il mesure 2,00m) annonc\u00e9 \u00e0 Bordeaux pour ce week-end n&rsquo;a pas \u00e9t\u00e9 aper\u00e7u.<\/p>\n<p style=\"text-align: justify;\">\u00c0 noter l&rsquo;absence du terrain de Steve Shamal et de Fa\u00efssal Mana\u00ef. Bahassa, Diabat\u00e9, Vendenabeele et Ba ont travaill\u00e9 \u00e0 part avec le kin\u00e9 David Das Neves.<\/p>\n<p style=\"text-align: justify;\">La s\u00e9ance collective a dur\u00e9 une grosse heure sous la forme d&rsquo;ateliers avec ballon, et d&rsquo;oppositions ponctu\u00e9es de frappes devant le but. Elle s&rsquo;est termin\u00e9e avec une opposition 9 contre 9 gardiens inclus. Lecroart et Baup sont dans les cages. D&rsquo;un c\u00f4t\u00e9, les \u00ab\u00a0titulaires\u00a0\u00bb N2 face aux joueurs de la R1.<\/p>\n<p style=\"text-align: justify;\">\u00a0<\/p>\n<p style=\"text-align: justify;\"><a href=\"https:\/\/www.webgirondins.com\/actualite-girondins-bordeaux-cannes-comment-suivre-le-match-en-direct-ce-samedi-129766\" target=\"_blank\" rel=\"noopener\">Rendez-vous demain \u00e0 18h<\/a> pour un premier match de pr\u00e9paration o\u00f9 Bruno Irl\u00e8s devra s&rsquo;accommoder de nombreuses absences. Nous ferons un live texte de la rencontre sur notre site WebGirondins.com.<\/p>\n<p style=\"text-align: justify;\">Vid\u00e9o de la s\u00e9ance \u00e0 regarder <a href=\"https:\/\/www.youtube.com\/watch?v=cw0m8Wh9QMM\" target=\"_blank\" rel=\"noopener\">sur notre cha\u00eene YouTube<\/a><\/p>\n<p>N.P<\/p>\n<p>\u00c0 lire &gt;&gt;\u00a0<strong><a href=\"https:\/\/www.webgirondins.com\/actualite-girondins-national-2-les-adversaires-des-girondins-de-bordeaux-dans-le-groupe-a-129762\" target=\"_blank\" rel=\"noopener\">National 2 : les adversaires des Girondins de Bordeaux dans le groupe A<\/a><br \/><\/strong><\/p>\n<p>Notre podcast court mercato :<strong><br \/><\/strong><\/p>\n<p>\u00a0<\/p>\n<p>\u00a0<\/p>\n","protected":false},"excerpt":{"rendered":"\u00a9 Iconsport 16 joueurs et 2 gardiens de but sont sortis ce vendredi \u00e0 18h pour la derni\u00e8re&hellip;\n","protected":false},"author":2,"featured_media":257110,"comment_status":"","ping_status":"","sticky":false,"template":"","format":"standard","meta":{"footnotes":""},"categories":[1410],"tags":[6950,13773,9424,20572,2871,3395,63,1011,27,1987,2705,6453,3745,2044,471,14174,6765,5572,37112,3686,60,37111,1100,6949],"class_list":{"0":"post-257109","1":"post","2":"type-post","3":"status-publish","4":"format-standard","5":"has-post-thumbnail","7":"category-football","8":"tag-bordelais","9":"tag-collective","10":"tag-derniere","11":"tag-entraine","12":"tag-explications","13":"tag-fois","14":"tag-football","15":"tag-fr","16":"tag-france","17":"tag-girondins","18":"tag-groupe","19":"tag-menage","20":"tag-participe","21":"tag-petite","22":"tag-pour","23":"tag-recrues","24":"tag-seance","25":"tag-semaine","26":"tag-shamal","27":"tag-sortie","28":"tag-sports","29":"tag-steve","30":"tag-trois","31":"tag-vendredi"},"share_on_mastodon":{"url":"https:\/\/pubeurope.com\/@fr\/114875915626769855","error":""},"_links":{"self":[{"href":"https:\/\/www.europesays.com\/fr\/wp-json\/wp\/v2\/posts\/257109","targetHints":{"allow":["GET"]}}],"collection":[{"href":"https:\/\/www.europesays.com\/fr\/wp-json\/wp\/v2\/posts"}],"about":[{"href":"https:\/\/www.europesays.com\/fr\/wp-json\/wp\/v2\/types\/post"}],"author":[{"embeddable":true,"href":"https:\/\/www.europesays.com\/fr\/wp-json\/wp\/v2\/users\/2"}],"replies":[{"embeddable":true,"href":"https:\/\/www.europesays.com\/fr\/wp-json\/wp\/v2\/comments?post=257109"}],"version-history":[{"count":0,"href":"https:\/\/www.europesays.com\/fr\/wp-json\/wp\/v2\/posts\/257109\/revisions"}],"wp:featuredmedia":[{"embeddable":true,"href":"https:\/\/www.europesays.com\/fr\/wp-json\/wp\/v2\/media\/257110"}],"wp:attachment":[{"href":"https:\/\/www.europesays.com\/fr\/wp-json\/wp\/v2\/media?parent=257109"}],"wp:term":[{"taxonomy":"category","embeddable":true,"href":"https:\/\/www.europesays.com\/fr\/wp-json\/wp\/v2\/categories?post=257109"},{"taxonomy":"post_tag","embeddable":true,"href":"https:\/\/www.europesays.com\/fr\/wp-json\/wp\/v2\/tags?post=257109"}],"curies":[{"name":"wp","href":"https:\/\/api.w.org\/{rel}","templated":true}]}}