{"id":257111,"date":"2025-07-18T19:35:12","date_gmt":"2025-07-18T19:35:12","guid":{"rendered":"https:\/\/www.europesays.com\/fr\/257111\/"},"modified":"2025-07-18T19:35:12","modified_gmt":"2025-07-18T19:35:12","slug":"on-avait-tous-le-seum","status":"publish","type":"post","link":"https:\/\/www.europesays.com\/fr\/257111\/","title":{"rendered":"on avait tous le seum"},"content":{"rendered":"<p>Apr\u00e8s des d\u00e9buts remarqu\u00e9s sur RTL et France Inter, A\u00efda Touihri<br \/>\na d\u00e9pos\u00e9 ses valises sur M6 o\u00f9 elle a anim\u00e9 le magazine<br \/>\nd\u2019actualit\u00e9s 66 minutes. Mais aussi le journal t\u00e9l\u00e9vis\u00e9 12.45.<br \/>\nParticuli\u00e8rement talentueuse, cette derni\u00e8re est parvenue \u00e0<br \/>\ns\u2019imposer comme un visage incontournable de la cha\u00eene. Une belle<br \/>\naventure qui a pris fin en 2012. En effet, apr\u00e8s plusieurs ann\u00e9es<br \/>\nsur M6, la journaliste a quitt\u00e9 le navire et a pris la direction du<br \/>\nservice public afin de prendre les commandes du magazine Vous<br \/>\nn\u2019avez encore rien vu. D\u00e9sormais, A\u00efda Touihri est plus<br \/>\ndiscr\u00e8te \u00e0 l\u2019antenne. Toutefois, elle reste active sur la<br \/>\ntoile.<\/p>\n<p>La journaliste traverse une p\u00e9riode compliqu\u00e9e<\/p>\n<p>Si A\u00efda Touihri se fait rare \u00e0 la t\u00e9l\u00e9vision, ce n\u2019est pas le<br \/>\ncas sur les r\u00e9seaux sociaux. La journaliste de 47 ans ne manque pas<br \/>\nune occasion de partager des moments de son quotidien ou encore de<br \/>\nprendre la parole sur un sujet qui lui tient \u00e0 c\u0153ur. Comme c\u2019\u00e9tait<br \/>\nle cas il y a quelques jours. Le 11 juillet dernier, la m\u00e8re de<br \/>\nfamille s\u2019est empar\u00e9e de son compte Instagram afin de donner de ses<br \/>\nnouvelles. Et il faut dire qu\u2019elle n\u2019\u00e9tait pas vraiment d\u2019humeur<br \/>\njoyeuse.<\/p>\n<p>La raison ? <a href=\"https:\/\/www.melty.fr\/divers\/bac-2025-jusqua-3800-euros-a-gagner-grace-a-vos-resultats-voici-comment-ne-rien-laisser-passer-2246707.html\" target=\"_blank\" rel=\"noopener\"><br \/>\nLes r\u00e9sultats du bac<\/a> son fils. \u201cJ\u2019accuse le coup.<br \/>\n<strong>Dans l\u2019indiff\u00e9rence g\u00e9n\u00e9rale ou presque, hier ont \u00e9t\u00e9<br \/>\nannonc\u00e9s les r\u00e9sultats du Bac de Fran\u00e7ais<\/strong>. Certes, c\u2019est<br \/>\nm\u00e9diatiquement moins spectaculaire que l\u2019\u00e9preuve de terminale mais<br \/>\nquand m\u00eame. C\u2019\u00e9tait l\u2019aboutissement d\u2019une ann\u00e9e de premi\u00e8re pour<br \/>\nmon fils ma bataille\u201d, a-t-elle \u00e9crit.<\/p>\n<p>A\u00efda Touihri se livre sur les r\u00e9sultats du bac de son fils<\/p>\n<p>Dans son message sur les r\u00e9seaux sociaux, l\u2019ancienne animatrice<br \/>\nde 66 Minutes a donn\u00e9 les r\u00e9sultats de l\u2019examen de son fils. Et<br \/>\nmalgr\u00e9 les nombreux efforts de ce dernier, \u201c<strong>le couperet<br \/>\nest tomb\u00e9<\/strong>\u201d. Le fils de la journaliste a eu \u201c8 \u00e0<br \/>\nl\u2019\u00e9crit, 10 \u00e0 l\u2019oral.\u201d Des r\u00e9sultats d\u00e9cevants pour le jeune<br \/>\ngar\u00e7on, mais aussi pour toute la famille.<\/p>\n<p>D\u2019ailleurs, dans son texte, A\u00efda Touihri n\u2019a pas cach\u00e9 sa<br \/>\nd\u00e9ception mais aussi l\u2019ambiance glaciale qui r\u00e8gne chez elle.<br \/>\n\u201c\u00c0 la maison l\u2019ambiance est tomb\u00e9e d\u2019un coup. Le seum on<br \/>\nl\u2019avait tous. <strong>Comment expliquer qu\u2019il n\u2019a jamais eu d\u2019aussi<br \/>\nmauvaises notes tout au long de l\u2019ann\u00e9e\u202f?<\/strong> Qu\u2019il avait<br \/>\npourtant l\u2019impression d\u2019avoir bien r\u00e9ussi ??\u201d, a-t-elle<br \/>\nd\u00e9clar\u00e9. Avant d\u2019ajouter : \u201cL\u2019\u00e9preuve est ainsi faite qu\u2019il n\u2019y<br \/>\na pas de rattrapage. <strong>Alors il va tout donner cette<br \/>\nann\u00e9e,<\/strong> hein.\u201d<\/p>\n<p>La m\u00e8re de famille prend une d\u00e9cision<br \/>\nradicale<\/p>\n<p>Sans rattrapage, <strong>le fils d\u2019A\u00efda Touihri va devoir se<br \/>\nretrousser les manches et faire mieux l\u2019ann\u00e9e scolaire<br \/>\nprochaine<\/strong>. Une \u00e9tape difficile. Car redoubl\u00e9 une classe<br \/>\nsachant que ses amis ont r\u00e9ussi est loin d\u2019\u00eatre ais\u00e9. Heureusement,<br \/>\nle jeune gar\u00e7on pourra compter sur le soutien de sa famille.<br \/>\nD\u2019ailleurs, la journaliste se veut pleine d\u2019espoir pour l\u2019an<br \/>\nprochain au BAC.<\/p>\n<p>\u201cPas d\u2019autre choix que d\u2019\u00eatre excellent. C\u2019est pas<br \/>\ninsurmontable, mais il faut s\u2019en donner les moyens. <strong>On sera<br \/>\nl\u00e0. Et on va pas le l\u00e2cher<\/strong>. InchAllah.\u201d Pour arriver<br \/>\n\u00e0 ce r\u00e9sultat, la quadrag\u00e9naire compte bien pousser son fils \u00e0<br \/>\ntravailler d\u00e8s \u00e0 pr\u00e9sent. \u201cAllez, maintenant, au boulot.<br \/>\n<strong>Retour aux devoirs de vacances. La PlayStation, au placard.<br \/>\nSous cl\u00e9<\/strong>. Il sait ce qu\u2019il attend, mais il ne pourra pas<br \/>\nle lire ici\u201d, a-t-elle confi\u00e9. Avant de conclure avec humour :<br \/>\n\u201cIl aura plus de portable jusqu\u2019en 2050. (Au moins).\u201d Il<br \/>\nest pr\u00e9venu.<\/p>\n","protected":false},"excerpt":{"rendered":"Apr\u00e8s des d\u00e9buts remarqu\u00e9s sur RTL et France Inter, A\u00efda Touihri a d\u00e9pos\u00e9 ses valises sur M6 o\u00f9&hellip;\n","protected":false},"author":2,"featured_media":257112,"comment_status":"","ping_status":"","sticky":false,"template":"","format":"standard","meta":{"footnotes":""},"categories":[1359],"tags":[905,58,59,1011,27,973],"class_list":{"0":"post-257111","1":"post","2":"type-post","3":"status-publish","4":"format-standard","5":"has-post-thumbnail","7":"category-people","8":"tag-a-la-une-melty","9":"tag-divertissement","10":"tag-entertainment","11":"tag-fr","12":"tag-france","13":"tag-people"},"share_on_mastodon":{"url":"https:\/\/pubeurope.com\/@fr\/114875919547466181","error":""},"_links":{"self":[{"href":"https:\/\/www.europesays.com\/fr\/wp-json\/wp\/v2\/posts\/257111","targetHints":{"allow":["GET"]}}],"collection":[{"href":"https:\/\/www.europesays.com\/fr\/wp-json\/wp\/v2\/posts"}],"about":[{"href":"https:\/\/www.europesays.com\/fr\/wp-json\/wp\/v2\/types\/post"}],"author":[{"embeddable":true,"href":"https:\/\/www.europesays.com\/fr\/wp-json\/wp\/v2\/users\/2"}],"replies":[{"embeddable":true,"href":"https:\/\/www.europesays.com\/fr\/wp-json\/wp\/v2\/comments?post=257111"}],"version-history":[{"count":0,"href":"https:\/\/www.europesays.com\/fr\/wp-json\/wp\/v2\/posts\/257111\/revisions"}],"wp:featuredmedia":[{"embeddable":true,"href":"https:\/\/www.europesays.com\/fr\/wp-json\/wp\/v2\/media\/257112"}],"wp:attachment":[{"href":"https:\/\/www.europesays.com\/fr\/wp-json\/wp\/v2\/media?parent=257111"}],"wp:term":[{"taxonomy":"category","embeddable":true,"href":"https:\/\/www.europesays.com\/fr\/wp-json\/wp\/v2\/categories?post=257111"},{"taxonomy":"post_tag","embeddable":true,"href":"https:\/\/www.europesays.com\/fr\/wp-json\/wp\/v2\/tags?post=257111"}],"curies":[{"name":"wp","href":"https:\/\/api.w.org\/{rel}","templated":true}]}}