{"id":257113,"date":"2025-07-18T19:36:11","date_gmt":"2025-07-18T19:36:11","guid":{"rendered":"https:\/\/www.europesays.com\/fr\/257113\/"},"modified":"2025-07-18T19:36:11","modified_gmt":"2025-07-18T19:36:11","slug":"trouville-cest-mon-amerique-a-moi","status":"publish","type":"post","link":"https:\/\/www.europesays.com\/fr\/257113\/","title":{"rendered":"Trouville, c\u2019est mon Am\u00e9rique \u00e0 moi"},"content":{"rendered":"<p>\u00ab\u00a0Charles Mozin fut le peintre de Trouville, comme Le Poittevin fut celui d\u2019\u00c9tretat.\u00a0\u00bb Voil\u00e0 ce que nous \u00e9crivions en 2020 \u00e0 propos de la r\u00e9trospective Eug\u00e8ne Le Poitevin au Mus\u00e9e des P\u00eacheries \u00e0 F\u00e9camp (voir l\u2019<a href=\"https:\/\/www.latribunedelart.com\/l-invention-d-etretat-eugene-le-poittevin-un-peintre-et-ses-amis-a-l-aube-de-l-impressionnisme\" class=\"spip_in\" rel=\"nofollow noopener\" target=\"_blank\">article<\/a>). Ce constat est confirm\u00e9 par l\u2019exposition actuellement pr\u00e9sent\u00e9e par la Villa Montebello, le mus\u00e9e de Trouville-sur-Mer, une ville o\u00f9 la municipalit\u00e9 &#8211; c\u2019est assez rare pour le souligner &#8211; prend soin de son patrimoine, comme nous aurons l\u2019occasion de l\u2019expliquer dans un prochain article.<\/p>\n<dl class=\"spip_document_75527 spip_documents spip_documents_center\" itemprop=\"image\" itemscope=\"\" itemtype=\"http:\/\/schema.org\/ImageObject\">\n<dt>\n\t\t<a href=\"https:\/\/www.latribunedelart.com\/IMG\/jpg\/mozin_neige.jpg?75527\/93be1cf8578b43d434d68fc3d481fed86e16dd466eee2238af3cb87d267aaf5e\" title=\"\" type=\"image\/jpeg\" rel=\"nofollow noopener\" target=\"_blank\"><br \/>\n\t\t\t<img loading=\"lazy\" decoding=\"async\" src=\"https:\/\/www.europesays.com\/fr\/wp-content\/uploads\/2025\/07\/mozin_neige-6183f.jpg\" width=\"500\" height=\"361\" alt=\"\" itemprop=\"contentUrl\"\/><br \/>\n\t\t<\/a>\n\t<\/dt>\n<dd class=\"crayon document-descriptif-75527 spip_doc_descriptif\" style=\"width:350px;\" itemprop=\"description\">1. Charles Mozin (1806-1862)<br class=\"autobr\"\/><br \/>\nEffet de neige au bord de la mer. Trouville, Salon de 1827<br class=\"autobr\"\/><br \/>\nHuile sur toile<br class=\"autobr\"\/><br \/>\nCollection particuli\u00e8re<br class=\"autobr\"\/><br \/>\nPhoto\u00a0: Didier Rykner\n<\/dd>\n<dd class=\"spip_doc_lien-galerie\">\n\t\t<a href=\"https:\/\/www.latribunedelart.com\/spip.php?page=docbig&amp;id_document=75527&amp;id_article=12758\" rel=\"nofollow noopener\" target=\"_blank\">Voir l\u00b4image dans sa page<\/a>\n\t<\/dd>\n<\/dl>\n<p>En attendant, nous conseillons une visite de cette exposition qui  n\u2019a qu\u2019un seul\u2026<\/p>\n<p>Pour avoir acc\u00e8s \u00e0 ce contenu, vous devez vous abonner \u00e0 La Tribune de l\u2019Art. Les avantages et les conditions de cet abonnement, qui vous permettra par ailleurs de soutenir La Tribune de l\u2019Art, sont d\u00e9crits sur <a href=\"https:\/\/www.latribunedelart.com\/s-abonner\" rel=\"nofollow noopener\" target=\"_blank\">la page d\u2019abonnement<\/a>.<\/p>\n","protected":false},"excerpt":{"rendered":"\u00ab\u00a0Charles Mozin fut le peintre de Trouville, comme Le Poittevin fut celui d\u2019\u00c9tretat.\u00a0\u00bb Voil\u00e0 ce que nous \u00e9crivions&hellip;\n","protected":false},"author":2,"featured_media":257114,"comment_status":"","ping_status":"","sticky":false,"template":"","format":"standard","meta":{"footnotes":""},"categories":[1358],"tags":[1348,1384,1385,1386,58,59,1011,27],"class_list":{"0":"post-257113","1":"post","2":"type-post","3":"status-publish","4":"format-standard","5":"has-post-thumbnail","7":"category-arts-et-design","8":"tag-arts","9":"tag-arts-and-design","10":"tag-arts-et-design","11":"tag-design","12":"tag-divertissement","13":"tag-entertainment","14":"tag-fr","15":"tag-france"},"share_on_mastodon":{"url":"https:\/\/pubeurope.com\/@fr\/114875923477926599","error":""},"_links":{"self":[{"href":"https:\/\/www.europesays.com\/fr\/wp-json\/wp\/v2\/posts\/257113","targetHints":{"allow":["GET"]}}],"collection":[{"href":"https:\/\/www.europesays.com\/fr\/wp-json\/wp\/v2\/posts"}],"about":[{"href":"https:\/\/www.europesays.com\/fr\/wp-json\/wp\/v2\/types\/post"}],"author":[{"embeddable":true,"href":"https:\/\/www.europesays.com\/fr\/wp-json\/wp\/v2\/users\/2"}],"replies":[{"embeddable":true,"href":"https:\/\/www.europesays.com\/fr\/wp-json\/wp\/v2\/comments?post=257113"}],"version-history":[{"count":0,"href":"https:\/\/www.europesays.com\/fr\/wp-json\/wp\/v2\/posts\/257113\/revisions"}],"wp:featuredmedia":[{"embeddable":true,"href":"https:\/\/www.europesays.com\/fr\/wp-json\/wp\/v2\/media\/257114"}],"wp:attachment":[{"href":"https:\/\/www.europesays.com\/fr\/wp-json\/wp\/v2\/media?parent=257113"}],"wp:term":[{"taxonomy":"category","embeddable":true,"href":"https:\/\/www.europesays.com\/fr\/wp-json\/wp\/v2\/categories?post=257113"},{"taxonomy":"post_tag","embeddable":true,"href":"https:\/\/www.europesays.com\/fr\/wp-json\/wp\/v2\/tags?post=257113"}],"curies":[{"name":"wp","href":"https:\/\/api.w.org\/{rel}","templated":true}]}}