{"id":257123,"date":"2025-07-18T19:41:10","date_gmt":"2025-07-18T19:41:10","guid":{"rendered":"https:\/\/www.europesays.com\/fr\/257123\/"},"modified":"2025-07-18T19:41:10","modified_gmt":"2025-07-18T19:41:10","slug":"sante-la-reunion-passe-officiellement-en-phase-epidemique-de-grippe-linfo-re","status":"publish","type":"post","link":"https:\/\/www.europesays.com\/fr\/257123\/","title":{"rendered":"Sant\u00e9 : La R\u00e9union passe officiellement en phase \u00e9pid\u00e9mique de grippe ! &#8211; LINFO.re"},"content":{"rendered":"<p>Ce vendredi 18 juillet 2025, au vu des indicateurs sanitaires et virologiques en hausse depuis 3 semaines, La R\u00e9union entre en phase \u00e9pid\u00e9mique de grippe.<\/p>\n<p>Selon le dernier point\u00a0\u00e9pid\u00e9miologique, on apprend que La R\u00e9union passe officiellement en phase\u00a0\u00e9pid\u00e9mique de grippe.<\/p>\n<p>Les passages aux urgences pour un motif de syndrome grippal augmentent sur 5 semaines cons\u00e9cutives. Ainsi 226 passages ont \u00e9t\u00e9 d\u00e9compt\u00e9s en S28, soit 97 passages de plus qu\u2019en S27. 30 nouvelles hospitalisations ont \u00e9t\u00e9 enregistr\u00e9es, soit pr\u00e8s du double de la semaine 27. En S28, la part d\u2019activit\u00e9 aux urgences pour un motif de syndrome grippal continue d\u2019augmenter, \u00e9tant estim\u00e9e \u00e0 5,3%.\u00a0<\/p>\n<p>Avec 52% de taux de participation en m\u00e9decine de ville en S28 (donn\u00e9es \u00e0 consolider), les infections respiratoires aigu\u00ebs (IRA) se sont stabilis\u00e9es \u00e0 un haut niveau d\u2019activit\u00e9 pour la sixi\u00e8me semaine cons\u00e9cutive. En S28, la part d\u2019activit\u00e9 \u00e9tait de 4,8%. Celle-ci se situait au-dessus de la moyenne 2013-2024.<\/p>\n<p>Ces indicateurs montrent une augmentation g\u00e9n\u00e9rale de la circulation des virus respiratoires.\u00a0<\/p>\n<p>La surveillance virologique \u00e0 partir des donn\u00e9es du laboratoire de microbiologie du CHU (CNR Virus respiratoires Associ\u00e9, La R\u00e9union) identifiait une progression notable de la circulation virale des virus grippaux en S28\u00a0avec 51 cas positifs soit, un taux de positivit\u00e9 de 22% contre 13% en S27. Le type H3N2 restait le virus grippal dominant en semaine 28, repr\u00e9sentant 84% des patients test\u00e9s. A la marge, une circulation de la souche H1N1 et du virus B sont not\u00e9s.<\/p>\n","protected":false},"excerpt":{"rendered":"Ce vendredi 18 juillet 2025, au vu des indicateurs sanitaires et virologiques en hausse depuis 3 semaines, La&hellip;\n","protected":false},"author":2,"featured_media":257124,"comment_status":"","ping_status":"","sticky":false,"template":"","format":"standard","meta":{"footnotes":""},"categories":[10],"tags":[328,47,1011,27,29786,72,6335,1922,6336,7224,71],"class_list":{"0":"post-257123","1":"post","2":"type-post","3":"status-publish","4":"format-standard","5":"has-post-thumbnail","7":"category-sante","8":"tag-a-la-une","9":"tag-actualite","10":"tag-fr","11":"tag-france","12":"tag-grippe","13":"tag-health","14":"tag-home-page","15":"tag-info","16":"tag-la-reunion","17":"tag-newsletter-soir","18":"tag-sante"},"share_on_mastodon":{"url":"https:\/\/pubeurope.com\/@fr\/114875943060489641","error":""},"_links":{"self":[{"href":"https:\/\/www.europesays.com\/fr\/wp-json\/wp\/v2\/posts\/257123","targetHints":{"allow":["GET"]}}],"collection":[{"href":"https:\/\/www.europesays.com\/fr\/wp-json\/wp\/v2\/posts"}],"about":[{"href":"https:\/\/www.europesays.com\/fr\/wp-json\/wp\/v2\/types\/post"}],"author":[{"embeddable":true,"href":"https:\/\/www.europesays.com\/fr\/wp-json\/wp\/v2\/users\/2"}],"replies":[{"embeddable":true,"href":"https:\/\/www.europesays.com\/fr\/wp-json\/wp\/v2\/comments?post=257123"}],"version-history":[{"count":0,"href":"https:\/\/www.europesays.com\/fr\/wp-json\/wp\/v2\/posts\/257123\/revisions"}],"wp:featuredmedia":[{"embeddable":true,"href":"https:\/\/www.europesays.com\/fr\/wp-json\/wp\/v2\/media\/257124"}],"wp:attachment":[{"href":"https:\/\/www.europesays.com\/fr\/wp-json\/wp\/v2\/media?parent=257123"}],"wp:term":[{"taxonomy":"category","embeddable":true,"href":"https:\/\/www.europesays.com\/fr\/wp-json\/wp\/v2\/categories?post=257123"},{"taxonomy":"post_tag","embeddable":true,"href":"https:\/\/www.europesays.com\/fr\/wp-json\/wp\/v2\/tags?post=257123"}],"curies":[{"name":"wp","href":"https:\/\/api.w.org\/{rel}","templated":true}]}}