{"id":257127,"date":"2025-07-18T19:43:12","date_gmt":"2025-07-18T19:43:12","guid":{"rendered":"https:\/\/www.europesays.com\/fr\/257127\/"},"modified":"2025-07-18T19:43:12","modified_gmt":"2025-07-18T19:43:12","slug":"vaucluse-rachel-legrain-trapani-miss-france-2007-agressee-sexuellement-en-tractant-au-festival-davignon","status":"publish","type":"post","link":"https:\/\/www.europesays.com\/fr\/257127\/","title":{"rendered":"Vaucluse. Rachel Legrain-Trapani, Miss France 2007, agress\u00e9e sexuellement en tractant au Festival d\u2019Avignon"},"content":{"rendered":"<p>L\u2019ancienne Miss France Rachel Legrain-Trapani\u00a0a \u00e9t\u00e9 agress\u00e9e sexuellement par un homme en plein festival d\u2019Avignon. La femme de 36 ans \u00e9tait en train de tracter pour son spectacle, ce jeudi 17 juillet, quand un individu a commenc\u00e9 \u00e0 la toucher apr\u00e8s lui avoir demand\u00e9 une photo, rue de la R\u00e9publique. L\u2019agresseur a finalement \u00e9t\u00e9 arr\u00eat\u00e9 par la police suite \u00e0 un appel d\u2019une de ses amies.\u00a0<\/p>\n<p>  \u00ab\u00a0Il a commenc\u00e9 \u00e0 me toucher\u00a0\u00bb<\/p>\n<p>L\u2019ex-Miss France 2007 a racont\u00e9 sa m\u00e9saventure sur Instagram.\u00a0\u00ab\u00a0La journ\u00e9e ne s\u2019est pas termin\u00e9e de la meilleure des fa\u00e7ons\u00a0\u00bb, a-t-elle \u00e9crit en story en ajoutant, \u00ab\u00a0Je vais bien, ne vous inqui\u00e9tez pas\u00a0\u00bb. Puis elle s&rsquo;est exprim\u00e9e en vid\u00e9o dans une story sur le m\u00eame r\u00e9seau social. \u00ab\u00a0Un mec r\u00f4dait, mais je ne l&rsquo;ai pas vu\u00a0\u00bb et alors qu&rsquo;elle accepte de poser pour une photo avec lui \u00ab Il a commenc\u00e9 \u00e0 me toucher. J\u2019\u00e9tais sur le cul, je ne m\u2019attendais pas \u00e0 \u00e7a [&#8230;]\u00a0Je me sens bizarre. Je suis triste, je suis loin de mes enfants. C\u2019est beaucoup de stress ici. Je suis sonn\u00e9e. Faites attention \u00e0 vous\u00a0\u00bb, lance-t-elle toujours sous le choc.\u00a0<\/p>\n<p>Rachel Legrain-Trapani joue son spectacle \u00ab\u00a0Pas si Miss que \u00e7a\u00a0\u00bb jusqu\u2019au 26 juillet tous les jours (sauf le 22), \u00e0 13h \u00e0 la Com\u00e9die d\u2019Avignon.<\/p>\n","protected":false},"excerpt":{"rendered":"L\u2019ancienne Miss France Rachel Legrain-Trapani\u00a0a \u00e9t\u00e9 agress\u00e9e sexuellement par un homme en plein festival d\u2019Avignon. La femme de&hellip;\n","protected":false},"author":2,"featured_media":257128,"comment_status":"","ping_status":"","sticky":false,"template":"","format":"standard","meta":{"footnotes":""},"categories":[8],"tags":[6184,1687,58,3859,59,274,16572,107,1011,27,4520],"class_list":{"0":"post-257127","1":"post","2":"type-post","3":"status-publish","4":"format-standard","5":"has-post-thumbnail","7":"category-divertissement","8":"tag-avignon","9":"tag-culture-loisirs","10":"tag-divertissement","11":"tag-edition-provencale","12":"tag-entertainment","13":"tag-faits-divers-justice","14":"tag-festival-davignon","15":"tag-fil-info","16":"tag-fr","17":"tag-france","18":"tag-vaucluse"},"share_on_mastodon":{"url":"https:\/\/pubeurope.com\/@fr\/114875951845249278","error":""},"_links":{"self":[{"href":"https:\/\/www.europesays.com\/fr\/wp-json\/wp\/v2\/posts\/257127","targetHints":{"allow":["GET"]}}],"collection":[{"href":"https:\/\/www.europesays.com\/fr\/wp-json\/wp\/v2\/posts"}],"about":[{"href":"https:\/\/www.europesays.com\/fr\/wp-json\/wp\/v2\/types\/post"}],"author":[{"embeddable":true,"href":"https:\/\/www.europesays.com\/fr\/wp-json\/wp\/v2\/users\/2"}],"replies":[{"embeddable":true,"href":"https:\/\/www.europesays.com\/fr\/wp-json\/wp\/v2\/comments?post=257127"}],"version-history":[{"count":0,"href":"https:\/\/www.europesays.com\/fr\/wp-json\/wp\/v2\/posts\/257127\/revisions"}],"wp:featuredmedia":[{"embeddable":true,"href":"https:\/\/www.europesays.com\/fr\/wp-json\/wp\/v2\/media\/257128"}],"wp:attachment":[{"href":"https:\/\/www.europesays.com\/fr\/wp-json\/wp\/v2\/media?parent=257127"}],"wp:term":[{"taxonomy":"category","embeddable":true,"href":"https:\/\/www.europesays.com\/fr\/wp-json\/wp\/v2\/categories?post=257127"},{"taxonomy":"post_tag","embeddable":true,"href":"https:\/\/www.europesays.com\/fr\/wp-json\/wp\/v2\/tags?post=257127"}],"curies":[{"name":"wp","href":"https:\/\/api.w.org\/{rel}","templated":true}]}}