{"id":257135,"date":"2025-07-18T19:47:10","date_gmt":"2025-07-18T19:47:10","guid":{"rendered":"https:\/\/www.europesays.com\/fr\/257135\/"},"modified":"2025-07-18T19:47:10","modified_gmt":"2025-07-18T19:47:10","slug":"le-logo-de-tri-francais-attaque-par-la-commission-europeenne","status":"publish","type":"post","link":"https:\/\/www.europesays.com\/fr\/257135\/","title":{"rendered":"Le logo de tri fran\u00e7ais attaqu\u00e9 par la Commission europ\u00e9enne"},"content":{"rendered":"<p>Bruxelles estime que la multiplication des normes nationales nuit \u00e0 la bonne circulation des marchandises au sein du march\u00e9 int\u00e9rieur et \u00e0 la constitution d\u2019un secteur des d\u00e9chets europ\u00e9ens.<\/p>\n<p class=\"fig-paragraph\">C\u2019est une annonce \u00e0 premi\u00e8re vue surprenante. La Commission europ\u00e9enne vient d\u2019assigner la France devant la Cour de justice de l\u2019Union europ\u00e9enne pour contester son\u00a0<a href=\"https:\/\/www.lefigaro.fr\/actualite-france\/2014\/12\/26\/01016-20141226ARTFIG00230-triman-un-logo-conteste-mais-adopte.php\" data-fig-type=\"Article\" data-gtm-custom-categorie=\"navigation\" data-gtm-custom-action=\"crossclick\" data-gtm-custom-label=\"Contextuel\" data-gtm-event=\"customEventSPE\" data-fig-domain=\"LEFIGARO\" target=\"_blank\" rel=\"noopener\">\u00e9tiquetage obligatoire \u00ab\u00a0Triman\u00a0\u00bb\u00a0!\u00a0<\/a>N\u00e9 du Grenelle de l\u2019Environnement de 2012 et finalement instaur\u00e9 en janvier 2015, ce logo \u00e0 trois fl\u00e8ches est plac\u00e9 sur les produits ou emballages que les consommateurs sont pri\u00e9s de ne pas jeter comme une ordure m\u00e9nag\u00e8re quelconque mais de confier \u00e0 une poubelle jaune ou un centre de recyclage.<\/p>\n<p class=\"fig-paragraph\">Le Fran\u00e7ais\u00a0<a href=\"http:\/\/www.lefigaro.fr\/conjoncture\/stephane-sejourne-le-choc-de-simplification-de-bruxelles-pour-debureaucratiser-20250128\" target=\"_blank\" data-fig-type=\"Article\" rel=\"noopener\" data-gtm-custom-categorie=\"navigation\" data-gtm-custom-action=\"crossclick\" data-gtm-custom-label=\"Contextuel\" data-gtm-event=\"customEventSPE\" data-fig-domain=\"LEFIGARO\">St\u00e9phane S\u00e9journ\u00e9<\/a>, commissaire europ\u00e9en charg\u00e9 de la Prosp\u00e9rit\u00e9 et de la Strat\u00e9gie industrielle, a lanc\u00e9 la fronde contre le logo Triman il y a quelques semaines, indiquant voir en ce petit signal une \u00ab\u00a0barri\u00e8re au march\u00e9 int\u00e9rieur\u00a0\u00bb, car \u00ab\u00a0l\u2019\u00e9tiquetage enferme le produit dans le march\u00e9 fran\u00e7ais\u00a0\u00bb. L\u2019argument a \u00e9t\u00e9 repris par la Commission, dans son communiqu\u00e9 de jeudi. Elle indique avoir saisi la Cour de justice car elle estime \u00ab\u00a0disproportionn\u00e9es\u00a0\u00bb les \u00ab\u00a0exigences fran\u00e7aises\u00a0\u00bb de cette signal\u00e9tique, \u00ab\u00a0un obstacle \u00e0 la libre circulation des marchandises\u00a0\u00bb. D\u2019autres possibilit\u00e9s, \u00ab\u00a0moins restrictives pour les \u00e9changes (commerciaux) entre les \u00c9tats membres, existent pour informer les consommateurs\u00a0\u00bb, affirme la Commission.<\/p>\n<p>                                    <a class=\"fig-a11y-skip a11y-hidden\" href=\"#fig-a11y-skip-main-inarticle\"><br \/>\n        Passer la publicit\u00e9<br \/>\n    <\/a><\/p>\n<p class=\"fig-paragraph\">L\u2019Union europ\u00e9enne pr\u00e9voit une signal\u00e9tique harmonis\u00e9e d\u2019ici \u00e0 ao\u00fbt 2026 et qui devra \u00eatre affich\u00e9e sur tous les emballages \u00e0 partir du 12\u00a0ao\u00fbt 2028. Cette harmonisation facilitera les \u00e9changes commerciaux entre les \u00c9tats membres, tout comme l\u2019\u00e9mergence d\u2019un secteur europ\u00e9en du recyclage.<\/p>\n","protected":false},"excerpt":{"rendered":"Bruxelles estime que la multiplication des normes nationales nuit \u00e0 la bonne circulation des marchandises au sein du&hellip;\n","protected":false},"author":2,"featured_media":257136,"comment_status":"","ping_status":"","sticky":false,"template":"","format":"standard","meta":{"footnotes":""},"categories":[4],"tags":[11,2196,1011,27,12,3887,25],"class_list":{"0":"post-257135","1":"post","2":"type-post","3":"status-publish","4":"format-standard","5":"has-post-thumbnail","7":"category-france","8":"tag-actualites","9":"tag-commission-europeenne","10":"tag-fr","11":"tag-france","12":"tag-news","13":"tag-recyclage","14":"tag-republique-francaise"},"share_on_mastodon":{"url":"","error":""},"_links":{"self":[{"href":"https:\/\/www.europesays.com\/fr\/wp-json\/wp\/v2\/posts\/257135","targetHints":{"allow":["GET"]}}],"collection":[{"href":"https:\/\/www.europesays.com\/fr\/wp-json\/wp\/v2\/posts"}],"about":[{"href":"https:\/\/www.europesays.com\/fr\/wp-json\/wp\/v2\/types\/post"}],"author":[{"embeddable":true,"href":"https:\/\/www.europesays.com\/fr\/wp-json\/wp\/v2\/users\/2"}],"replies":[{"embeddable":true,"href":"https:\/\/www.europesays.com\/fr\/wp-json\/wp\/v2\/comments?post=257135"}],"version-history":[{"count":0,"href":"https:\/\/www.europesays.com\/fr\/wp-json\/wp\/v2\/posts\/257135\/revisions"}],"wp:featuredmedia":[{"embeddable":true,"href":"https:\/\/www.europesays.com\/fr\/wp-json\/wp\/v2\/media\/257136"}],"wp:attachment":[{"href":"https:\/\/www.europesays.com\/fr\/wp-json\/wp\/v2\/media?parent=257135"}],"wp:term":[{"taxonomy":"category","embeddable":true,"href":"https:\/\/www.europesays.com\/fr\/wp-json\/wp\/v2\/categories?post=257135"},{"taxonomy":"post_tag","embeddable":true,"href":"https:\/\/www.europesays.com\/fr\/wp-json\/wp\/v2\/tags?post=257135"}],"curies":[{"name":"wp","href":"https:\/\/api.w.org\/{rel}","templated":true}]}}