{"id":257139,"date":"2025-07-18T19:49:11","date_gmt":"2025-07-18T19:49:11","guid":{"rendered":"https:\/\/www.europesays.com\/fr\/257139\/"},"modified":"2025-07-18T19:49:11","modified_gmt":"2025-07-18T19:49:11","slug":"saint-genest-lerpt-la-mairie-portera-systematiquement-plainte-en-cas-dattaques-delus-sur-les-reseaux-sociaux","status":"publish","type":"post","link":"https:\/\/www.europesays.com\/fr\/257139\/","title":{"rendered":"Saint-Genest-Lerpt. La mairie portera syst\u00e9matiquement plainte en cas d&rsquo;attaques d&rsquo;\u00e9lus sur les r\u00e9seaux sociaux"},"content":{"rendered":"<p>Lors du dernier conseil municipal, les \u00e9lections de 2026 ont aussi \u00e9t\u00e9 abord\u00e9es. \u00ab Une liste d\u2019union est en pr\u00e9paration\u00a0\u00bb, a d\u00e9clar\u00e9, le maire, Christian Julien.<\/p>\n<p>Par ailleurs, la municipalit\u00e9, au regard des agressions d\u2019\u00e9lus municipaux, y compris verbalement sur les \u00ab r\u00e9seaux sociaux\u00a0\u00bb ou autres, a d\u00e9cid\u00e9 de porter syst\u00e9matiquement plainte. Les \u00e9lus de la commune ne sont pas \u00e9pargn\u00e9s, notamment par de fausses accusations.<\/p>\n<p>  Une nouvelle ligne de bus\u00a0?<\/p>\n<p>Il a aussi \u00e9t\u00e9 demand\u00e9 aux \u00e9lus d\u2019approuver <a href=\"https:\/\/www.leprogres.fr\/politique\/2025\/05\/22\/le-tram-prolonge-jusqu-a-steel-cette-idee-du-plan-de-mobilite-fait-debat\" target=\"_blank\" rel=\"nofollow noopener\">le plan de mobilit\u00e9 m\u00e9tropolitaine<\/a>. C\u2019est \u00ab\u00a0un plan tr\u00e8s ambitieux qui revoit de fond en comble les d\u00e9placements, en voiture, en transports en commun, v\u00e9lo, sur l\u2019ensemble de la m\u00e9tropole\u00a0\u00bb.<\/p>\n<p>Ce plan s\u2019\u00e9tendra sur les ann\u00e9es 2030, 2040 et 2050 pour un montant estim\u00e9 \u00e0 environ 700\u00a0millions d\u2019euros. Les infrastructures les plus importantes seront reprises (A47, tramway, etc).<\/p>\n<p>\u00ab\u00a0Le tramway de Saint-Etienne a tendance \u00e0 s\u2019enfoncer sous le poids des nouvelles rames doubles. Pour remettre les rails \u00e0 niveau, ce chantier n\u00e9cessite une quarantaine de millions d\u2019euros\u00a0\u00bb, a-t-il \u00e9t\u00e9 soulign\u00e9.<\/p>\n<p>Concernant la commune, une ligne de bus reliant Saint-Genest-Lerpt, Villars, l\u2019h\u00f4pital nord, La Talaudi\u00e8re et Saint-Chamond devrait voir le jour. La rocade aussi devrait \u00eatre reprise et pass\u00e9e \u00e0 2&#215;2 voies sur toute sa longueur, afin d\u2019am\u00e9liorer la fluidit\u00e9 des transports. Pour la commune, ces r\u00e9flexions ont \u00e9t\u00e9 men\u00e9es par le comit\u00e9 des usagers.<\/p>\n<p>Les \u00e9lus ont ensuite fix\u00e9 et vot\u00e9 le r\u00e9gime indemnitaire des deux personnes qui viennent de rejoindre la mairie. J\u00e9r\u00f4me Massacrier remplace Camille Borde \u00e0 la t\u00eate des services comme chef de projets.<\/p>\n<p>Il n\u2019est pas titulaire mais contractuel, et S\u00e9verine Andromaque, en provenance de Villars, remplace Philippe Scessiec \u00e0 la t\u00eate des services techniques, en tant que titulaire.<\/p>\n","protected":false},"excerpt":{"rendered":"Lors du dernier conseil municipal, les \u00e9lections de 2026 ont aussi \u00e9t\u00e9 abord\u00e9es. \u00ab Une liste d\u2019union est&hellip;\n","protected":false},"author":2,"featured_media":257140,"comment_status":"","ping_status":"","sticky":false,"template":"","format":"standard","meta":{"footnotes":""},"categories":[9653],"tags":[1111,11,2430,1984,7539,1777,674,1011,27,12,316,25,12491,4001,17929],"class_list":{"0":"post-257139","1":"post","2":"type-post","3":"status-publish","4":"format-standard","5":"has-post-thumbnail","7":"category-saint-etienne","8":"tag-actu","9":"tag-actualites","10":"tag-auvergne-rhone-alpes","11":"tag-conseil-municipal","12":"tag-edition-loire-sud","13":"tag-eu","14":"tag-europe","15":"tag-fr","16":"tag-france","17":"tag-news","18":"tag-politique","19":"tag-republique-francaise","20":"tag-roche-la-moliere-bassin","21":"tag-saint-etienne","22":"tag-saint-genest-lerpt"},"share_on_mastodon":{"url":"https:\/\/pubeurope.com\/@fr\/114875974537785662","error":""},"_links":{"self":[{"href":"https:\/\/www.europesays.com\/fr\/wp-json\/wp\/v2\/posts\/257139","targetHints":{"allow":["GET"]}}],"collection":[{"href":"https:\/\/www.europesays.com\/fr\/wp-json\/wp\/v2\/posts"}],"about":[{"href":"https:\/\/www.europesays.com\/fr\/wp-json\/wp\/v2\/types\/post"}],"author":[{"embeddable":true,"href":"https:\/\/www.europesays.com\/fr\/wp-json\/wp\/v2\/users\/2"}],"replies":[{"embeddable":true,"href":"https:\/\/www.europesays.com\/fr\/wp-json\/wp\/v2\/comments?post=257139"}],"version-history":[{"count":0,"href":"https:\/\/www.europesays.com\/fr\/wp-json\/wp\/v2\/posts\/257139\/revisions"}],"wp:featuredmedia":[{"embeddable":true,"href":"https:\/\/www.europesays.com\/fr\/wp-json\/wp\/v2\/media\/257140"}],"wp:attachment":[{"href":"https:\/\/www.europesays.com\/fr\/wp-json\/wp\/v2\/media?parent=257139"}],"wp:term":[{"taxonomy":"category","embeddable":true,"href":"https:\/\/www.europesays.com\/fr\/wp-json\/wp\/v2\/categories?post=257139"},{"taxonomy":"post_tag","embeddable":true,"href":"https:\/\/www.europesays.com\/fr\/wp-json\/wp\/v2\/tags?post=257139"}],"curies":[{"name":"wp","href":"https:\/\/api.w.org\/{rel}","templated":true}]}}