{"id":257145,"date":"2025-07-18T19:52:16","date_gmt":"2025-07-18T19:52:16","guid":{"rendered":"https:\/\/www.europesays.com\/fr\/257145\/"},"modified":"2025-07-18T19:52:16","modified_gmt":"2025-07-18T19:52:16","slug":"meurthe-et-moselle-un-adolescent-de-16-ans-vole-une-trottinette-electrique-dans-une-entreprise-a-rosieres-aux-salines","status":"publish","type":"post","link":"https:\/\/www.europesays.com\/fr\/257145\/","title":{"rendered":"Meurthe-et-Moselle. Un adolescent de 16 ans vole une trottinette \u00e9lectrique dans une entreprise \u00e0 Rosi\u00e8res-aux-Salines"},"content":{"rendered":"<p>Ce mercredi matin, un adolescent de 16 ans a d\u00e9rob\u00e9 une trottinette \u00e9lectrique stationn\u00e9e sous le porche \u00e0 v\u00e9los d\u2019une entreprise \u00e0 Rosi\u00e8res-aux-Salines.<\/p>\n<p>Inform\u00e9 par un \u00ab\u00a0indic\u00a0\u00bb qu\u2019une trottinette tra\u00eenait l\u00e0-bas, il a fonc\u00e9 t\u00eate baiss\u00e9e. Le patron de l\u2019entreprise a inform\u00e9 son salari\u00e9 que sa trottinette avait \u00e9t\u00e9 vol\u00e9e et lui a indiqu\u00e9 que le jeune homme se dirigeait vers Dombasle-sur-Meurthe.<\/p>\n<p>Ce contenu est bloqu\u00e9 car vous n&rsquo;avez pas accept\u00e9 les cookies et autres traceurs.<\/p>\n<p>En cliquant sur \u00ab J\u2019accepte \u00bb, les cookies et autres traceurs seront d\u00e9pos\u00e9s et vous pourrez visualiser les contenus  (<a href=\"\" class=\"consentModule_policy\" target=\"_blank\" title=\"Consulter la politique de protection des donn\u00e9es du fournisseur\">plus d&rsquo;informations<\/a>).<\/p>\n<p>En cliquant sur \u00ab J\u2019accepte tous les cookies \u00bb, vous autorisez des d\u00e9p\u00f4ts de cookies et autres traceurs pour le stockage de vos donn\u00e9es sur nos sites et applications \u00e0 des fins de personnalisation et de ciblage publicitaire.<\/p>\n<p class=\"consentModule_secondaryText\">Vous gardez la possibilit\u00e9 de retirer votre consentement \u00e0 tout moment en consultant notre <a href=\"https:\/\/www.estrepublicain.fr\/protection-des-donnees\" target=\"_blank\" title=\"Consulter notre politique de protection des donn\u00e9es\" rel=\"noopener\">politique de protection des donn\u00e9es<\/a>. <br \/>&#13;<br \/>\n            <a href=\"https:\/\/www.estrepublicain.fr\/faits-divers-justice\/2025\/07\/18\/javascript:Didomi.notice.show()\" class=\"consentModule_cmp\" target=\"_blank\" rel=\"noopener\">G\u00e9rer mes choix<\/a>&#13;\n        <\/p>\n<p>&#13;<br \/>\n                        J&rsquo;accepte&#13;<br \/>\n            J&rsquo;accepte tous les cookies&#13;\n        <\/p>\n<p>Le salari\u00e9 a alors alert\u00e9 la police, qui a mis en place un barrage au croisement de Dombasle et Rosi\u00e8res. Lorsque les agents ont demand\u00e9 au jeune de s\u2019arr\u00eater, il a refus\u00e9, mais a \u00e9t\u00e9 intercept\u00e9 peu apr\u00e8s par une autre patrouille.<\/p>\n<p>En garde \u00e0 vue, il a \u00e9t\u00e9 trouv\u00e9 en possession de r\u00e9sine de cannabis et a avou\u00e9 \u00eatre un consommateur r\u00e9gulier, se fournissant \u00e0 Nancy. La trottinette a \u00e9t\u00e9 restitu\u00e9e \u00e0 son propri\u00e9taire, qui a d\u00e9pos\u00e9 plainte.<\/p>\n<p>Le jeune homme sera convoqu\u00e9 devant le juge des enfants en d\u00e9cembre prochain.<\/p>\n","protected":false},"excerpt":{"rendered":"Ce mercredi matin, un adolescent de 16 ans a d\u00e9rob\u00e9 une trottinette \u00e9lectrique stationn\u00e9e sous le porche \u00e0&hellip;\n","protected":false},"author":2,"featured_media":257146,"comment_status":"","ping_status":"","sticky":false,"template":"","format":"standard","meta":{"footnotes":""},"categories":[9635],"tags":[1111,11,9652,18871,1704,1777,674,274,1011,27,775,1702,12,25],"class_list":{"0":"post-257145","1":"post","2":"type-post","3":"status-publish","4":"format-standard","5":"has-post-thumbnail","7":"category-nancy","8":"tag-actu","9":"tag-actualites","10":"tag-cc-des-pays-du-sel-et-du-vermois-54b","11":"tag-dombasle-sur-meurthe","12":"tag-edition-nancy-et-agglomeration","13":"tag-eu","14":"tag-europe","15":"tag-faits-divers-justice","16":"tag-fr","17":"tag-france","18":"tag-grand-est","19":"tag-nancy","20":"tag-news","21":"tag-republique-francaise"},"share_on_mastodon":{"url":"https:\/\/pubeurope.com\/@fr\/114875986315645319","error":""},"_links":{"self":[{"href":"https:\/\/www.europesays.com\/fr\/wp-json\/wp\/v2\/posts\/257145","targetHints":{"allow":["GET"]}}],"collection":[{"href":"https:\/\/www.europesays.com\/fr\/wp-json\/wp\/v2\/posts"}],"about":[{"href":"https:\/\/www.europesays.com\/fr\/wp-json\/wp\/v2\/types\/post"}],"author":[{"embeddable":true,"href":"https:\/\/www.europesays.com\/fr\/wp-json\/wp\/v2\/users\/2"}],"replies":[{"embeddable":true,"href":"https:\/\/www.europesays.com\/fr\/wp-json\/wp\/v2\/comments?post=257145"}],"version-history":[{"count":0,"href":"https:\/\/www.europesays.com\/fr\/wp-json\/wp\/v2\/posts\/257145\/revisions"}],"wp:featuredmedia":[{"embeddable":true,"href":"https:\/\/www.europesays.com\/fr\/wp-json\/wp\/v2\/media\/257146"}],"wp:attachment":[{"href":"https:\/\/www.europesays.com\/fr\/wp-json\/wp\/v2\/media?parent=257145"}],"wp:term":[{"taxonomy":"category","embeddable":true,"href":"https:\/\/www.europesays.com\/fr\/wp-json\/wp\/v2\/categories?post=257145"},{"taxonomy":"post_tag","embeddable":true,"href":"https:\/\/www.europesays.com\/fr\/wp-json\/wp\/v2\/tags?post=257145"}],"curies":[{"name":"wp","href":"https:\/\/api.w.org\/{rel}","templated":true}]}}