{"id":257147,"date":"2025-07-18T19:53:11","date_gmt":"2025-07-18T19:53:11","guid":{"rendered":"https:\/\/www.europesays.com\/fr\/257147\/"},"modified":"2025-07-18T19:53:11","modified_gmt":"2025-07-18T19:53:11","slug":"larrete-du-maire-interdisant-les-epiceries-de-nuit-a-six-fours-a-ete-suspendu-par-la-justice","status":"publish","type":"post","link":"https:\/\/www.europesays.com\/fr\/257147\/","title":{"rendered":"L\u2019arr\u00eat\u00e9 du maire interdisant les \u00e9piceries de nuit \u00e0 Six-Fours a \u00e9t\u00e9 suspendu par la justice"},"content":{"rendered":"<p>Le 30 avril dernier, <a href=\"https:\/\/www.varmatin.com\/politique\/le-maire-interdit-les-epiceries-de-nuit-986709#:~:text=Un%20arr%C3%AAt%C3%A9%20municipal%20met%20fin,Certains%20crient%20%C3%A0%20l&#039;injustice.&amp;text=Depuis%20le%20d%C3%A9but%20du%20mois,%2C%20jusqu&#039;au%2015%20septembre.\" target=\"_blank\" rel=\"noopener\">le maire de Six-Fours a pris un arr\u00eat\u00e9 interdisant l\u2019ouverture des \u00e9piceries de nuit entre 22h et 6h, ainsi que des snacks (\u00e0 23h)<\/a>. La raison: \u00ab\u00a0diverses infractions r\u00e9guli\u00e8rement relev\u00e9es\u00a0\u00bb et notamment \u00ab\u00a0la vente d\u2019alcool apr\u00e8s 20h30\u00a0\u00bb, et des \u00ab\u00a0nuisances pour le voisinage\u00a0\u00bb.<\/p>\n<p>Un seul des commerces concern\u00e9s, l\u2019\u00c9picerie du littoral, situ\u00e9e avenue du Mar\u00e9chal-Juin, a d\u00e9cid\u00e9 d\u2019attaquer l\u2019arr\u00eat\u00e9 et saisi le juge des r\u00e9f\u00e9r\u00e9s. Celui-ci a rendu son jugement ce jeudi. Il conclut notamment que \u00ab\u00a0l\u2019arr\u00eat\u00e9 litigieux a n\u00e9cessairement pour effet de mettre en cause la p\u00e9rennit\u00e9 financi\u00e8re de cette entreprise, ainsi qu\u2019en atteste par ailleurs l\u2019attestation \u00e9tablie par un expert-comptable et dont il ressort que le chiffre d\u2019affaires de la soci\u00e9t\u00e9 requ\u00e9rante a subi une baisse de 58,21% en mai 2025 par rapport au mois de mai 2024\u00a0\u00bb.<\/p>\n<p>Et que \u00ab\u00a0cette interdiction pr\u00e9sente un caract\u00e8re g\u00e9n\u00e9ral et absolu de nature \u00e0 porter une atteinte disproportionn\u00e9e \u00e0 la libert\u00e9 du commerce et de l\u2019industrie\u00a0\u00bb.<\/p>\n<p>N\u2019y avait-il pas des mesures moins contraignantes?<\/p>\n<p>Le juge note \u00e9galement \u00ab\u00a0qu\u2019il incombe au maire (\u2026) de prendre les mesures appropri\u00e9es pour emp\u00eacher sur le territoire de sa commune les bruits excessifs de nature \u00e0 troubler le repos et la tranquillit\u00e9 des habitants\u00a0\u00bb; mais, surtout, \u00ab\u00a0que si le maire peut, sous le contr\u00f4le du juge de l\u2019exc\u00e8s de pouvoir, imposer des horaires de fermeture \u00e0 des \u00e9tablissements dont l\u2019activit\u00e9 est \u00e0 l\u2019origine de troubles, c\u2019est \u00e0 la condition, d\u2019une part, que la r\u00e9alit\u00e9 de troubles auxquels il entend mettre fin soit \u00e9tablie et, d\u2019autre part, qu\u2019il soit justifi\u00e9 de ce que la pr\u00e9vention et la r\u00e9pression des nuisances constat\u00e9es n\u2019auraient pu \u00eatre assur\u00e9es par le recours \u00e0 d\u2019autres mesures de police d\u2019effet \u00e9quivalent mais moins contraignantes\u00a0\u00bb. Une fa\u00e7on d\u2019expliciter, en somme, le caract\u00e8re trop radical de cette d\u00e9cision municipale&#8230;<\/p>\n<p>Tous les commerces dits de nuit vont donc pouvoir appliquer des horaires \u00e0 leur convenance, gr\u00e2ce \u00e0 l\u2019action intent\u00e9e par l\u2019\u00c9picerie du Littoral. Cette derni\u00e8re, en particulier, est donc de nouveau ouverte tous les jours de 17 heures \u00e0 5 heures du matin et jusqu\u2019\u00e0 6 heures le week-end.<\/p>\n<p>Le fond sera jug\u00e9 plus tard<\/p>\n<p>Le jugement a inspir\u00e9 un commentaire \u00e0 l\u2019avocat de la soci\u00e9t\u00e9 requ\u00e9rante, Me Lefebvre-Goirand: \u00ab\u00a0Si l\u2019intention de la commune de pr\u00e9server la tranquillit\u00e9 et l\u2019ordre public est parfaitement louable, cet arr\u00eat\u00e9 \u00e9tait marqu\u00e9 par une injustesse dans son esprit et par une injustice dans ses effets.\u00a0\u00bb<\/p>\n<p>\u00c9galement invit\u00e9 \u00e0 r\u00e9agir, Jean-S\u00e9bastien Vialatte prend acte du jugement, mais rappelle qu\u2019\u00a0\u00bbil ne s\u2019agit l\u00e0 que d\u2019une suspension, l\u2019affaire n\u2019ayant pas encore \u00e9t\u00e9 jug\u00e9e sur le fond\u00a0\u00bb (le juge des r\u00e9f\u00e9r\u00e9s ne statue que sur l\u2019urgence d\u2019une situation, Ndlr). En sachant que le d\u00e9lai de traitement des dossiers au tribunal administratif est d\u2019environ un an, les commerces de nuit peuvent respirer. Mais resteront sans doute sous surveillance.<\/p>\n","protected":false},"excerpt":{"rendered":"Le 30 avril dernier, le maire de Six-Fours a pris un arr\u00eat\u00e9 interdisant l\u2019ouverture des \u00e9piceries de nuit&hellip;\n","protected":false},"author":2,"featured_media":257148,"comment_status":"","ping_status":"","sticky":false,"template":"","format":"standard","meta":{"footnotes":""},"categories":[9619],"tags":[1111,11,1777,674,1011,27,12,882,25,2310,3366],"class_list":{"0":"post-257147","1":"post","2":"type-post","3":"status-publish","4":"format-standard","5":"has-post-thumbnail","7":"category-toulon","8":"tag-actu","9":"tag-actualites","10":"tag-eu","11":"tag-europe","12":"tag-fr","13":"tag-france","14":"tag-news","15":"tag-provence-alpes-cote-dazur","16":"tag-republique-francaise","17":"tag-toulon","18":"tag-vie-locale"},"share_on_mastodon":{"url":"https:\/\/pubeurope.com\/@fr\/114875990243863878","error":""},"_links":{"self":[{"href":"https:\/\/www.europesays.com\/fr\/wp-json\/wp\/v2\/posts\/257147","targetHints":{"allow":["GET"]}}],"collection":[{"href":"https:\/\/www.europesays.com\/fr\/wp-json\/wp\/v2\/posts"}],"about":[{"href":"https:\/\/www.europesays.com\/fr\/wp-json\/wp\/v2\/types\/post"}],"author":[{"embeddable":true,"href":"https:\/\/www.europesays.com\/fr\/wp-json\/wp\/v2\/users\/2"}],"replies":[{"embeddable":true,"href":"https:\/\/www.europesays.com\/fr\/wp-json\/wp\/v2\/comments?post=257147"}],"version-history":[{"count":0,"href":"https:\/\/www.europesays.com\/fr\/wp-json\/wp\/v2\/posts\/257147\/revisions"}],"wp:featuredmedia":[{"embeddable":true,"href":"https:\/\/www.europesays.com\/fr\/wp-json\/wp\/v2\/media\/257148"}],"wp:attachment":[{"href":"https:\/\/www.europesays.com\/fr\/wp-json\/wp\/v2\/media?parent=257147"}],"wp:term":[{"taxonomy":"category","embeddable":true,"href":"https:\/\/www.europesays.com\/fr\/wp-json\/wp\/v2\/categories?post=257147"},{"taxonomy":"post_tag","embeddable":true,"href":"https:\/\/www.europesays.com\/fr\/wp-json\/wp\/v2\/tags?post=257147"}],"curies":[{"name":"wp","href":"https:\/\/api.w.org\/{rel}","templated":true}]}}