{"id":257149,"date":"2025-07-18T19:54:15","date_gmt":"2025-07-18T19:54:15","guid":{"rendered":"https:\/\/www.europesays.com\/fr\/257149\/"},"modified":"2025-07-18T19:54:15","modified_gmt":"2025-07-18T19:54:15","slug":"un-feu-se-declenche-dans-cette-commune-du-var-des-habitants-reloges","status":"publish","type":"post","link":"https:\/\/www.europesays.com\/fr\/257149\/","title":{"rendered":"Un feu se d\u00e9clenche dans cette commune du Var : des habitants relog\u00e9s"},"content":{"rendered":"<p>            Par<br \/>\n        <strong><br \/>\n            <a href=\"https:\/\/actu.fr\/auteur\/redaction-apei\" title=\"Consulter tous les articles de Agence de Presse APEI\" rel=\"nofollow noopener\" target=\"_blank\">Agence de Presse APEI<\/a><br \/>\n        <\/strong><\/p>\n<p>        Publi\u00e9 le<\/p>\n<p>            18 juil. 2025 \u00e0 17h16        <\/p>\n<p>Vers 23\u2009h\u200941 <strong>dans la nuit du mercredi\u00a016 au jeudi 17\u00a0juillet<\/strong>, un v\u00e9hicule s\u2019est embras\u00e9 au niveau du boulevard des Armaris, \u00e0<a href=\"https:\/\/actu.fr\/provence-alpes-cote-d-azur\/var_83\" rel=\"nofollow noopener\" target=\"_blank\"> Toulon (Var)<\/a>, relatent <a href=\"https:\/\/www.bfmtv.com\/var\/faits-divers\/toulon-un-feu-de-vehicule-se-propage-a-un-immeuble-d-habitation-dix-victimes-prises-en-charge_AN-202507170155.html\" rel=\"nofollow noopener\" target=\"_blank\">nos confr\u00e8res de BFM TV<\/a>. Le feu s\u2019est ensuite <strong>propag\u00e9 \u00e0 une canalisation de gaz<\/strong> d\u2019un b\u00e2timent d\u2019habitation de cinq \u00e9tages situ\u00e9 pr\u00e8s du v\u00e9hicule.<\/p>\n<p>Des habitants \u00e9vacu\u00e9s<\/p>\n<p class=\" wall-content\">Au total,<strong> 50 sapeurs-pompiers<\/strong> et une quinzaine de v\u00e9hicules ont \u00e9t\u00e9 d\u00e9ploy\u00e9s sur les lieux de l\u2019incendie.<\/p>\n<p class=\" wall-content\">Une femme d\u2019une soixantaine d\u2019ann\u00e9es a \u00e9t\u00e9<strong> l\u00e9g\u00e8rement bless\u00e9e<\/strong> et \u00e9vacu\u00e9e par les sapeurs-pompiers vers le centre hospitalier de Sainte Musse.<\/p>\n<p class=\" wall-content\">La fuite de gaz a pu \u00eatre stopp\u00e9e par les secours<strong>. Trois habitants ont \u00e9t\u00e9 relog\u00e9s<\/strong> pour la nuit par la mairie alors que les feux ont \u00e9t\u00e9 d\u00e9clar\u00e9s \u00e9teints vers 2\u00a0heures du matin.<\/p>\n<p class=\" wall-content\">Suivez toute l\u2019actualit\u00e9 de vos villes et m\u00e9dias favoris en vous inscrivant \u00e0 <a href=\"https:\/\/moncompte.actu.fr\" title=\"D\u00e9couvez Mon Actu\" rel=\"nofollow noopener\" data-trk=\"{&quot;cta&quot;:{&quot;action&quot;:&quot;https:\\\/\\\/moncompte.actu.fr&quot;,&quot;category&quot;:&quot;mon compte&quot;,&quot;from&quot;:&quot;article footer&quot;,&quot;name&quot;:&quot;Mon actu&quot;,&quot;type&quot;:&quot;cta&quot;}}\" target=\"_blank\">Mon Actu<\/a>.<\/p>\n","protected":false},"excerpt":{"rendered":"Par Agence de Presse APEI Publi\u00e9 le 18 juil. 2025 \u00e0 17h16 Vers 23\u2009h\u200941 dans la nuit du&hellip;\n","protected":false},"author":2,"featured_media":257150,"comment_status":"","ping_status":"","sticky":false,"template":"","format":"standard","meta":{"footnotes":""},"categories":[9619],"tags":[1111,11,1777,674,118,1011,27,1310,12,882,25,2310],"class_list":{"0":"post-257149","1":"post","2":"type-post","3":"status-publish","4":"format-standard","5":"has-post-thumbnail","7":"category-toulon","8":"tag-actu","9":"tag-actualites","10":"tag-eu","11":"tag-europe","12":"tag-faits-divers","13":"tag-fr","14":"tag-france","15":"tag-incendie","16":"tag-news","17":"tag-provence-alpes-cote-dazur","18":"tag-republique-francaise","19":"tag-toulon"},"share_on_mastodon":{"url":"https:\/\/pubeurope.com\/@fr\/114875994222716633","error":""},"_links":{"self":[{"href":"https:\/\/www.europesays.com\/fr\/wp-json\/wp\/v2\/posts\/257149","targetHints":{"allow":["GET"]}}],"collection":[{"href":"https:\/\/www.europesays.com\/fr\/wp-json\/wp\/v2\/posts"}],"about":[{"href":"https:\/\/www.europesays.com\/fr\/wp-json\/wp\/v2\/types\/post"}],"author":[{"embeddable":true,"href":"https:\/\/www.europesays.com\/fr\/wp-json\/wp\/v2\/users\/2"}],"replies":[{"embeddable":true,"href":"https:\/\/www.europesays.com\/fr\/wp-json\/wp\/v2\/comments?post=257149"}],"version-history":[{"count":0,"href":"https:\/\/www.europesays.com\/fr\/wp-json\/wp\/v2\/posts\/257149\/revisions"}],"wp:featuredmedia":[{"embeddable":true,"href":"https:\/\/www.europesays.com\/fr\/wp-json\/wp\/v2\/media\/257150"}],"wp:attachment":[{"href":"https:\/\/www.europesays.com\/fr\/wp-json\/wp\/v2\/media?parent=257149"}],"wp:term":[{"taxonomy":"category","embeddable":true,"href":"https:\/\/www.europesays.com\/fr\/wp-json\/wp\/v2\/categories?post=257149"},{"taxonomy":"post_tag","embeddable":true,"href":"https:\/\/www.europesays.com\/fr\/wp-json\/wp\/v2\/tags?post=257149"}],"curies":[{"name":"wp","href":"https:\/\/api.w.org\/{rel}","templated":true}]}}