{"id":25715,"date":"2025-04-15T02:36:08","date_gmt":"2025-04-15T02:36:08","guid":{"rendered":"https:\/\/www.europesays.com\/fr\/25715\/"},"modified":"2025-04-15T02:36:08","modified_gmt":"2025-04-15T02:36:08","slug":"trump-fait-une-nouvelle-fois-porter-le-chapeau-du-debut-du-conflit-a-zelensky","status":"publish","type":"post","link":"https:\/\/www.europesays.com\/fr\/25715\/","title":{"rendered":"Trump fait une nouvelle fois porter le chapeau du d\u00e9but du conflit \u00e0 Zelensky"},"content":{"rendered":"<p>Tout en affichant sa volont\u00e9 de mettre fin au conflit en <a href=\"https:\/\/www.20minutes.fr\/monde\/ukraine\/\" target=\"_blank\" class=\"color-ultramarine c-link\" rel=\"nofollow noopener\">Ukraine<\/a>, Donald Trump a recommenc\u00e9 \u00e0 critiquer <a href=\"https:\/\/www.20minutes.fr\/monde\/volodymyr-zelensky\/\" target=\"_blank\" class=\"color-ultramarine c-link\" rel=\"nofollow noopener\">Volodymyr Zelensky<\/a>. Et une nouvelle fois, le locataire de la Maison-Blanche \u2013 qui se tourne vers la <a href=\"https:\/\/www.20minutes.fr\/monde\/russie\/\" target=\"_blank\" class=\"color-ultramarine c-link\" rel=\"nofollow noopener\">Russie<\/a> au d\u00e9triment de Kiev et des Europ\u00e9ens depuis son retour au pouvoir \u2013 a sembl\u00e9 utiliser une partie de la rh\u00e9torique du Kremlin.<\/p>\n<p>\u00ab\u00a0Il cherche toujours \u00e0 se procurer des missiles. Ecoutez, lorsque vous commencez une guerre, vous devez savoir que vous pouvez l\u2019emporter. Vous ne commencez pas une guerre contre quelqu\u2019un 20 fois plus grand que vous et puis esp\u00e9rez que les gens vous livrent des missiles\u00a0\u00bb, a ainsi lanc\u00e9 <a href=\"https:\/\/www.20minutes.fr\/dossier\/donald_trump\" target=\"_blank\" class=\"color-ultramarine c-link\" rel=\"nofollow noopener\">Donald Trump<\/a> dans le Bureau ovale en recevant le pr\u00e9sident du Salvador, Nayib Bukele. Il r\u00e9pondait \u00e0 une question d\u2019un journaliste sur la volont\u00e9 du pr\u00e9sident ukrainien d\u2019avoir plus de missiles.<\/p>\n<p>Des tacles aussi pour Poutine et Biden<\/p>\n<p>Ce n\u2019est pas la premi\u00e8re fois que Donald Trump fait porter sur Volodymyr Zelensky la responsabilit\u00e9 de la guerre, malgr\u00e9 le fait que la Russie a envahi l\u2019Ukraine en f\u00e9vrier\u00a02022. Il s\u2019est toutefois ensuite repris en citant les responsabilit\u00e9s du pr\u00e9sident russe, <a href=\"https:\/\/www.20minutes.fr\/monde\/vladimir_poutine\/\" target=\"_blank\" class=\"color-ultramarine c-link\" rel=\"nofollow noopener\">Vladimir Poutine<\/a>, et de l\u2019ancien pr\u00e9sident d\u00e9mocrate, Joe Biden.<\/p>\n<\/p>\n<p>\u00ab\u00a0Vous avez des millions de gens qui sont morts \u00e0 cause de trois personnes. Disons Poutine en premier. Mais aussi Biden, qui n\u2019avait aucune id\u00e9e de ce qu\u2019il faisait, en second, et Zelensky\u00a0\u00bb, a-t-il dit, r\u00e9p\u00e9tant l\u2019id\u00e9e que cette guerre n\u2019aurait jamais d\u00fb se produire. \u00ab\u00a0Tout ce que je peux faire c\u2019est d\u2019essayer d\u2019y mettre fin. Je veux mettre fin \u00e0 la tuerie et, je pense, qu\u2019on progresse bien \u00e0 cet \u00e9gard\u00a0\u00bb, a encore assur\u00e9 le pr\u00e9sident am\u00e9ricain, en soulignant qu\u2019il s\u2019attendait \u00e0 \u00ab\u00a0de bonnes propositions tr\u00e8s prochainement\u00a0\u00bb.<\/p>\n<p><a href=\"https:\/\/www.20minutes.fr\/monde\/ukraine\/\" target=\"_blank\" class=\"c-link c-btn c-btn--primary\" rel=\"nofollow noopener\">Notre dossier sur la Guerre en Ukraine<\/a><\/p>\n<p>Donald Trump a qualifi\u00e9 dimanche \u00ab\u00a0d\u2019horrible\u00a0\u00bb le bombardement qui, selon les autorit\u00e9s locales, a tu\u00e9 au moins 35 personnes et fait 117 bless\u00e9s \u00e0 Soumy, dans le nord-est de l\u2019Ukraine, mais sans incriminer directement la Russie. Et la col\u00e8re du pr\u00e9sident am\u00e9ricain vis-\u00e0-vis de son homologue ukrainien avait \u00e9clat\u00e9 au grand jour lors d\u2019une rencontre houleuse entre les deux dirigeants \u00e0 la Maison-Blanche en f\u00e9vrier.<\/p>\n","protected":false},"excerpt":{"rendered":"Tout en affichant sa volont\u00e9 de mettre fin au conflit en Ukraine, Donald Trump a recommenc\u00e9 \u00e0 critiquer&hellip;\n","protected":false},"author":2,"featured_media":25716,"comment_status":"","ping_status":"","sticky":false,"template":"","format":"standard","meta":{"footnotes":""},"categories":[1590],"tags":[47,11,75,73,1777,674,131,74,12,132,220,133,135,134],"class_list":{"0":"post-25715","1":"post","2":"type-post","3":"status-publish","4":"format-standard","5":"has-post-thumbnail","7":"category-ukraine","8":"tag-actualite","9":"tag-actualites","10":"tag-donald-trump","11":"tag-etats-unis","12":"tag-eu","13":"tag-europe","14":"tag-guerre-en-ukraine","15":"tag-monde","16":"tag-news","17":"tag-russie","18":"tag-ukraine","19":"tag-video","20":"tag-vladimir-poutine","21":"tag-volodymyr-zelensky"},"share_on_mastodon":{"url":"https:\/\/pubeurope.com\/@fr\/114339655446339676","error":""},"_links":{"self":[{"href":"https:\/\/www.europesays.com\/fr\/wp-json\/wp\/v2\/posts\/25715","targetHints":{"allow":["GET"]}}],"collection":[{"href":"https:\/\/www.europesays.com\/fr\/wp-json\/wp\/v2\/posts"}],"about":[{"href":"https:\/\/www.europesays.com\/fr\/wp-json\/wp\/v2\/types\/post"}],"author":[{"embeddable":true,"href":"https:\/\/www.europesays.com\/fr\/wp-json\/wp\/v2\/users\/2"}],"replies":[{"embeddable":true,"href":"https:\/\/www.europesays.com\/fr\/wp-json\/wp\/v2\/comments?post=25715"}],"version-history":[{"count":0,"href":"https:\/\/www.europesays.com\/fr\/wp-json\/wp\/v2\/posts\/25715\/revisions"}],"wp:featuredmedia":[{"embeddable":true,"href":"https:\/\/www.europesays.com\/fr\/wp-json\/wp\/v2\/media\/25716"}],"wp:attachment":[{"href":"https:\/\/www.europesays.com\/fr\/wp-json\/wp\/v2\/media?parent=25715"}],"wp:term":[{"taxonomy":"category","embeddable":true,"href":"https:\/\/www.europesays.com\/fr\/wp-json\/wp\/v2\/categories?post=25715"},{"taxonomy":"post_tag","embeddable":true,"href":"https:\/\/www.europesays.com\/fr\/wp-json\/wp\/v2\/tags?post=25715"}],"curies":[{"name":"wp","href":"https:\/\/api.w.org\/{rel}","templated":true}]}}