{"id":257161,"date":"2025-07-18T20:02:21","date_gmt":"2025-07-18T20:02:21","guid":{"rendered":"https:\/\/www.europesays.com\/fr\/257161\/"},"modified":"2025-07-18T20:02:21","modified_gmt":"2025-07-18T20:02:21","slug":"10-entreprises-placees-en-liquidation-judiciaire-par-le-tribunal-de-commerce-de-rennes-voici-lesquelles","status":"publish","type":"post","link":"https:\/\/www.europesays.com\/fr\/257161\/","title":{"rendered":"10 entreprises plac\u00e9es en liquidation judiciaire par le tribunal de commerce de Rennes\u00a0: voici lesquelles"},"content":{"rendered":"<p>Au cours de son audience, mercredi 9 juillet, le tribunal de commerce de Rennes a prononc\u00e9 une ouverture de proc\u00e9dure de liquidation judiciaire pour dix entreprises du d\u00e9partement.<\/p>\n<p>La <strong>SARL Graphie couleurs<\/strong> \u00e0 Saint-Erblon, sp\u00e9cialis\u00e9e dans le d\u00e9veloppement de la communication et du design, conception, reproduction sur tous supports et par tous moyens, studio, graphique. La <strong>SASU No\u00eblle Tissus<\/strong>, sp\u00e9cialis\u00e9e dans le commerce de tissus \u00e0 Redon. La <strong>SARLU Naty Invest<\/strong> dans la gestion de fonds \u00e0 Javen\u00e9. La <strong>SARL France<\/strong><br \/><strong>jeux loisirs<\/strong> \u00e0 Vitr\u00e9, sp\u00e9cialis\u00e9e dans la vente et location de jeux et jouets. La <strong>SARLU La g\u00e9n\u00e9rale de tractions<\/strong>, transport routier \u00e0 Bain-de-Bretagne, la <strong>SARL Tyna<\/strong>, commerce d\u2019habillement \u00e0 Saint-Gr\u00e9goire.<strong> M Caron Yvon<\/strong>, ing\u00e9nierie et \u00e9tudes techniques \u00e0 Bain-de-Bretagne. La <strong>SARL La Cuisine du March\u00e9<\/strong>, restauration traditionnelle \u00e0 Rennes. La <strong>SAS E.F.C. R\u00e9seaux<\/strong>, installation d\u2019\u00e9quipements \u00e9lectriques, de mat\u00e9riels \u00e9lectroniques et optiques ou d\u2019autres mat\u00e9riels \u00e0 Bruz.<a href=\"https:\/\/www.letelegramme.fr\/ille-et-vilaine\/rennes-35000\/une-histoire-de-vie-a-rennes-lincontournable-restaurant-leon-le-cochon-a-ferme-ses-portes-6854059.php\" target=\"_blank\" rel=\"nofollow noopener\"> La<strong> SARL L\u00e9on le Cochon<\/strong>, restauration traditionnelle \u00e0 Rennes.<\/a><\/p>\n","protected":false},"excerpt":{"rendered":"Au cours de son audience, mercredi 9 juillet, le tribunal de commerce de Rennes a prononc\u00e9 une ouverture&hellip;\n","protected":false},"author":2,"featured_media":257162,"comment_status":"","ping_status":"","sticky":false,"template":"","format":"standard","meta":{"footnotes":""},"categories":[2821],"tags":[1111,11,829,1777,674,1011,27,848,12,584,25],"class_list":{"0":"post-257161","1":"post","2":"type-post","3":"status-publish","4":"format-standard","5":"has-post-thumbnail","7":"category-rennes","8":"tag-actu","9":"tag-actualites","10":"tag-bretagne","11":"tag-eu","12":"tag-europe","13":"tag-fr","14":"tag-france","15":"tag-ille-et-vilaine","16":"tag-news","17":"tag-rennes","18":"tag-republique-francaise"},"share_on_mastodon":{"url":"https:\/\/pubeurope.com\/@fr\/114876025654454814","error":""},"_links":{"self":[{"href":"https:\/\/www.europesays.com\/fr\/wp-json\/wp\/v2\/posts\/257161","targetHints":{"allow":["GET"]}}],"collection":[{"href":"https:\/\/www.europesays.com\/fr\/wp-json\/wp\/v2\/posts"}],"about":[{"href":"https:\/\/www.europesays.com\/fr\/wp-json\/wp\/v2\/types\/post"}],"author":[{"embeddable":true,"href":"https:\/\/www.europesays.com\/fr\/wp-json\/wp\/v2\/users\/2"}],"replies":[{"embeddable":true,"href":"https:\/\/www.europesays.com\/fr\/wp-json\/wp\/v2\/comments?post=257161"}],"version-history":[{"count":0,"href":"https:\/\/www.europesays.com\/fr\/wp-json\/wp\/v2\/posts\/257161\/revisions"}],"wp:featuredmedia":[{"embeddable":true,"href":"https:\/\/www.europesays.com\/fr\/wp-json\/wp\/v2\/media\/257162"}],"wp:attachment":[{"href":"https:\/\/www.europesays.com\/fr\/wp-json\/wp\/v2\/media?parent=257161"}],"wp:term":[{"taxonomy":"category","embeddable":true,"href":"https:\/\/www.europesays.com\/fr\/wp-json\/wp\/v2\/categories?post=257161"},{"taxonomy":"post_tag","embeddable":true,"href":"https:\/\/www.europesays.com\/fr\/wp-json\/wp\/v2\/tags?post=257161"}],"curies":[{"name":"wp","href":"https:\/\/api.w.org\/{rel}","templated":true}]}}