{"id":257165,"date":"2025-07-18T20:04:13","date_gmt":"2025-07-18T20:04:13","guid":{"rendered":"https:\/\/www.europesays.com\/fr\/257165\/"},"modified":"2025-07-18T20:04:13","modified_gmt":"2025-07-18T20:04:13","slug":"strasbourg-commemoration-bach-a-saint-thomas-le-lundi-28-juillet","status":"publish","type":"post","link":"https:\/\/www.europesays.com\/fr\/257165\/","title":{"rendered":"Strasbourg. Comm\u00e9moration Bach \u00e0 Saint-Thomas le lundi 28\u00a0juillet"},"content":{"rendered":"<p>En 1909, Albert Schweitzer, pasteur \u00e0 Strasbourg, initie les concerts comm\u00e9moratifs de la mort du cantor de Leipzig le 28\u00a0juillet\u00a01750 aux orgues Silbermann de l\u2019\u00e9glise Saint-Thomas de Strasbourg. Largement connu au-del\u00e0 des fronti\u00e8res, l\u2019orgue de \u00ab\u00a0la cath\u00e9drale protestante\u00a0\u00bb attire jusqu\u2019\u00e0 ce jour des foules de visiteurs et d\u2019organistes heureux de d\u00e9couvrir ce chef-d\u2019\u0153uvre sur lequel le chapitre Saint-Thomas veille avec soin.<\/p>\n<p>Depuis, la tradition des concerts d\u2019orgue comm\u00e9moratifs du 28\u00a0juillet&#8230;<\/p>\n","protected":false},"excerpt":{"rendered":"En 1909, Albert Schweitzer, pasteur \u00e0 Strasbourg, initie les concerts comm\u00e9moratifs de la mort du cantor de Leipzig&hellip;\n","protected":false},"author":2,"featured_media":257166,"comment_status":"","ping_status":"","sticky":false,"template":"","format":"standard","meta":{"footnotes":""},"categories":[2820],"tags":[1111,11,1687,2880,1777,674,1011,27,775,12,25,640,2879],"class_list":{"0":"post-257165","1":"post","2":"type-post","3":"status-publish","4":"format-standard","5":"has-post-thumbnail","7":"category-strasbourg","8":"tag-actu","9":"tag-actualites","10":"tag-culture-loisirs","11":"tag-edition-strasbourg","12":"tag-eu","13":"tag-europe","14":"tag-fr","15":"tag-france","16":"tag-grand-est","17":"tag-news","18":"tag-republique-francaise","19":"tag-strasbourg","20":"tag-strasbourg-ville"},"share_on_mastodon":{"url":"https:\/\/pubeurope.com\/@fr\/114876033468876073","error":""},"_links":{"self":[{"href":"https:\/\/www.europesays.com\/fr\/wp-json\/wp\/v2\/posts\/257165","targetHints":{"allow":["GET"]}}],"collection":[{"href":"https:\/\/www.europesays.com\/fr\/wp-json\/wp\/v2\/posts"}],"about":[{"href":"https:\/\/www.europesays.com\/fr\/wp-json\/wp\/v2\/types\/post"}],"author":[{"embeddable":true,"href":"https:\/\/www.europesays.com\/fr\/wp-json\/wp\/v2\/users\/2"}],"replies":[{"embeddable":true,"href":"https:\/\/www.europesays.com\/fr\/wp-json\/wp\/v2\/comments?post=257165"}],"version-history":[{"count":0,"href":"https:\/\/www.europesays.com\/fr\/wp-json\/wp\/v2\/posts\/257165\/revisions"}],"wp:featuredmedia":[{"embeddable":true,"href":"https:\/\/www.europesays.com\/fr\/wp-json\/wp\/v2\/media\/257166"}],"wp:attachment":[{"href":"https:\/\/www.europesays.com\/fr\/wp-json\/wp\/v2\/media?parent=257165"}],"wp:term":[{"taxonomy":"category","embeddable":true,"href":"https:\/\/www.europesays.com\/fr\/wp-json\/wp\/v2\/categories?post=257165"},{"taxonomy":"post_tag","embeddable":true,"href":"https:\/\/www.europesays.com\/fr\/wp-json\/wp\/v2\/tags?post=257165"}],"curies":[{"name":"wp","href":"https:\/\/api.w.org\/{rel}","templated":true}]}}