{"id":257171,"date":"2025-07-18T20:07:13","date_gmt":"2025-07-18T20:07:13","guid":{"rendered":"https:\/\/www.europesays.com\/fr\/257171\/"},"modified":"2025-07-18T20:07:13","modified_gmt":"2025-07-18T20:07:13","slug":"mandelieu-la-napoule-le-ta-de-nice-dit-non-a-linterdiction-des-tenues","status":"publish","type":"post","link":"https:\/\/www.europesays.com\/fr\/257171\/","title":{"rendered":"Mandelieu-La Napoule : le TA de Nice dit non \u00e0 l\u2019interdiction des tenues (\u2026)"},"content":{"rendered":"<p>                    <img loading=\"lazy\" decoding=\"async\" src=\"https:\/\/www.europesays.com\/fr\/wp-content\/uploads\/2025\/07\/19d5c6d45334c5374b80899d62a2e4.png\" class=\"img-responsive post-image\" width=\"680\" height=\"510\" alt=\"Mandelieu-La Napoule (\u2026)\" title=\"Mandelieu-La Napoule : le TA de Nice dit non \u00e0 l'interdiction des tenues religieuses sur la plage\"\/><\/p>\n<p class=\"chapo\">Le tribunal administratif de Nice a suspendu ce jeudi 18 juillet l\u2019arr\u00eat\u00e9 controvers\u00e9 pris par le maire de Mandelieu-la-Napoule, qui interdisait l\u2019acc\u00e8s aux plages aux personnes portant une tenue de bain manifestant de mani\u00e8re ostensible une appartenance religieuse, comme le burkini.<\/p>\n<p>Saisi en urgence par la Ligue des Droits de l\u2019Homme (LDH), le juge des r\u00e9f\u00e9r\u00e9s a estim\u00e9 que cette interdiction constituait une atteinte grave et ill\u00e9gale \u00e0 plusieurs libert\u00e9s fondamentales\u00a0: la libert\u00e9 d\u2019aller et venir, la libert\u00e9 de conscience et la libert\u00e9 personnelle.<\/p>\n<p>Contexte<\/p>\n<p>L\u2019arr\u00eat\u00e9 municipal, en vigueur depuis le 15 juillet et pr\u00e9vu jusqu\u2019au 31 ao\u00fbt, visait \u00e0 interdire le port de tenues religieuses sur l\u2019ensemble des plages publiques de la commune, en invoquant des risques de troubles \u00e0 l\u2019ordre public durant la p\u00e9riode estivale. La municipalit\u00e9 \u00e9voquait notamment des tensions interreligieuses et des incidents survenus l\u2019\u00e9t\u00e9 pr\u00e9c\u00e9dent.<\/p>\n<p>Une interdiction jug\u00e9e injustifi\u00e9e<\/p>\n<p>Mais selon le juge administratif, ces \u00e9l\u00e9ments ne permettent pas de justifier un risque actuel et av\u00e9r\u00e9 pour l\u2019ordre public, comme l\u2019exige pourtant la jurisprudence constante en la mati\u00e8re. Aucune preuve tangible de trouble n\u2019a \u00e9t\u00e9 apport\u00e9e. <strong>Par cons\u00e9quent, l\u2019interdiction a \u00e9t\u00e9 jug\u00e9e disproportionn\u00e9e et contraire au droit.<\/strong><\/p>\n<p>Les r\u00e8gles dans l\u2019espace public rappel\u00e9es<\/p>\n<p>Dans sa d\u00e9cision, le tribunal a rappel\u00e9 que si les services publics doivent respecter des principes de neutralit\u00e9, l\u2019espace public reste r\u00e9gi par la libert\u00e9 individuelle. <strong>Un maire ne peut y restreindre des libert\u00e9s que dans des cas pr\u00e9cis et justifi\u00e9s par des imp\u00e9ratifs concrets et prouv\u00e9s d\u2019ordre public. Ce n\u2019\u00e9tait pas le cas ici.<\/strong><\/p>\n<p>Une nouvelle d\u00e9cision dans la lign\u00e9e du droit<\/p>\n<p>Cette ordonnance n\u00b0\u00a02503985 s\u2019inscrit dans une s\u00e9rie de d\u00e9cisions similaires rendues depuis plusieurs ann\u00e9es en France, o\u00f9 les tribunaux administratifs ont r\u00e9guli\u00e8rement suspendu des arr\u00eat\u00e9s municipaux interdisant le burkini, notamment depuis l\u2019\u00e9t\u00e9 2016.<\/p>\n<p><strong>En attendant un \u00e9ventuel recours du maire, les personnes portant un burkini ou toute autre tenue \u00e0 connotation religieuse pourront donc se rendre librement sur les plages de Mandelieu-la-Napoule cet \u00e9t\u00e9.<\/strong><\/p>\n<p>R\u00e9action du maire de Mandelieu, S\u00e9bastien Leroy<\/p>\n<p>Dans un communiqu\u00e9 d epresse publi\u00e9 ce 18 juillet en milieu d\u2019apr\u00e8s-midi le maire de Mandelieu r\u00e9agit \u00e0 la d\u00e9cision du TA en rappelant que depuis 2012, Mandelieu renouvelle chaque ann\u00e9e cet arr\u00eat\u00e9, pour des \u00ab\u00a0raisons de s\u00e9curit\u00e9, d\u2019hygi\u00e8ne et de pr\u00e9vention des troubles \u00e0 l\u2019ordre public\u00a0\u00bb. Le maire critique cette annulation, l\u2019inscrivant dans une tendance jurisprudentielle plus large, et d\u00e9plore un manque d\u2019action l\u00e9gislative sur ce sujet.<br class=\"autobr\"\/><br \/>\nIl avance deux enseignements\u00a0:<br \/>\n<br \/><b>\u2013<\/b>\u00a0La n\u00e9cessit\u00e9, selon lui, d\u2019interdire le burkini par la loi en raison de sa dimension religieuse.<br \/>\n<br \/><b>\u2013<\/b>\u00a0L\u2019interrogation sur le financement public d\u2019associations comme la LDH, jug\u00e9es ici oppos\u00e9es aux pr\u00e9occupations s\u00e9curitaires locales.<br class=\"autobr\"\/><br \/>\nLe communiqu\u00e9 conclut en appelant \u00e0 une prise de position politique plus ferme sur ce type de sujets.<\/p>\n<p><strong>Pour aller plus loin\u00a0: <\/strong> cliquer sur l\u2019image pur lire l\u2019Ordonnance du tribunal administratif de Nice, n\u00b0\u00a02503985, 18 juillet.<\/p>\n<p><a href=\"https:\/\/www.petitesaffiches.fr\/IMG\/docx\/cp_ordonnance_no2503985.docx\" class=\" spip_doc_lien\" title=\"Word - 33.5 kio\" type=\"application\/vnd.openxmlformats-officedocument.wordprocessingml.document\" rel=\"nofollow noopener\" target=\"_blank\"><img loading=\"lazy\" decoding=\"async\" src=\"https:\/\/www.europesays.com\/fr\/wp-content\/uploads\/2025\/07\/capture_d_e_cran_2025-07-18_a_15.26_01.png\" width=\"1024\" height=\"448\" alt=\"\"\/><\/a><\/p>\n","protected":false},"excerpt":{"rendered":"Le tribunal administratif de Nice a suspendu ce jeudi 18 juillet l\u2019arr\u00eat\u00e9 controvers\u00e9 pris par le maire de&hellip;\n","protected":false},"author":2,"featured_media":257172,"comment_status":"","ping_status":"","sticky":false,"template":"","format":"standard","meta":{"footnotes":""},"categories":[2819],"tags":[1111,11,2408,1777,674,1011,27,12,2401,882,25],"class_list":{"0":"post-257171","1":"post","2":"type-post","3":"status-publish","4":"format-standard","5":"has-post-thumbnail","7":"category-nice","8":"tag-actu","9":"tag-actualites","10":"tag-appels-d","11":"tag-eu","12":"tag-europe","13":"tag-fr","14":"tag-france","15":"tag-news","16":"tag-nice","17":"tag-provence-alpes-cote-dazur","18":"tag-republique-francaise"},"share_on_mastodon":{"url":"https:\/\/pubeurope.com\/@fr\/114876045496738331","error":""},"_links":{"self":[{"href":"https:\/\/www.europesays.com\/fr\/wp-json\/wp\/v2\/posts\/257171","targetHints":{"allow":["GET"]}}],"collection":[{"href":"https:\/\/www.europesays.com\/fr\/wp-json\/wp\/v2\/posts"}],"about":[{"href":"https:\/\/www.europesays.com\/fr\/wp-json\/wp\/v2\/types\/post"}],"author":[{"embeddable":true,"href":"https:\/\/www.europesays.com\/fr\/wp-json\/wp\/v2\/users\/2"}],"replies":[{"embeddable":true,"href":"https:\/\/www.europesays.com\/fr\/wp-json\/wp\/v2\/comments?post=257171"}],"version-history":[{"count":0,"href":"https:\/\/www.europesays.com\/fr\/wp-json\/wp\/v2\/posts\/257171\/revisions"}],"wp:featuredmedia":[{"embeddable":true,"href":"https:\/\/www.europesays.com\/fr\/wp-json\/wp\/v2\/media\/257172"}],"wp:attachment":[{"href":"https:\/\/www.europesays.com\/fr\/wp-json\/wp\/v2\/media?parent=257171"}],"wp:term":[{"taxonomy":"category","embeddable":true,"href":"https:\/\/www.europesays.com\/fr\/wp-json\/wp\/v2\/categories?post=257171"},{"taxonomy":"post_tag","embeddable":true,"href":"https:\/\/www.europesays.com\/fr\/wp-json\/wp\/v2\/tags?post=257171"}],"curies":[{"name":"wp","href":"https:\/\/api.w.org\/{rel}","templated":true}]}}