{"id":257173,"date":"2025-07-18T20:08:26","date_gmt":"2025-07-18T20:08:26","guid":{"rendered":"https:\/\/www.europesays.com\/fr\/257173\/"},"modified":"2025-07-18T20:08:26","modified_gmt":"2025-07-18T20:08:26","slug":"jam-breton-jeux-de-societe-expo-que-faire-a-nantes-ce-week-end-voici-nos-idees-de-sorties","status":"publish","type":"post","link":"https:\/\/www.europesays.com\/fr\/257173\/","title":{"rendered":"Jam breton, jeux de soci\u00e9t\u00e9, expo&#8230; Que faire \u00e0 Nantes ce week-end ? Voici nos id\u00e9es de sorties"},"content":{"rendered":"<p>            Par<br \/>\n        <strong><br \/>\n            <a href=\"https:\/\/actu.fr\/auteur\/clemence-pays02-actu-fr\" title=\"Consulter tous les articles de Cl\u00e9mence Pays\" rel=\"nofollow noopener\" target=\"_blank\">Cl\u00e9mence Pays<\/a><br \/>\n        <\/strong><\/p>\n<p>        Publi\u00e9 le<\/p>\n<p>            18 juil. 2025 \u00e0 18h12        <\/p>\n<p>En vacances \u00e0 Nantes, ou toujours au travail\u2009? La fin de semaine approche et avec un repos bien m\u00e9rit\u00e9. Comme chaque semaine, la r\u00e9daction d\u2019<a href=\"https:\/\/actu.fr\/nantes\/\" rel=\"nofollow noopener\" target=\"_blank\">actu Nantes<\/a> vous propose une <strong>s\u00e9lection d\u2019id\u00e9es sorties \u00e0 faire seul ou \u00e0 plusieurs,<\/strong> en int\u00e9rieur ou en ext\u00e9rieur pour profiter du week-end, <strong>du vendredi\u00a018 au dimanche 20\u00a0juillet 2025.<\/strong> D\u00e9couvrez le programme\u2009!<\/p>\n<p>Participer \u00e0 un bal breton<\/p>\n<p class=\" wall-content\">Le bar Le Lutin de travers organise un <strong>bal breton,<\/strong> samedi soir, \u00e0 partir de 18h30. Pour les musiciens bretons traditionnels ou folk, ce sera \u00e9galement l\u2019occasion de participer \u00e0 <strong>un jam<\/strong> en ext\u00e9rieur.<\/p>\n<p class=\" wall-content\">\u00ab\u2009Si t\u2019es de passage, ne soit pas un oiseau et arr\u00eate-toi pour <strong>passer un chouette moment<\/strong> avec nous\u2009!\u2009\u00bb<\/p>\n<p>Samedi 19\u00a0juillet, de 18h30 \u00e0 21h30, Le Lutin de travers, 3 rue Beausoleil \u00e0 Nantes. Entr\u00e9e gratuite.<\/p>\n<p>Embarquer pour une apr\u00e8s-midi en bateau<\/p>\n<p class=\" wall-content\">Le Papillon bleu, bateau navigant sur la Loire, organise une soir\u00e9e Blue waves All star. \u00ab\u2009L\u2019\u00e9quipe oscillante va se relayer aux platines pour proposer <strong>une croisi\u00e8re musicale<\/strong> des plus rythm\u00e9e\u2009\u00bb, avec Oscillante Crew, pr\u00e9viennent les organisateurs.<\/p>\n<p class=\" wall-content\"><a href=\"https:\/\/www.instagram.com\/p\/DLktaTKMNPL\/embed\" title=\"Ouvrir le lien sur Instagram\" rel=\"nofollow noopener\" target=\"_blank\">Visualiser le contenu sur Instagram<\/a><\/p>\n<p class=\" wall-content\">Le bateau sera accessible <strong>d\u00e8s 15h30<\/strong> pour un d\u00e9part pr\u00e9vu \u00e0 16h. Le Papillon bleu reviendra \u00e0 quai \u00e0 19h.<\/p>\n<p>Dimanche 20\u00a0juillet, de 15h30 \u00e0 19h, au Papillon bleu, ponton des chantiers, quai Fernand-Crouan, Nantes. <a href=\"https:\/\/shotgun.live\/fr\/events\/blue-waves-all-stars?fbclid=IwY2xjawLkeSBleHRuA2FlbQIxMABicmlkETFFMk9TMHdCSjE3aGp2UldyAR6lWHHfiK2DOijZG_GRz9Urp8AFJVkSZg75xec8NcyMGXsb4RpzGElaF-BEew_aem_h4D8aSrmrjeCeMb0su17sQ\" rel=\"nofollow noopener\" target=\"_blank\">Billetterie en ligne<\/a>. Tarif\u2009: 9,99\u00a0euros.Visiter le Mus\u00e9um et jouer en famille<\/p>\n<p class=\" wall-content\">Chaque vendredi de l\u2019\u00e9t\u00e9, le Mus\u00e9um d\u2019histoire naturelle de Nantes propose \u00ab\u2009un moment convivial en famille ou entre amis\u2009\u00bb autour d\u2019une <strong>s\u00e9lection de jeux de soci\u00e9t\u00e9<\/strong> en lien avec les collections du mus\u00e9e.<\/p>\n<p class=\" wall-content\">Un bon moyen de terminer la visite du Mus\u00e9um de fa\u00e7on ludique.<\/p>\n<p>Les vendredis, du 18\u00a0juillet au 29\u00a0ao\u00fbt (sauf vendredi 15\u00a0ao\u00fbt), de 14h \u00e0 16h30, au Mus\u00e9um d\u2019histoire naturelle, 12 rue Voltaire, Nantes. Sans r\u00e9servation. Gratuit hors billet d\u2019entr\u00e9e au Mus\u00e9um. D\u00e8s 5\u00a0ans.<\/p>\n<p>D\u00e9couvrir les \u0153uvres d\u2019Hokusai<\/p>\n<p class=\" wall-content\">Depuis fin juin,<a href=\"https:\/\/actu.fr\/pays-de-la-loire\/nantes_44109\/a-nantes-le-peintre-japonais-hokusai-mis-a-l-honneur-au-chateau-dans-une-expo-hors-du-commun_62836497.html\" rel=\"nofollow noopener\" target=\"_blank\"> le ch\u00e2teau de Nantes consacre une exposition \u00e0 l\u2019\u0153uvre de l\u2019artiste japonais Katsushika Hokusai<\/a>, en partenariat avec le mus\u00e9e Hokusai-kan, dans les Alpes japonaises.<\/p>\n<p class=\" wall-content\">Plus de <strong>160 \u0153uvres,<\/strong> dont une quarantaine de peintures sont expos\u00e9es jusqu\u2019au 7\u00a0septembre. Parmi elles, la c\u00e9l\u00e8bre estampe La Grande Vague.<\/p>\n<p class=\" wall-content\">Si les r\u00e9servations en ligne ne sont plus disponibles pour l\u2019exposition Hokusai, \u00ab\u2009des <strong>places pour une visite le jour m\u00eame<\/strong> sont en vente directement chaque jour \u00e0 l\u2019accueil de l\u2019exposition, dans la limite des places disponibles\u2009\u00bb, pr\u00e9vient le Mus\u00e9e d\u2019histoire de Nantes.<\/p>\n<p>Jusqu\u2019au 7\u00a0septembre, Hokusai (1760-1849), chefs-d\u2019\u0153uvre du mus\u00e9e Hokusai-kan d\u2019Obuse, au Ch\u00e2teau des ducs de Bretagne, Mus\u00e9e d\u2019histoire de Nantes. Billetterie sur place. Tarif plein\u2009: 9\u00a0euros (tarif r\u00e9duit\u2009: 5\u00a0euros\u2009; gratuit pour les moins de 18\u00a0ans).<\/p>\n<p>S\u2019initier \u00e0 la bachata<\/p>\n<p class=\" wall-content\">L\u2019association nantaise Bachastyle organise une <strong>soir\u00e9e bachata \u00ab\u2009et un peu de salsa et kizonba\u2009\u00bb<\/strong> en plein air sur l\u2019\u00eele de Nantes.<\/p>\n<p class=\" wall-content\">La soir\u00e9e est <strong>gratuite<\/strong> et ouverte \u00e0 tous, d\u00e9butants comme confirm\u00e9s. \u00ab\u2009Viens partager ta passion ou simplement profiter de la musique\u2009\u00bb, invitent les organisateurs.<\/p>\n<p>Vendredi 19\u00a0juillet, de 19h30 \u00e0 23h, rendez-vous \u00e0 c\u00f4t\u00e9 de l\u2019\u00c9l\u00e9phant, parvis des Nefs, Nantes. Gratuit.<\/p>\n<p class=\" wall-content\">Suivez toute l\u2019actualit\u00e9 de vos villes et m\u00e9dias favoris en vous inscrivant \u00e0 <a href=\"https:\/\/moncompte.actu.fr\" title=\"D\u00e9couvez Mon Actu\" rel=\"nofollow noopener\" data-trk=\"{&quot;cta&quot;:{&quot;action&quot;:&quot;https:\\\/\\\/moncompte.actu.fr&quot;,&quot;category&quot;:&quot;mon compte&quot;,&quot;from&quot;:&quot;article footer&quot;,&quot;name&quot;:&quot;Mon actu&quot;,&quot;type&quot;:&quot;cta&quot;}}\" target=\"_blank\">Mon Actu<\/a>.<\/p>\n<ul class=\"ac-article-tag wall-content\">\n<li><a href=\"https:\/\/actu.fr\/tag\/chateau-des-ducs\" data-trk=\"{&quot;cta&quot;:{&quot;action&quot;:&quot;Ch\\u00e2teau des Ducs&quot;,&quot;category&quot;:&quot;tag&quot;,&quot;from&quot;:&quot;article footer&quot;,&quot;name&quot;:&quot;Ch\\u00e2teau des Ducs&quot;,&quot;type&quot;:&quot;cta&quot;}}\" rel=\"nofollow noopener\" target=\"_blank\">#Ch\u00e2teau des Ducs<\/a><\/li>\n<li><a href=\"https:\/\/actu.fr\/tag\/danse-bretonne\" data-trk=\"{&quot;cta&quot;:{&quot;action&quot;:&quot;Danse bretonne&quot;,&quot;category&quot;:&quot;tag&quot;,&quot;from&quot;:&quot;article footer&quot;,&quot;name&quot;:&quot;Danse bretonne&quot;,&quot;type&quot;:&quot;cta&quot;}}\" rel=\"nofollow noopener\" target=\"_blank\">#Danse bretonne<\/a><\/li>\n<\/ul>\n<p>                    <script async src=\"\/\/www.instagram.com\/embed.js\"><\/script><\/p>\n","protected":false},"excerpt":{"rendered":"Par Cl\u00e9mence Pays Publi\u00e9 le 18 juil. 2025 \u00e0 18h12 En vacances \u00e0 Nantes, ou toujours au travail\u2009?&hellip;\n","protected":false},"author":2,"featured_media":257174,"comment_status":"","ping_status":"","sticky":false,"template":"","format":"standard","meta":{"footnotes":""},"categories":[2818],"tags":[1111,11,39703,39704,1777,674,1011,27,1305,766,12,2636,25],"class_list":{"0":"post-257173","1":"post","2":"type-post","3":"status-publish","4":"format-standard","5":"has-post-thumbnail","7":"category-nantes","8":"tag-actu","9":"tag-actualites","10":"tag-chateau-des-ducs","11":"tag-danse-bretonne","12":"tag-eu","13":"tag-europe","14":"tag-fr","15":"tag-france","16":"tag-lifestyle","17":"tag-nantes","18":"tag-news","19":"tag-pays-de-la-loire","20":"tag-republique-francaise"},"share_on_mastodon":{"url":"https:\/\/pubeurope.com\/@fr\/114876049166340773","error":""},"_links":{"self":[{"href":"https:\/\/www.europesays.com\/fr\/wp-json\/wp\/v2\/posts\/257173","targetHints":{"allow":["GET"]}}],"collection":[{"href":"https:\/\/www.europesays.com\/fr\/wp-json\/wp\/v2\/posts"}],"about":[{"href":"https:\/\/www.europesays.com\/fr\/wp-json\/wp\/v2\/types\/post"}],"author":[{"embeddable":true,"href":"https:\/\/www.europesays.com\/fr\/wp-json\/wp\/v2\/users\/2"}],"replies":[{"embeddable":true,"href":"https:\/\/www.europesays.com\/fr\/wp-json\/wp\/v2\/comments?post=257173"}],"version-history":[{"count":0,"href":"https:\/\/www.europesays.com\/fr\/wp-json\/wp\/v2\/posts\/257173\/revisions"}],"wp:featuredmedia":[{"embeddable":true,"href":"https:\/\/www.europesays.com\/fr\/wp-json\/wp\/v2\/media\/257174"}],"wp:attachment":[{"href":"https:\/\/www.europesays.com\/fr\/wp-json\/wp\/v2\/media?parent=257173"}],"wp:term":[{"taxonomy":"category","embeddable":true,"href":"https:\/\/www.europesays.com\/fr\/wp-json\/wp\/v2\/categories?post=257173"},{"taxonomy":"post_tag","embeddable":true,"href":"https:\/\/www.europesays.com\/fr\/wp-json\/wp\/v2\/tags?post=257173"}],"curies":[{"name":"wp","href":"https:\/\/api.w.org\/{rel}","templated":true}]}}